{"id":10929,"date":"2022-05-13T10:11:54","date_gmt":"2022-05-13T13:11:54","guid":{"rendered":"http:\/\/maragoginews.com.br\/portal\/?p=10929"},"modified":"2022-05-13T10:11:54","modified_gmt":"2022-05-13T13:11:54","slug":"stf-decide-hoje-como-sera-eleicao-indireta-em-alagoas","status":"publish","type":"post","link":"https:\/\/maragoginews.com.br\/portal\/noticias\/geral\/politica\/stf-decide-hoje-como-sera-eleicao-indireta-em-alagoas\/","title":{"rendered":"STF decide hoje como ser\u00e1 elei\u00e7\u00e3o indireta em Alagoas"},"content":{"rendered":"<p>O Supremo Tribunal Federal (STF) decide nesta sexta-feira (13) como fica a elei\u00e7\u00e3o indireta para governo-tamp\u00e3o em Alagoas. A pedido do relator da Argui\u00e7\u00e3o de Descumprimento de Preceito Fundamental (ADPF), ministro Gilmar Mendes, o presidente da Corte, ministro Luiz Fux, marcou a an\u00e1lise do caso para a sess\u00e3o virtual. Logo, os integrantes do Pleno t\u00eam at\u00e9 as 23h59 para apresentar o voto.<\/p>\n<p data-block-key=\"fd38b\">Eles podem, na pr\u00e1tica, acompanhar a manifesta\u00e7\u00e3o do relator, abrir diverg\u00eancia ou at\u00e9 pedir vistas. Se algum membro do STF decidir pela \u00faltima op\u00e7\u00e3o, a an\u00e1lise da a\u00e7\u00e3o \u00e9 suspensa at\u00e9 que o voto seja proferido em outra sess\u00e3o. Como consequ\u00eancia disso, o pleito n\u00e3o poderia ser realizado neste domingo (15), pela Assembleia Legislativa de Alagoas (ALE).<\/p>\n<p data-block-key=\"5lj17\" data-fetch=\"true\">O Pleno vai analisar a liminar deferida pelo ministro-relator, que determinou, entre outras coisas, que a candidatura seja em chapa \u00fanica (e n\u00e3o avulsa, como fixava o edital original) e que o voto pode ser aberto, de acordo com o que estava estabelecido na lei aprovada pela Assembleia Legislativa de Alagoas. Gilmar Mendes pediu que os ministros se manifestassem \u201ccom a maior brevidade poss\u00edvel\u201d.<\/p>\n<p data-block-key=\"5lj17\" data-fetch=\"true\">Minutos depois da solicita\u00e7\u00e3o do relator, o presidente da corte, Luiz Fux, atendeu ao pedido, marcando a sess\u00e3o extraordin\u00e1ria, e afirmou que o fez considerando a fundamentada excepcionalidade do caso e a expressa previs\u00e3o no regimento interno do STF. Nesta sexta-feira, os ministros podem concordar 100% com o voto de Gilmar Mendes, concordar parcialmente e fazer acr\u00e9scimos ou n\u00e3o concordar e derrubar a liminar.<\/p>\n<p data-block-key=\"bh7xv\"><b>PP CONFIA NA SUSPENS\u00c3O<\/b><\/p>\n<p data-block-key=\"4m1lr\" data-fetch=\"true\">Do lado do Partido Progressistas (PP), autor da ADPF, a expectativa maior \u00e9 para que os ministros aceitem o pedido de reconsidera\u00e7\u00e3o formulado e torne sem efeito o novo edital elaborado pela Mesa Diretora do Poder Legislativo, suspendendo a escolha para governador e vice-governador do Estado. O principal questionamento da regra \u00e9 quanto ao prazo, considerado curt\u00edssimo pelo corpo jur\u00eddico da legenda, desde a reabertura das inscri\u00e7\u00f5es das chapas dos candidatos at\u00e9 o dia da vota\u00e7\u00e3o.<\/p>\n<p data-block-key=\"fdj0u\">\u201cEsperamos que o Pleno confirme os ajustes j\u00e1 determinados pelo ministro-relator Gilmar Mendes, bem como amplie o comando decis\u00f3rio para dispor sobre a necessidade de maioria absoluta para confirmar o vitorioso na elei\u00e7\u00e3o, assim como estabele\u00e7a os limites para cumprimento do devido processo legal. Esperamos que os ministros concordem com o relator e fa\u00e7am acr\u00e9scimos, como ampliar o prazo das inscri\u00e7\u00f5es, levando em considera\u00e7\u00e3o que o tempo estabelecido \u00e9 \u00ednfimo para forma\u00e7\u00e3o de chapas\u201d, detalhou o advogado do PP, Yuri Pontes. O corpo jur\u00eddico do PP avalia que as regras propostas ferem o princ\u00edpio da ampla competitividade.<\/p>\n<p data-block-key=\"8r49m\" data-fetch=\"true\">Se o STF n\u00e3o reconsiderar a decis\u00e3o de suspender os efeitos do novo edital, o Progressistas pede que o plen\u00e1rio da Corte se posicione acerca de v\u00e1rios pontos contidos nas regras estabelecidas pelo Parlamento alagoano.<\/p>\n<p data-block-key=\"8r49m\" data-fetch=\"true\">Os advogados solicitam que os membros do Supremo interpretem os seguintes pontos, conforme a Constitui\u00e7\u00e3o: a: b.1 &#8211; Necessidade de Vota\u00e7\u00e3o Majorit\u00e1ria, com maioria absoluta, para a Elei\u00e7\u00e3o do Governador e Vice- Governador; b.2 &#8211; Necessidade de se respeitar o Devido Processo Legal, nisso inclu\u00eddo a ampla defesa e o contradit\u00f3rio em seu aspecto material, com a disposi\u00e7\u00e3o de prazos proporcionais e razo\u00e1veis para registro de candidatura, a apresenta\u00e7\u00e3o de impugna\u00e7\u00e3o, recursos e defesas nos termos da Lei; b.3 &#8211; Necessidade de realiza\u00e7\u00e3o de conven\u00e7\u00e3o e\/ou (apenas) indica\u00e7\u00e3o por parte do Partido Pol\u00edtico para a escolha e registro do Candidato a disputar o certame. c) caso a decis\u00e3o ora agravada n\u00e3o seja integralmente reconsiderada quanto ao item \u201cc\u201d, sustando-se a tramita\u00e7\u00e3o do processo eleitoral indireto ao menos at\u00e9 que o Plen\u00e1rio desta Casa, em julgamento que \u00e9 iminente, possa: i. se pronunciar sobre os in\u00fameros v\u00edcios de inconstitucionalidade denunciados na presente argui\u00e7\u00e3o, SOBRETUDO a quest\u00e3o da necessidade de maioria absoluta para o qu\u00f3rum que eleger\u00e1 o governador e o vice-governador por elei\u00e7\u00e3o indireta e o devido processo legal nos termos j\u00e1 levantados.<\/p>\n<p data-block-key=\"46soa\">No agravo, \u00e9 pedido para que o prazo para o registro das candidaturas seja de 21 dias, o mesmo do edital publicado no dia 8 de abril de 2022. PGE pede manuten\u00e7\u00e3o da elei\u00e7\u00e3o<\/p>\n<p data-block-key=\"1dad5\">Nas contrarraz\u00f5es ao agravo regimental do Progressistas, apresentadas ao Supremo, o subprocurador-geral do Estado, Evandro Pires de Lemos J\u00fanior, pediu a rejei\u00e7\u00e3o do pedido de reconsidera\u00e7\u00e3o, garantindo, assim, a realiza\u00e7\u00e3o da elei\u00e7\u00e3o para o domingo. Para ele, o recurso do Partido Progressistas objetiva, \u00fanica e exclusivamente, adiar o pleito.<\/p>\n<p data-block-key=\"36dbi\" data-fetch=\"true\">\u201cConv\u00e9m assinalar as profundas consequ\u00eancias decorrentes do presente processo, que j\u00e1 ingressar\u00e1 nos anais da hist\u00f3ria nacional, em virtude da singular e excepcional situa\u00e7\u00e3o em que se encontra o Estado de Alagoas, qual seja a exist\u00eancia de um ente federativo que \u00e9 administrado por um agente por tempo al\u00e9m do previsto constitucionalmente\u201d, destacou o subprocurador, em refer\u00eancia \u00e0 incerteza quanto \u00e0 manuten\u00e7\u00e3o do presidente do Tribunal de Justi\u00e7a (TJ) de Alagoas, Klever Loureiro, no exerc\u00edcio do cargo de governador do Estado al\u00e9m dos 30 dias previstos em lei.<\/p>\n<div id=\"P_GAZETA_WEB_INTEXT_04_0\" data-premium=\"\" data-adunit=\"GAZETA_WEB_INTEXT_04\" data-sizes-mobile=\"[[2,2]]\" data-sizes-desktop=\"[[336,280],[300,250],[2,2]]\" data-type=\"intext\" data-fetch=\"true\" data-google-query-id=\"CJunvLzG3PcCFZwVuQYd0PgA5Q\">Gazeta Web<\/div>\n","protected":false},"excerpt":{"rendered":"<p>Pleno votar\u00e1 parecer do ministro Gilmar Mendes, que determinou a forma\u00e7\u00e3o de chapas, voto aberto e necessidade de filia\u00e7\u00e3o partid\u00e1ria<\/p>\n","protected":false},"author":3,"featured_media":10930,"comment_status":"open","ping_status":"open","sticky":false,"template":"","format":"standard","meta":{"footnotes":""},"categories":[31],"tags":[],"class_list":["post-10929","post","type-post","status-publish","format-standard","has-post-thumbnail","hentry","category-politica","posicao_chamadas-destaque-pequeno"],"yoast_head":"<!-- This site is optimized with the Yoast SEO plugin v26.6 - https:\/\/yoast.com\/wordpress\/plugins\/seo\/ -->\n<title>STF decide hoje como ser\u00e1 elei\u00e7\u00e3o indireta em Alagoas - Maragogi News<\/title>\n<meta name=\"robots\" content=\"index, follow, max-snippet:-1, max-image-preview:large, max-video-preview:-1\" \/>\n<link rel=\"canonical\" href=\"https:\/\/maragoginews.com.br\/portal\/noticias\/geral\/politica\/stf-decide-hoje-como-sera-eleicao-indireta-em-alagoas\/\" \/>\n<meta property=\"og:locale\" content=\"pt_BR\" \/>\n<meta property=\"og:type\" content=\"article\" \/>\n<meta property=\"og:title\" content=\"STF decide hoje como ser\u00e1 elei\u00e7\u00e3o indireta em Alagoas - Maragogi News\" \/>\n<meta property=\"og:description\" content=\"Pleno votar\u00e1 parecer do ministro Gilmar Mendes, que determinou a forma\u00e7\u00e3o de chapas, voto aberto e necessidade de filia\u00e7\u00e3o partid\u00e1ria\" \/>\n<meta property=\"og:url\" content=\"https:\/\/maragoginews.com.br\/portal\/noticias\/geral\/politica\/stf-decide-hoje-como-sera-eleicao-indireta-em-alagoas\/\" \/>\n<meta property=\"og:site_name\" content=\"Maragogi News\" \/>\n<meta property=\"article:published_time\" content=\"2022-05-13T13:11:54+00:00\" \/>\n<meta property=\"og:image\" content=\"https:\/\/maragoginews.com.br\/portal\/wp-content\/uploads\/2022\/05\/201811270738_02437d9d01.2e16d0ba.fill-1120x700_FD8LidH.jpg\" \/>\n\t<meta property=\"og:image:width\" content=\"300\" \/>\n\t<meta property=\"og:image:height\" content=\"189\" \/>\n\t<meta property=\"og:image:type\" content=\"image\/jpeg\" \/>\n<meta name=\"author\" content=\"Reda\u00e7\u00e3o\" \/>\n<meta name=\"twitter:card\" content=\"summary_large_image\" \/>\n<meta name=\"twitter:label1\" content=\"Escrito por\" \/>\n\t<meta name=\"twitter:data1\" content=\"Reda\u00e7\u00e3o\" \/>\n\t<meta name=\"twitter:label2\" content=\"Est. tempo de leitura\" \/>\n\t<meta name=\"twitter:data2\" content=\"5 minutos\" \/>\n<script type=\"application\/ld+json\" class=\"yoast-schema-graph\">{\"@context\":\"https:\/\/schema.org\",\"@graph\":[{\"@type\":\"Article\",\"@id\":\"https:\/\/maragoginews.com.br\/portal\/noticias\/geral\/politica\/stf-decide-hoje-como-sera-eleicao-indireta-em-alagoas\/#article\",\"isPartOf\":{\"@id\":\"https:\/\/maragoginews.com.br\/portal\/noticias\/geral\/politica\/stf-decide-hoje-como-sera-eleicao-indireta-em-alagoas\/\"},\"author\":{\"name\":\"Reda\u00e7\u00e3o\",\"@id\":\"https:\/\/maragoginews.com.br\/portal\/#\/schema\/person\/a445323773becef66921958b9c97b6e1\"},\"headline\":\"STF decide hoje como ser\u00e1 elei\u00e7\u00e3o indireta em Alagoas\",\"datePublished\":\"2022-05-13T13:11:54+00:00\",\"mainEntityOfPage\":{\"@id\":\"https:\/\/maragoginews.com.br\/portal\/noticias\/geral\/politica\/stf-decide-hoje-como-sera-eleicao-indireta-em-alagoas\/\"},\"wordCount\":895,\"commentCount\":0,\"publisher\":{\"@id\":\"https:\/\/maragoginews.com.br\/portal\/#organization\"},\"image\":{\"@id\":\"https:\/\/maragoginews.com.br\/portal\/noticias\/geral\/politica\/stf-decide-hoje-como-sera-eleicao-indireta-em-alagoas\/#primaryimage\"},\"thumbnailUrl\":\"https:\/\/maragoginews.com.br\/portal\/wp-content\/uploads\/2022\/05\/201811270738_02437d9d01.2e16d0ba.fill-1120x700_FD8LidH.jpg\",\"articleSection\":[\"Pol\u00edtica\"],\"inLanguage\":\"pt-BR\",\"potentialAction\":[{\"@type\":\"CommentAction\",\"name\":\"Comment\",\"target\":[\"https:\/\/maragoginews.com.br\/portal\/noticias\/geral\/politica\/stf-decide-hoje-como-sera-eleicao-indireta-em-alagoas\/#respond\"]}]},{\"@type\":\"WebPage\",\"@id\":\"https:\/\/maragoginews.com.br\/portal\/noticias\/geral\/politica\/stf-decide-hoje-como-sera-eleicao-indireta-em-alagoas\/\",\"url\":\"https:\/\/maragoginews.com.br\/portal\/noticias\/geral\/politica\/stf-decide-hoje-como-sera-eleicao-indireta-em-alagoas\/\",\"name\":\"STF decide hoje como ser\u00e1 elei\u00e7\u00e3o indireta em Alagoas - Maragogi News\",\"isPartOf\":{\"@id\":\"https:\/\/maragoginews.com.br\/portal\/#website\"},\"primaryImageOfPage\":{\"@id\":\"https:\/\/maragoginews.com.br\/portal\/noticias\/geral\/politica\/stf-decide-hoje-como-sera-eleicao-indireta-em-alagoas\/#primaryimage\"},\"image\":{\"@id\":\"https:\/\/maragoginews.com.br\/portal\/noticias\/geral\/politica\/stf-decide-hoje-como-sera-eleicao-indireta-em-alagoas\/#primaryimage\"},\"thumbnailUrl\":\"https:\/\/maragoginews.com.br\/portal\/wp-content\/uploads\/2022\/05\/201811270738_02437d9d01.2e16d0ba.fill-1120x700_FD8LidH.jpg\",\"datePublished\":\"2022-05-13T13:11:54+00:00\",\"breadcrumb\":{\"@id\":\"https:\/\/maragoginews.com.br\/portal\/noticias\/geral\/politica\/stf-decide-hoje-como-sera-eleicao-indireta-em-alagoas\/#breadcrumb\"},\"inLanguage\":\"pt-BR\",\"potentialAction\":[{\"@type\":\"ReadAction\",\"target\":[\"https:\/\/maragoginews.com.br\/portal\/noticias\/geral\/politica\/stf-decide-hoje-como-sera-eleicao-indireta-em-alagoas\/\"]}]},{\"@type\":\"ImageObject\",\"inLanguage\":\"pt-BR\",\"@id\":\"https:\/\/maragoginews.com.br\/portal\/noticias\/geral\/politica\/stf-decide-hoje-como-sera-eleicao-indireta-em-alagoas\/#primaryimage\",\"url\":\"https:\/\/maragoginews.com.br\/portal\/wp-content\/uploads\/2022\/05\/201811270738_02437d9d01.2e16d0ba.fill-1120x700_FD8LidH.jpg\",\"contentUrl\":\"https:\/\/maragoginews.com.br\/portal\/wp-content\/uploads\/2022\/05\/201811270738_02437d9d01.2e16d0ba.fill-1120x700_FD8LidH.jpg\",\"width\":300,\"height\":189},{\"@type\":\"BreadcrumbList\",\"@id\":\"https:\/\/maragoginews.com.br\/portal\/noticias\/geral\/politica\/stf-decide-hoje-como-sera-eleicao-indireta-em-alagoas\/#breadcrumb\",\"itemListElement\":[{\"@type\":\"ListItem\",\"position\":1,\"name\":\"In\u00edcio\",\"item\":\"https:\/\/maragoginews.com.br\/portal\/\"},{\"@type\":\"ListItem\",\"position\":2,\"name\":\"STF decide hoje como ser\u00e1 elei\u00e7\u00e3o indireta em Alagoas\"}]},{\"@type\":\"WebSite\",\"@id\":\"https:\/\/maragoginews.com.br\/portal\/#website\",\"url\":\"https:\/\/maragoginews.com.br\/portal\/\",\"name\":\"Maragogi News\",\"description\":\"Portal de Not\u00edcias\",\"publisher\":{\"@id\":\"https:\/\/maragoginews.com.br\/portal\/#organization\"},\"potentialAction\":[{\"@type\":\"SearchAction\",\"target\":{\"@type\":\"EntryPoint\",\"urlTemplate\":\"https:\/\/maragoginews.com.br\/portal\/?s={search_term_string}\"},\"query-input\":{\"@type\":\"PropertyValueSpecification\",\"valueRequired\":true,\"valueName\":\"search_term_string\"}}],\"inLanguage\":\"pt-BR\"},{\"@type\":\"Organization\",\"@id\":\"https:\/\/maragoginews.com.br\/portal\/#organization\",\"name\":\"Maragogi News\",\"url\":\"https:\/\/maragoginews.com.br\/portal\/\",\"logo\":{\"@type\":\"ImageObject\",\"inLanguage\":\"pt-BR\",\"@id\":\"https:\/\/maragoginews.com.br\/portal\/#\/schema\/logo\/image\/\",\"url\":\"https:\/\/maragoginews.com.br\/portal\/wp-content\/uploads\/2020\/10\/mn.png\",\"contentUrl\":\"https:\/\/maragoginews.com.br\/portal\/wp-content\/uploads\/2020\/10\/mn.png\",\"width\":305,\"height\":50,\"caption\":\"Maragogi News\"},\"image\":{\"@id\":\"https:\/\/maragoginews.com.br\/portal\/#\/schema\/logo\/image\/\"}},{\"@type\":\"Person\",\"@id\":\"https:\/\/maragoginews.com.br\/portal\/#\/schema\/person\/a445323773becef66921958b9c97b6e1\",\"name\":\"Reda\u00e7\u00e3o\",\"image\":{\"@type\":\"ImageObject\",\"inLanguage\":\"pt-BR\",\"@id\":\"https:\/\/maragoginews.com.br\/portal\/#\/schema\/person\/image\/\",\"url\":\"https:\/\/maragoginews.com.br\/portal\/wp-content\/uploads\/2020\/12\/redacao.jpg\",\"contentUrl\":\"https:\/\/maragoginews.com.br\/portal\/wp-content\/uploads\/2020\/12\/redacao.jpg\",\"caption\":\"Reda\u00e7\u00e3o\"},\"sameAs\":[\"http:\/\/maragoginews.com.br\/\"],\"url\":\"https:\/\/maragoginews.com.br\/portal\/author\/redacao\/\"}]}<\/script>\n<!-- \/ Yoast SEO plugin. -->","yoast_head_json":{"title":"STF decide hoje como ser\u00e1 elei\u00e7\u00e3o indireta em Alagoas - Maragogi News","robots":{"index":"index","follow":"follow","max-snippet":"max-snippet:-1","max-image-preview":"max-image-preview:large","max-video-preview":"max-video-preview:-1"},"canonical":"https:\/\/maragoginews.com.br\/portal\/noticias\/geral\/politica\/stf-decide-hoje-como-sera-eleicao-indireta-em-alagoas\/","og_locale":"pt_BR","og_type":"article","og_title":"STF decide hoje como ser\u00e1 elei\u00e7\u00e3o indireta em Alagoas - Maragogi News","og_description":"Pleno votar\u00e1 parecer do ministro Gilmar Mendes, que determinou a forma\u00e7\u00e3o de chapas, voto aberto e necessidade de filia\u00e7\u00e3o partid\u00e1ria","og_url":"https:\/\/maragoginews.com.br\/portal\/noticias\/geral\/politica\/stf-decide-hoje-como-sera-eleicao-indireta-em-alagoas\/","og_site_name":"Maragogi News","article_published_time":"2022-05-13T13:11:54+00:00","og_image":[{"width":300,"height":189,"url":"https:\/\/maragoginews.com.br\/portal\/wp-content\/uploads\/2022\/05\/201811270738_02437d9d01.2e16d0ba.fill-1120x700_FD8LidH.jpg","type":"image\/jpeg"}],"author":"Reda\u00e7\u00e3o","twitter_card":"summary_large_image","twitter_misc":{"Escrito por":"Reda\u00e7\u00e3o","Est. tempo de leitura":"5 minutos"},"schema":{"@context":"https:\/\/schema.org","@graph":[{"@type":"Article","@id":"https:\/\/maragoginews.com.br\/portal\/noticias\/geral\/politica\/stf-decide-hoje-como-sera-eleicao-indireta-em-alagoas\/#article","isPartOf":{"@id":"https:\/\/maragoginews.com.br\/portal\/noticias\/geral\/politica\/stf-decide-hoje-como-sera-eleicao-indireta-em-alagoas\/"},"author":{"name":"Reda\u00e7\u00e3o","@id":"https:\/\/maragoginews.com.br\/portal\/#\/schema\/person\/a445323773becef66921958b9c97b6e1"},"headline":"STF decide hoje como ser\u00e1 elei\u00e7\u00e3o indireta em Alagoas","datePublished":"2022-05-13T13:11:54+00:00","mainEntityOfPage":{"@id":"https:\/\/maragoginews.com.br\/portal\/noticias\/geral\/politica\/stf-decide-hoje-como-sera-eleicao-indireta-em-alagoas\/"},"wordCount":895,"commentCount":0,"publisher":{"@id":"https:\/\/maragoginews.com.br\/portal\/#organization"},"image":{"@id":"https:\/\/maragoginews.com.br\/portal\/noticias\/geral\/politica\/stf-decide-hoje-como-sera-eleicao-indireta-em-alagoas\/#primaryimage"},"thumbnailUrl":"https:\/\/maragoginews.com.br\/portal\/wp-content\/uploads\/2022\/05\/201811270738_02437d9d01.2e16d0ba.fill-1120x700_FD8LidH.jpg","articleSection":["Pol\u00edtica"],"inLanguage":"pt-BR","potentialAction":[{"@type":"CommentAction","name":"Comment","target":["https:\/\/maragoginews.com.br\/portal\/noticias\/geral\/politica\/stf-decide-hoje-como-sera-eleicao-indireta-em-alagoas\/#respond"]}]},{"@type":"WebPage","@id":"https:\/\/maragoginews.com.br\/portal\/noticias\/geral\/politica\/stf-decide-hoje-como-sera-eleicao-indireta-em-alagoas\/","url":"https:\/\/maragoginews.com.br\/portal\/noticias\/geral\/politica\/stf-decide-hoje-como-sera-eleicao-indireta-em-alagoas\/","name":"STF decide hoje como ser\u00e1 elei\u00e7\u00e3o indireta em Alagoas - Maragogi News","isPartOf":{"@id":"https:\/\/maragoginews.com.br\/portal\/#website"},"primaryImageOfPage":{"@id":"https:\/\/maragoginews.com.br\/portal\/noticias\/geral\/politica\/stf-decide-hoje-como-sera-eleicao-indireta-em-alagoas\/#primaryimage"},"image":{"@id":"https:\/\/maragoginews.com.br\/portal\/noticias\/geral\/politica\/stf-decide-hoje-como-sera-eleicao-indireta-em-alagoas\/#primaryimage"},"thumbnailUrl":"https:\/\/maragoginews.com.br\/portal\/wp-content\/uploads\/2022\/05\/201811270738_02437d9d01.2e16d0ba.fill-1120x700_FD8LidH.jpg","datePublished":"2022-05-13T13:11:54+00:00","breadcrumb":{"@id":"https:\/\/maragoginews.com.br\/portal\/noticias\/geral\/politica\/stf-decide-hoje-como-sera-eleicao-indireta-em-alagoas\/#breadcrumb"},"inLanguage":"pt-BR","potentialAction":[{"@type":"ReadAction","target":["https:\/\/maragoginews.com.br\/portal\/noticias\/geral\/politica\/stf-decide-hoje-como-sera-eleicao-indireta-em-alagoas\/"]}]},{"@type":"ImageObject","inLanguage":"pt-BR","@id":"https:\/\/maragoginews.com.br\/portal\/noticias\/geral\/politica\/stf-decide-hoje-como-sera-eleicao-indireta-em-alagoas\/#primaryimage","url":"https:\/\/maragoginews.com.br\/portal\/wp-content\/uploads\/2022\/05\/201811270738_02437d9d01.2e16d0ba.fill-1120x700_FD8LidH.jpg","contentUrl":"https:\/\/maragoginews.com.br\/portal\/wp-content\/uploads\/2022\/05\/201811270738_02437d9d01.2e16d0ba.fill-1120x700_FD8LidH.jpg","width":300,"height":189},{"@type":"BreadcrumbList","@id":"https:\/\/maragoginews.com.br\/portal\/noticias\/geral\/politica\/stf-decide-hoje-como-sera-eleicao-indireta-em-alagoas\/#breadcrumb","itemListElement":[{"@type":"ListItem","position":1,"name":"In\u00edcio","item":"https:\/\/maragoginews.com.br\/portal\/"},{"@type":"ListItem","position":2,"name":"STF decide hoje como ser\u00e1 elei\u00e7\u00e3o indireta em Alagoas"}]},{"@type":"WebSite","@id":"https:\/\/maragoginews.com.br\/portal\/#website","url":"https:\/\/maragoginews.com.br\/portal\/","name":"Maragogi News","description":"Portal de Not\u00edcias","publisher":{"@id":"https:\/\/maragoginews.com.br\/portal\/#organization"},"potentialAction":[{"@type":"SearchAction","target":{"@type":"EntryPoint","urlTemplate":"https:\/\/maragoginews.com.br\/portal\/?s={search_term_string}"},"query-input":{"@type":"PropertyValueSpecification","valueRequired":true,"valueName":"search_term_string"}}],"inLanguage":"pt-BR"},{"@type":"Organization","@id":"https:\/\/maragoginews.com.br\/portal\/#organization","name":"Maragogi News","url":"https:\/\/maragoginews.com.br\/portal\/","logo":{"@type":"ImageObject","inLanguage":"pt-BR","@id":"https:\/\/maragoginews.com.br\/portal\/#\/schema\/logo\/image\/","url":"https:\/\/maragoginews.com.br\/portal\/wp-content\/uploads\/2020\/10\/mn.png","contentUrl":"https:\/\/maragoginews.com.br\/portal\/wp-content\/uploads\/2020\/10\/mn.png","width":305,"height":50,"caption":"Maragogi News"},"image":{"@id":"https:\/\/maragoginews.com.br\/portal\/#\/schema\/logo\/image\/"}},{"@type":"Person","@id":"https:\/\/maragoginews.com.br\/portal\/#\/schema\/person\/a445323773becef66921958b9c97b6e1","name":"Reda\u00e7\u00e3o","image":{"@type":"ImageObject","inLanguage":"pt-BR","@id":"https:\/\/maragoginews.com.br\/portal\/#\/schema\/person\/image\/","url":"https:\/\/maragoginews.com.br\/portal\/wp-content\/uploads\/2020\/12\/redacao.jpg","contentUrl":"https:\/\/maragoginews.com.br\/portal\/wp-content\/uploads\/2020\/12\/redacao.jpg","caption":"Reda\u00e7\u00e3o"},"sameAs":["http:\/\/maragoginews.com.br\/"],"url":"https:\/\/maragoginews.com.br\/portal\/author\/redacao\/"}]}},"_links":{"self":[{"href":"https:\/\/maragoginews.com.br\/portal\/wp-json\/wp\/v2\/posts\/10929","targetHints":{"allow":["GET"]}}],"collection":[{"href":"https:\/\/maragoginews.com.br\/portal\/wp-json\/wp\/v2\/posts"}],"about":[{"href":"https:\/\/maragoginews.com.br\/portal\/wp-json\/wp\/v2\/types\/post"}],"author":[{"embeddable":true,"href":"https:\/\/maragoginews.com.br\/portal\/wp-json\/wp\/v2\/users\/3"}],"replies":[{"embeddable":true,"href":"https:\/\/maragoginews.com.br\/portal\/wp-json\/wp\/v2\/comments?post=10929"}],"version-history":[{"count":1,"href":"https:\/\/maragoginews.com.br\/portal\/wp-json\/wp\/v2\/posts\/10929\/revisions"}],"predecessor-version":[{"id":10931,"href":"https:\/\/maragoginews.com.br\/portal\/wp-json\/wp\/v2\/posts\/10929\/revisions\/10931"}],"wp:featuredmedia":[{"embeddable":true,"href":"https:\/\/maragoginews.com.br\/portal\/wp-json\/wp\/v2\/media\/10930"}],"wp:attachment":[{"href":"https:\/\/maragoginews.com.br\/portal\/wp-json\/wp\/v2\/media?parent=10929"}],"wp:term":[{"taxonomy":"category","embeddable":true,"href":"https:\/\/maragoginews.com.br\/portal\/wp-json\/wp\/v2\/categories?post=10929"},{"taxonomy":"post_tag","embeddable":true,"href":"https:\/\/maragoginews.com.br\/portal\/wp-json\/wp\/v2\/tags?post=10929"}],"curies":[{"name":"wp","href":"https:\/\/api.w.org\/{rel}","templated":true}]}}