{"id":16245,"date":"2023-10-26T09:40:27","date_gmt":"2023-10-26T12:40:27","guid":{"rendered":"https:\/\/maragoginews.com.br\/portal\/?p=16245"},"modified":"2023-10-26T09:40:27","modified_gmt":"2023-10-26T12:40:27","slug":"icmbio-abre-concurso-publico-com-98-vagas-para-analista-ambiental","status":"publish","type":"post","link":"https:\/\/maragoginews.com.br\/portal\/noticias\/geral\/icmbio-abre-concurso-publico-com-98-vagas-para-analista-ambiental\/","title":{"rendered":"ICMBio abre concurso p\u00fablico com 98 vagas para analista ambiental"},"content":{"rendered":"<p>O Instituto Chico Mendes de Conserva\u00e7\u00e3o da Biodiversidade (ICMBio) lan\u00e7ou nesta quarta-feira (25) o\u00a0<a href=\"https:\/\/www.in.gov.br\/en\/web\/dou\/-\/edital-n-1-mma-de-24-de-outubro-de-2023-518637126\" target=\"_blank\" rel=\"noopener\">edital<\/a>\u00a0para a realiza\u00e7\u00e3o do concurso p\u00fablico com o objetivo de contratar 98 analistas ambientais e formar um cadastro reserva. O processo seletivo ser\u00e1 realizado pelo Centro Brasileiro de Pesquisa em Avalia\u00e7\u00e3o e Sele\u00e7\u00e3o e de Promo\u00e7\u00e3o de Eventos (Cebraspe), com in\u00edcio das inscri\u00e7\u00f5es no dia 3 de novembro.<img decoding=\"async\" data-src=\"https:\/\/agenciabrasil.ebc.com.br\/ebc.png?id=1562729&amp;o=node\" src=\"data:image\/svg+xml;base64,PHN2ZyB3aWR0aD0iMSIgaGVpZ2h0PSIxIiB4bWxucz0iaHR0cDovL3d3dy53My5vcmcvMjAwMC9zdmciPjwvc3ZnPg==\" class=\"lazyload\" \/><img decoding=\"async\" data-src=\"https:\/\/agenciabrasil.ebc.com.br\/ebc.gif?id=1562729&amp;o=node\" src=\"data:image\/svg+xml;base64,PHN2ZyB3aWR0aD0iMSIgaGVpZ2h0PSIxIiB4bWxucz0iaHR0cDovL3d3dy53My5vcmcvMjAwMC9zdmciPjwvc3ZnPg==\" class=\"lazyload\" \/><\/p>\n<p>De acordo com o documento, do total de vagas, 73 ser\u00e3o de ampla concorr\u00eancia, 20 ser\u00e3o reservadas a candidatos negros e cinco a\u00a0pessoas com defici\u00eancia. Os candidatos devem ter gradua\u00e7\u00e3o em n\u00edvel superior de qualquer \u00e1rea do conhecimento, com diploma registrado e reconhecido pelo Minist\u00e9rio da Educa\u00e7\u00e3o (MEC).<\/p>\n<p>A remunera\u00e7\u00e3o inicial prevista para o cargo, de 40 horas de trabalho semanal, \u00e9 de R$ 9.475,72 e ainda pode ser maior caso o candidato aprovado tenha especializa\u00e7\u00e3o, mestrado\u00a0ou doutorado. Entre as atividades que dever\u00e3o ser desempenhadas pelos profissionais est\u00e3o regula\u00e7\u00e3o, controle, fiscaliza\u00e7\u00e3o, licenciamento e auditoria ambiental; monitoramento ambiental; gest\u00e3o, prote\u00e7\u00e3o e controle da qualidade ambiental; ordenamento dos recursos florestais e pesqueiros; conserva\u00e7\u00e3o dos ecossistemas e das esp\u00e9cies neles inseridas; e est\u00edmulo e difus\u00e3o de tecnologias, informa\u00e7\u00e3o e educa\u00e7\u00e3o ambientais.<\/p>\n<p>Al\u00e9m de serem aprovados nas provas objetivas e discursivas do processo seletivo, os candidatos dever\u00e3o ter nacionalidade brasileira\u00a0ou portuguesa; ser maior de 18 anos e estar quite com as obriga\u00e7\u00f5es eleitorais, militares e em gozo dos direitos pol\u00edticos. Para concorrer \u00e0s vagas reservadas, os candidatos com defici\u00eancia passar\u00e3o ainda por avalia\u00e7\u00e3o biopsicossocial e os candidatos negros ser\u00e3o submetidos ao procedimento de heteroidentifica\u00e7\u00e3o, complementar \u00e0 autodeclara\u00e7\u00e3o.<\/p>\n<p>A taxa de inscri\u00e7\u00e3o no concurso p\u00fablico \u00e9 de R$ 110 e poder\u00e1 ser paga ap\u00f3s a inscri\u00e7\u00e3o no\u00a0<em>site<\/em>\u00a0do\u00a0<a href=\"http:\/\/www.cebraspe.org.br\/concursos\/mma_23\" target=\"_blank\" rel=\"noopener\">Cebraspe<\/a>, no per\u00edodo entre as 10h do dia 3 de novembro e as 18h do dia 22 de novembro (hor\u00e1rio de Bras\u00edlia). Durante esse per\u00edodo tamb\u00e9m poder\u00e1 ser solicitada a isen\u00e7\u00e3o da taxa de inscri\u00e7\u00e3o.<\/p>\n<p>As provas ser\u00e3o aplicadas no dia 21 de janeiro de 2024 e avaliar\u00e3o conhecimentos relacionados \u00e0\u00a0l\u00edngua portuguesa; l\u00edngua inglesa; no\u00e7\u00f5es de gest\u00e3o p\u00fablica; no\u00e7\u00f5es de direito administrativo; no\u00e7\u00f5es de direito constitucional; legisla\u00e7\u00e3o e normas ambientais; integridade p\u00fablica; atualidades; biodiversidade, florestas e direitos animais; mudan\u00e7a do clima; qualidade ambiental e bioeconomia; gest\u00e3o ambiental.<\/p>\n<p>Al\u00e9m das vagas disponibilizadas, o concurso vai organizar um cadastro reserva com os candidatos aprovados no processo seletivo e classificados, com 147 candidatos das vagas de ampla concorr\u00eancia, dez candidatos das vagas destinadas \u00e0s pessoas com defici\u00eancia e 39 candidatos das vagas destinadas \u00e0s pessoas negras.<\/p>\n<p>Ag\u00eancia Brasil<\/p>\n","protected":false},"excerpt":{"rendered":"<p>Inscri\u00e7\u00f5es come\u00e7am no dia 3 de novembro<\/p>\n","protected":false},"author":3,"featured_media":16246,"comment_status":"open","ping_status":"open","sticky":false,"template":"","format":"standard","meta":{"footnotes":""},"categories":[21],"tags":[],"class_list":["post-16245","post","type-post","status-publish","format-standard","has-post-thumbnail","hentry","category-geral","posicao_chamadas-destaque-pequeno"],"yoast_head":"<!-- This site is optimized with the Yoast SEO plugin v26.6 - https:\/\/yoast.com\/wordpress\/plugins\/seo\/ -->\n<title>ICMBio abre concurso p\u00fablico com 98 vagas para analista ambiental - Maragogi News<\/title>\n<meta name=\"robots\" content=\"index, follow, max-snippet:-1, max-image-preview:large, max-video-preview:-1\" \/>\n<link rel=\"canonical\" href=\"https:\/\/maragoginews.com.br\/portal\/noticias\/geral\/icmbio-abre-concurso-publico-com-98-vagas-para-analista-ambiental\/\" \/>\n<meta property=\"og:locale\" content=\"pt_BR\" \/>\n<meta property=\"og:type\" content=\"article\" \/>\n<meta property=\"og:title\" content=\"ICMBio abre concurso p\u00fablico com 98 vagas para analista ambiental - Maragogi News\" \/>\n<meta property=\"og:description\" content=\"Inscri\u00e7\u00f5es come\u00e7am no dia 3 de novembro\" \/>\n<meta property=\"og:url\" content=\"https:\/\/maragoginews.com.br\/portal\/noticias\/geral\/icmbio-abre-concurso-publico-com-98-vagas-para-analista-ambiental\/\" \/>\n<meta property=\"og:site_name\" content=\"Maragogi News\" \/>\n<meta property=\"article:published_time\" content=\"2023-10-26T12:40:27+00:00\" \/>\n<meta property=\"og:image\" content=\"https:\/\/maragoginews.com.br\/portal\/wp-content\/uploads\/2023\/10\/foto_4_copy.jpg\" \/>\n\t<meta property=\"og:image:width\" content=\"970\" \/>\n\t<meta property=\"og:image:height\" content=\"580\" \/>\n\t<meta property=\"og:image:type\" content=\"image\/jpeg\" \/>\n<meta name=\"author\" content=\"Reda\u00e7\u00e3o\" \/>\n<meta name=\"twitter:card\" content=\"summary_large_image\" \/>\n<meta name=\"twitter:label1\" content=\"Escrito por\" \/>\n\t<meta name=\"twitter:data1\" content=\"Reda\u00e7\u00e3o\" \/>\n\t<meta name=\"twitter:label2\" content=\"Est. tempo de leitura\" \/>\n\t<meta name=\"twitter:data2\" content=\"2 minutos\" \/>\n<script type=\"application\/ld+json\" class=\"yoast-schema-graph\">{\"@context\":\"https:\/\/schema.org\",\"@graph\":[{\"@type\":\"Article\",\"@id\":\"https:\/\/maragoginews.com.br\/portal\/noticias\/geral\/icmbio-abre-concurso-publico-com-98-vagas-para-analista-ambiental\/#article\",\"isPartOf\":{\"@id\":\"https:\/\/maragoginews.com.br\/portal\/noticias\/geral\/icmbio-abre-concurso-publico-com-98-vagas-para-analista-ambiental\/\"},\"author\":{\"name\":\"Reda\u00e7\u00e3o\",\"@id\":\"https:\/\/maragoginews.com.br\/portal\/#\/schema\/person\/a445323773becef66921958b9c97b6e1\"},\"headline\":\"ICMBio abre concurso p\u00fablico com 98 vagas para analista ambiental\",\"datePublished\":\"2023-10-26T12:40:27+00:00\",\"mainEntityOfPage\":{\"@id\":\"https:\/\/maragoginews.com.br\/portal\/noticias\/geral\/icmbio-abre-concurso-publico-com-98-vagas-para-analista-ambiental\/\"},\"wordCount\":476,\"commentCount\":0,\"publisher\":{\"@id\":\"https:\/\/maragoginews.com.br\/portal\/#organization\"},\"image\":{\"@id\":\"https:\/\/maragoginews.com.br\/portal\/noticias\/geral\/icmbio-abre-concurso-publico-com-98-vagas-para-analista-ambiental\/#primaryimage\"},\"thumbnailUrl\":\"https:\/\/maragoginews.com.br\/portal\/wp-content\/uploads\/2023\/10\/foto_4_copy.jpg\",\"articleSection\":[\"Geral\"],\"inLanguage\":\"pt-BR\",\"potentialAction\":[{\"@type\":\"CommentAction\",\"name\":\"Comment\",\"target\":[\"https:\/\/maragoginews.com.br\/portal\/noticias\/geral\/icmbio-abre-concurso-publico-com-98-vagas-para-analista-ambiental\/#respond\"]}]},{\"@type\":\"WebPage\",\"@id\":\"https:\/\/maragoginews.com.br\/portal\/noticias\/geral\/icmbio-abre-concurso-publico-com-98-vagas-para-analista-ambiental\/\",\"url\":\"https:\/\/maragoginews.com.br\/portal\/noticias\/geral\/icmbio-abre-concurso-publico-com-98-vagas-para-analista-ambiental\/\",\"name\":\"ICMBio abre concurso p\u00fablico com 98 vagas para analista ambiental - Maragogi News\",\"isPartOf\":{\"@id\":\"https:\/\/maragoginews.com.br\/portal\/#website\"},\"primaryImageOfPage\":{\"@id\":\"https:\/\/maragoginews.com.br\/portal\/noticias\/geral\/icmbio-abre-concurso-publico-com-98-vagas-para-analista-ambiental\/#primaryimage\"},\"image\":{\"@id\":\"https:\/\/maragoginews.com.br\/portal\/noticias\/geral\/icmbio-abre-concurso-publico-com-98-vagas-para-analista-ambiental\/#primaryimage\"},\"thumbnailUrl\":\"https:\/\/maragoginews.com.br\/portal\/wp-content\/uploads\/2023\/10\/foto_4_copy.jpg\",\"datePublished\":\"2023-10-26T12:40:27+00:00\",\"breadcrumb\":{\"@id\":\"https:\/\/maragoginews.com.br\/portal\/noticias\/geral\/icmbio-abre-concurso-publico-com-98-vagas-para-analista-ambiental\/#breadcrumb\"},\"inLanguage\":\"pt-BR\",\"potentialAction\":[{\"@type\":\"ReadAction\",\"target\":[\"https:\/\/maragoginews.com.br\/portal\/noticias\/geral\/icmbio-abre-concurso-publico-com-98-vagas-para-analista-ambiental\/\"]}]},{\"@type\":\"ImageObject\",\"inLanguage\":\"pt-BR\",\"@id\":\"https:\/\/maragoginews.com.br\/portal\/noticias\/geral\/icmbio-abre-concurso-publico-com-98-vagas-para-analista-ambiental\/#primaryimage\",\"url\":\"https:\/\/maragoginews.com.br\/portal\/wp-content\/uploads\/2023\/10\/foto_4_copy.jpg\",\"contentUrl\":\"https:\/\/maragoginews.com.br\/portal\/wp-content\/uploads\/2023\/10\/foto_4_copy.jpg\",\"width\":970,\"height\":580,\"caption\":\"Doze novos drones chegam para ajudar na prote\u00e7\u00e3o de Florestas Nacionais da Amaz\u00f4nia. Foto: ICMBio\"},{\"@type\":\"BreadcrumbList\",\"@id\":\"https:\/\/maragoginews.com.br\/portal\/noticias\/geral\/icmbio-abre-concurso-publico-com-98-vagas-para-analista-ambiental\/#breadcrumb\",\"itemListElement\":[{\"@type\":\"ListItem\",\"position\":1,\"name\":\"In\u00edcio\",\"item\":\"https:\/\/maragoginews.com.br\/portal\/\"},{\"@type\":\"ListItem\",\"position\":2,\"name\":\"ICMBio abre concurso p\u00fablico com 98 vagas para analista ambiental\"}]},{\"@type\":\"WebSite\",\"@id\":\"https:\/\/maragoginews.com.br\/portal\/#website\",\"url\":\"https:\/\/maragoginews.com.br\/portal\/\",\"name\":\"Maragogi News\",\"description\":\"Portal de Not\u00edcias\",\"publisher\":{\"@id\":\"https:\/\/maragoginews.com.br\/portal\/#organization\"},\"potentialAction\":[{\"@type\":\"SearchAction\",\"target\":{\"@type\":\"EntryPoint\",\"urlTemplate\":\"https:\/\/maragoginews.com.br\/portal\/?s={search_term_string}\"},\"query-input\":{\"@type\":\"PropertyValueSpecification\",\"valueRequired\":true,\"valueName\":\"search_term_string\"}}],\"inLanguage\":\"pt-BR\"},{\"@type\":\"Organization\",\"@id\":\"https:\/\/maragoginews.com.br\/portal\/#organization\",\"name\":\"Maragogi News\",\"url\":\"https:\/\/maragoginews.com.br\/portal\/\",\"logo\":{\"@type\":\"ImageObject\",\"inLanguage\":\"pt-BR\",\"@id\":\"https:\/\/maragoginews.com.br\/portal\/#\/schema\/logo\/image\/\",\"url\":\"https:\/\/maragoginews.com.br\/portal\/wp-content\/uploads\/2020\/10\/mn.png\",\"contentUrl\":\"https:\/\/maragoginews.com.br\/portal\/wp-content\/uploads\/2020\/10\/mn.png\",\"width\":305,\"height\":50,\"caption\":\"Maragogi News\"},\"image\":{\"@id\":\"https:\/\/maragoginews.com.br\/portal\/#\/schema\/logo\/image\/\"}},{\"@type\":\"Person\",\"@id\":\"https:\/\/maragoginews.com.br\/portal\/#\/schema\/person\/a445323773becef66921958b9c97b6e1\",\"name\":\"Reda\u00e7\u00e3o\",\"image\":{\"@type\":\"ImageObject\",\"inLanguage\":\"pt-BR\",\"@id\":\"https:\/\/maragoginews.com.br\/portal\/#\/schema\/person\/image\/\",\"url\":\"https:\/\/maragoginews.com.br\/portal\/wp-content\/uploads\/2020\/12\/redacao.jpg\",\"contentUrl\":\"https:\/\/maragoginews.com.br\/portal\/wp-content\/uploads\/2020\/12\/redacao.jpg\",\"caption\":\"Reda\u00e7\u00e3o\"},\"sameAs\":[\"http:\/\/maragoginews.com.br\/\"],\"url\":\"https:\/\/maragoginews.com.br\/portal\/author\/redacao\/\"}]}<\/script>\n<!-- \/ Yoast SEO plugin. -->","yoast_head_json":{"title":"ICMBio abre concurso p\u00fablico com 98 vagas para analista ambiental - Maragogi News","robots":{"index":"index","follow":"follow","max-snippet":"max-snippet:-1","max-image-preview":"max-image-preview:large","max-video-preview":"max-video-preview:-1"},"canonical":"https:\/\/maragoginews.com.br\/portal\/noticias\/geral\/icmbio-abre-concurso-publico-com-98-vagas-para-analista-ambiental\/","og_locale":"pt_BR","og_type":"article","og_title":"ICMBio abre concurso p\u00fablico com 98 vagas para analista ambiental - Maragogi News","og_description":"Inscri\u00e7\u00f5es come\u00e7am no dia 3 de novembro","og_url":"https:\/\/maragoginews.com.br\/portal\/noticias\/geral\/icmbio-abre-concurso-publico-com-98-vagas-para-analista-ambiental\/","og_site_name":"Maragogi News","article_published_time":"2023-10-26T12:40:27+00:00","og_image":[{"width":970,"height":580,"url":"https:\/\/maragoginews.com.br\/portal\/wp-content\/uploads\/2023\/10\/foto_4_copy.jpg","type":"image\/jpeg"}],"author":"Reda\u00e7\u00e3o","twitter_card":"summary_large_image","twitter_misc":{"Escrito por":"Reda\u00e7\u00e3o","Est. tempo de leitura":"2 minutos"},"schema":{"@context":"https:\/\/schema.org","@graph":[{"@type":"Article","@id":"https:\/\/maragoginews.com.br\/portal\/noticias\/geral\/icmbio-abre-concurso-publico-com-98-vagas-para-analista-ambiental\/#article","isPartOf":{"@id":"https:\/\/maragoginews.com.br\/portal\/noticias\/geral\/icmbio-abre-concurso-publico-com-98-vagas-para-analista-ambiental\/"},"author":{"name":"Reda\u00e7\u00e3o","@id":"https:\/\/maragoginews.com.br\/portal\/#\/schema\/person\/a445323773becef66921958b9c97b6e1"},"headline":"ICMBio abre concurso p\u00fablico com 98 vagas para analista ambiental","datePublished":"2023-10-26T12:40:27+00:00","mainEntityOfPage":{"@id":"https:\/\/maragoginews.com.br\/portal\/noticias\/geral\/icmbio-abre-concurso-publico-com-98-vagas-para-analista-ambiental\/"},"wordCount":476,"commentCount":0,"publisher":{"@id":"https:\/\/maragoginews.com.br\/portal\/#organization"},"image":{"@id":"https:\/\/maragoginews.com.br\/portal\/noticias\/geral\/icmbio-abre-concurso-publico-com-98-vagas-para-analista-ambiental\/#primaryimage"},"thumbnailUrl":"https:\/\/maragoginews.com.br\/portal\/wp-content\/uploads\/2023\/10\/foto_4_copy.jpg","articleSection":["Geral"],"inLanguage":"pt-BR","potentialAction":[{"@type":"CommentAction","name":"Comment","target":["https:\/\/maragoginews.com.br\/portal\/noticias\/geral\/icmbio-abre-concurso-publico-com-98-vagas-para-analista-ambiental\/#respond"]}]},{"@type":"WebPage","@id":"https:\/\/maragoginews.com.br\/portal\/noticias\/geral\/icmbio-abre-concurso-publico-com-98-vagas-para-analista-ambiental\/","url":"https:\/\/maragoginews.com.br\/portal\/noticias\/geral\/icmbio-abre-concurso-publico-com-98-vagas-para-analista-ambiental\/","name":"ICMBio abre concurso p\u00fablico com 98 vagas para analista ambiental - Maragogi News","isPartOf":{"@id":"https:\/\/maragoginews.com.br\/portal\/#website"},"primaryImageOfPage":{"@id":"https:\/\/maragoginews.com.br\/portal\/noticias\/geral\/icmbio-abre-concurso-publico-com-98-vagas-para-analista-ambiental\/#primaryimage"},"image":{"@id":"https:\/\/maragoginews.com.br\/portal\/noticias\/geral\/icmbio-abre-concurso-publico-com-98-vagas-para-analista-ambiental\/#primaryimage"},"thumbnailUrl":"https:\/\/maragoginews.com.br\/portal\/wp-content\/uploads\/2023\/10\/foto_4_copy.jpg","datePublished":"2023-10-26T12:40:27+00:00","breadcrumb":{"@id":"https:\/\/maragoginews.com.br\/portal\/noticias\/geral\/icmbio-abre-concurso-publico-com-98-vagas-para-analista-ambiental\/#breadcrumb"},"inLanguage":"pt-BR","potentialAction":[{"@type":"ReadAction","target":["https:\/\/maragoginews.com.br\/portal\/noticias\/geral\/icmbio-abre-concurso-publico-com-98-vagas-para-analista-ambiental\/"]}]},{"@type":"ImageObject","inLanguage":"pt-BR","@id":"https:\/\/maragoginews.com.br\/portal\/noticias\/geral\/icmbio-abre-concurso-publico-com-98-vagas-para-analista-ambiental\/#primaryimage","url":"https:\/\/maragoginews.com.br\/portal\/wp-content\/uploads\/2023\/10\/foto_4_copy.jpg","contentUrl":"https:\/\/maragoginews.com.br\/portal\/wp-content\/uploads\/2023\/10\/foto_4_copy.jpg","width":970,"height":580,"caption":"Doze novos drones chegam para ajudar na prote\u00e7\u00e3o de Florestas Nacionais da Amaz\u00f4nia. Foto: ICMBio"},{"@type":"BreadcrumbList","@id":"https:\/\/maragoginews.com.br\/portal\/noticias\/geral\/icmbio-abre-concurso-publico-com-98-vagas-para-analista-ambiental\/#breadcrumb","itemListElement":[{"@type":"ListItem","position":1,"name":"In\u00edcio","item":"https:\/\/maragoginews.com.br\/portal\/"},{"@type":"ListItem","position":2,"name":"ICMBio abre concurso p\u00fablico com 98 vagas para analista ambiental"}]},{"@type":"WebSite","@id":"https:\/\/maragoginews.com.br\/portal\/#website","url":"https:\/\/maragoginews.com.br\/portal\/","name":"Maragogi News","description":"Portal de Not\u00edcias","publisher":{"@id":"https:\/\/maragoginews.com.br\/portal\/#organization"},"potentialAction":[{"@type":"SearchAction","target":{"@type":"EntryPoint","urlTemplate":"https:\/\/maragoginews.com.br\/portal\/?s={search_term_string}"},"query-input":{"@type":"PropertyValueSpecification","valueRequired":true,"valueName":"search_term_string"}}],"inLanguage":"pt-BR"},{"@type":"Organization","@id":"https:\/\/maragoginews.com.br\/portal\/#organization","name":"Maragogi News","url":"https:\/\/maragoginews.com.br\/portal\/","logo":{"@type":"ImageObject","inLanguage":"pt-BR","@id":"https:\/\/maragoginews.com.br\/portal\/#\/schema\/logo\/image\/","url":"https:\/\/maragoginews.com.br\/portal\/wp-content\/uploads\/2020\/10\/mn.png","contentUrl":"https:\/\/maragoginews.com.br\/portal\/wp-content\/uploads\/2020\/10\/mn.png","width":305,"height":50,"caption":"Maragogi News"},"image":{"@id":"https:\/\/maragoginews.com.br\/portal\/#\/schema\/logo\/image\/"}},{"@type":"Person","@id":"https:\/\/maragoginews.com.br\/portal\/#\/schema\/person\/a445323773becef66921958b9c97b6e1","name":"Reda\u00e7\u00e3o","image":{"@type":"ImageObject","inLanguage":"pt-BR","@id":"https:\/\/maragoginews.com.br\/portal\/#\/schema\/person\/image\/","url":"https:\/\/maragoginews.com.br\/portal\/wp-content\/uploads\/2020\/12\/redacao.jpg","contentUrl":"https:\/\/maragoginews.com.br\/portal\/wp-content\/uploads\/2020\/12\/redacao.jpg","caption":"Reda\u00e7\u00e3o"},"sameAs":["http:\/\/maragoginews.com.br\/"],"url":"https:\/\/maragoginews.com.br\/portal\/author\/redacao\/"}]}},"_links":{"self":[{"href":"https:\/\/maragoginews.com.br\/portal\/wp-json\/wp\/v2\/posts\/16245","targetHints":{"allow":["GET"]}}],"collection":[{"href":"https:\/\/maragoginews.com.br\/portal\/wp-json\/wp\/v2\/posts"}],"about":[{"href":"https:\/\/maragoginews.com.br\/portal\/wp-json\/wp\/v2\/types\/post"}],"author":[{"embeddable":true,"href":"https:\/\/maragoginews.com.br\/portal\/wp-json\/wp\/v2\/users\/3"}],"replies":[{"embeddable":true,"href":"https:\/\/maragoginews.com.br\/portal\/wp-json\/wp\/v2\/comments?post=16245"}],"version-history":[{"count":1,"href":"https:\/\/maragoginews.com.br\/portal\/wp-json\/wp\/v2\/posts\/16245\/revisions"}],"predecessor-version":[{"id":16247,"href":"https:\/\/maragoginews.com.br\/portal\/wp-json\/wp\/v2\/posts\/16245\/revisions\/16247"}],"wp:featuredmedia":[{"embeddable":true,"href":"https:\/\/maragoginews.com.br\/portal\/wp-json\/wp\/v2\/media\/16246"}],"wp:attachment":[{"href":"https:\/\/maragoginews.com.br\/portal\/wp-json\/wp\/v2\/media?parent=16245"}],"wp:term":[{"taxonomy":"category","embeddable":true,"href":"https:\/\/maragoginews.com.br\/portal\/wp-json\/wp\/v2\/categories?post=16245"},{"taxonomy":"post_tag","embeddable":true,"href":"https:\/\/maragoginews.com.br\/portal\/wp-json\/wp\/v2\/tags?post=16245"}],"curies":[{"name":"wp","href":"https:\/\/api.w.org\/{rel}","templated":true}]}}