{"id":16254,"date":"2023-10-26T10:09:59","date_gmt":"2023-10-26T13:09:59","guid":{"rendered":"https:\/\/maragoginews.com.br\/portal\/?p=16254"},"modified":"2023-10-26T10:09:59","modified_gmt":"2023-10-26T13:09:59","slug":"cantora-critica-neymar-em-campanha-de-cueca-nao-tem-mala-grande","status":"publish","type":"post","link":"https:\/\/maragoginews.com.br\/portal\/noticias\/geral\/celebridade\/cantora-critica-neymar-em-campanha-de-cueca-nao-tem-mala-grande\/","title":{"rendered":"Cantora critica Neymar em campanha de cueca: &#8216;N\u00e3o tem mala grande&#8217;"},"content":{"rendered":"<p>Azealia Banks causou pol\u00eamica ao criticar Neymar por sua participa\u00e7\u00e3o na campanha da marca de roupas \u00edntimas de Kim Kardashian. &#8220;Esse n\u00e3o Kim, ele \u00e9 muito magro. Ele n\u00e3o tem mala grande, n\u00e3o estrague tudo, irm\u00e3!&#8221;, disse a rapper.<\/p>\n<p>A cantora compartilhou as fotos promocionais do jogador, fazendo coment\u00e1rios mordazes, questionando seu f\u00edsico e expressando a necessidade de &#8220;mais Bosa Bosa&#8221;, referindo-se \u00e0s fotos de Nick Bosa, um jogador de futebol americano que tamb\u00e9m fez parte da campanha.<\/p>\n<p class=\"texto\">Esses coment\u00e1rios de Azealia Banks geraram rea\u00e7\u00f5es mistas, com alguns defendendo sua liberdade de express\u00e3o e outros acusando-a de body shaming e cr\u00edticas injustas a Neymar.<\/p>\n<p class=\"texto\">A situa\u00e7\u00e3o destaca como as celebridades muitas vezes se tornam alvo de julgamentos p\u00fablicos, especialmente nas redes sociais, e como essas opini\u00f5es podem gerar controv\u00e9rsia.<\/p>\n<p>O post\u00a0<em>Azealia Banks critica Neymar em foto de cueca: &#8220;N\u00e3o tem mala&#8221;<\/em>\u00a0foi publicado primeiro em Observat\u00f3rio dos Famosos.<\/p>\n","protected":false},"excerpt":{"rendered":"<p>A cantora compartilhou as fotos promocionais do jogador questionando seu f\u00edsico e expressando a necessidade de &#8220;mais Bosa Bosa&#8221;<\/p>\n","protected":false},"author":3,"featured_media":16255,"comment_status":"open","ping_status":"open","sticky":false,"template":"","format":"standard","meta":{"footnotes":""},"categories":[45],"tags":[],"class_list":["post-16254","post","type-post","status-publish","format-standard","has-post-thumbnail","hentry","category-celebridade"],"yoast_head":"<!-- This site is optimized with the Yoast SEO plugin v26.6 - https:\/\/yoast.com\/wordpress\/plugins\/seo\/ -->\n<title>Cantora critica Neymar em campanha de cueca: &#039;N\u00e3o tem mala grande&#039; - Maragogi News<\/title>\n<meta name=\"robots\" content=\"index, follow, max-snippet:-1, max-image-preview:large, max-video-preview:-1\" \/>\n<link rel=\"canonical\" href=\"https:\/\/maragoginews.com.br\/portal\/noticias\/geral\/celebridade\/cantora-critica-neymar-em-campanha-de-cueca-nao-tem-mala-grande\/\" \/>\n<meta property=\"og:locale\" content=\"pt_BR\" \/>\n<meta property=\"og:type\" content=\"article\" \/>\n<meta property=\"og:title\" content=\"Cantora critica Neymar em campanha de cueca: &#039;N\u00e3o tem mala grande&#039; - Maragogi News\" \/>\n<meta property=\"og:description\" content=\"A cantora compartilhou as fotos promocionais do jogador questionando seu f\u00edsico e expressando a necessidade de &quot;mais Bosa Bosa&quot;\" \/>\n<meta property=\"og:url\" content=\"https:\/\/maragoginews.com.br\/portal\/noticias\/geral\/celebridade\/cantora-critica-neymar-em-campanha-de-cueca-nao-tem-mala-grande\/\" \/>\n<meta property=\"og:site_name\" content=\"Maragogi News\" \/>\n<meta property=\"article:published_time\" content=\"2023-10-26T13:09:59+00:00\" \/>\n<meta property=\"og:image\" content=\"https:\/\/maragoginews.com.br\/portal\/wp-content\/uploads\/2023\/10\/8itm3vpfksatopyi9pj7lxxp4.webp\" \/>\n\t<meta property=\"og:image:width\" content=\"906\" \/>\n\t<meta property=\"og:image:height\" content=\"509\" \/>\n\t<meta property=\"og:image:type\" content=\"image\/webp\" \/>\n<meta name=\"author\" content=\"Reda\u00e7\u00e3o\" \/>\n<meta name=\"twitter:card\" content=\"summary_large_image\" \/>\n<meta name=\"twitter:label1\" content=\"Escrito por\" \/>\n\t<meta name=\"twitter:data1\" content=\"Reda\u00e7\u00e3o\" \/>\n\t<meta name=\"twitter:label2\" content=\"Est. tempo de leitura\" \/>\n\t<meta name=\"twitter:data2\" content=\"1 minuto\" \/>\n<script type=\"application\/ld+json\" class=\"yoast-schema-graph\">{\"@context\":\"https:\/\/schema.org\",\"@graph\":[{\"@type\":\"Article\",\"@id\":\"https:\/\/maragoginews.com.br\/portal\/noticias\/geral\/celebridade\/cantora-critica-neymar-em-campanha-de-cueca-nao-tem-mala-grande\/#article\",\"isPartOf\":{\"@id\":\"https:\/\/maragoginews.com.br\/portal\/noticias\/geral\/celebridade\/cantora-critica-neymar-em-campanha-de-cueca-nao-tem-mala-grande\/\"},\"author\":{\"name\":\"Reda\u00e7\u00e3o\",\"@id\":\"https:\/\/maragoginews.com.br\/portal\/#\/schema\/person\/a445323773becef66921958b9c97b6e1\"},\"headline\":\"Cantora critica Neymar em campanha de cueca: &#8216;N\u00e3o tem mala grande&#8217;\",\"datePublished\":\"2023-10-26T13:09:59+00:00\",\"mainEntityOfPage\":{\"@id\":\"https:\/\/maragoginews.com.br\/portal\/noticias\/geral\/celebridade\/cantora-critica-neymar-em-campanha-de-cueca-nao-tem-mala-grande\/\"},\"wordCount\":178,\"commentCount\":0,\"publisher\":{\"@id\":\"https:\/\/maragoginews.com.br\/portal\/#organization\"},\"image\":{\"@id\":\"https:\/\/maragoginews.com.br\/portal\/noticias\/geral\/celebridade\/cantora-critica-neymar-em-campanha-de-cueca-nao-tem-mala-grande\/#primaryimage\"},\"thumbnailUrl\":\"https:\/\/maragoginews.com.br\/portal\/wp-content\/uploads\/2023\/10\/8itm3vpfksatopyi9pj7lxxp4.webp\",\"articleSection\":[\"Celebridade\"],\"inLanguage\":\"pt-BR\",\"potentialAction\":[{\"@type\":\"CommentAction\",\"name\":\"Comment\",\"target\":[\"https:\/\/maragoginews.com.br\/portal\/noticias\/geral\/celebridade\/cantora-critica-neymar-em-campanha-de-cueca-nao-tem-mala-grande\/#respond\"]}]},{\"@type\":\"WebPage\",\"@id\":\"https:\/\/maragoginews.com.br\/portal\/noticias\/geral\/celebridade\/cantora-critica-neymar-em-campanha-de-cueca-nao-tem-mala-grande\/\",\"url\":\"https:\/\/maragoginews.com.br\/portal\/noticias\/geral\/celebridade\/cantora-critica-neymar-em-campanha-de-cueca-nao-tem-mala-grande\/\",\"name\":\"Cantora critica Neymar em campanha de cueca: 'N\u00e3o tem mala grande' - Maragogi News\",\"isPartOf\":{\"@id\":\"https:\/\/maragoginews.com.br\/portal\/#website\"},\"primaryImageOfPage\":{\"@id\":\"https:\/\/maragoginews.com.br\/portal\/noticias\/geral\/celebridade\/cantora-critica-neymar-em-campanha-de-cueca-nao-tem-mala-grande\/#primaryimage\"},\"image\":{\"@id\":\"https:\/\/maragoginews.com.br\/portal\/noticias\/geral\/celebridade\/cantora-critica-neymar-em-campanha-de-cueca-nao-tem-mala-grande\/#primaryimage\"},\"thumbnailUrl\":\"https:\/\/maragoginews.com.br\/portal\/wp-content\/uploads\/2023\/10\/8itm3vpfksatopyi9pj7lxxp4.webp\",\"datePublished\":\"2023-10-26T13:09:59+00:00\",\"breadcrumb\":{\"@id\":\"https:\/\/maragoginews.com.br\/portal\/noticias\/geral\/celebridade\/cantora-critica-neymar-em-campanha-de-cueca-nao-tem-mala-grande\/#breadcrumb\"},\"inLanguage\":\"pt-BR\",\"potentialAction\":[{\"@type\":\"ReadAction\",\"target\":[\"https:\/\/maragoginews.com.br\/portal\/noticias\/geral\/celebridade\/cantora-critica-neymar-em-campanha-de-cueca-nao-tem-mala-grande\/\"]}]},{\"@type\":\"ImageObject\",\"inLanguage\":\"pt-BR\",\"@id\":\"https:\/\/maragoginews.com.br\/portal\/noticias\/geral\/celebridade\/cantora-critica-neymar-em-campanha-de-cueca-nao-tem-mala-grande\/#primaryimage\",\"url\":\"https:\/\/maragoginews.com.br\/portal\/wp-content\/uploads\/2023\/10\/8itm3vpfksatopyi9pj7lxxp4.webp\",\"contentUrl\":\"https:\/\/maragoginews.com.br\/portal\/wp-content\/uploads\/2023\/10\/8itm3vpfksatopyi9pj7lxxp4.webp\",\"width\":906,\"height\":509,\"caption\":\"Cantora critica Neymar em campanha de cueca: 'N\u00e3o tem mala grande'\"},{\"@type\":\"BreadcrumbList\",\"@id\":\"https:\/\/maragoginews.com.br\/portal\/noticias\/geral\/celebridade\/cantora-critica-neymar-em-campanha-de-cueca-nao-tem-mala-grande\/#breadcrumb\",\"itemListElement\":[{\"@type\":\"ListItem\",\"position\":1,\"name\":\"In\u00edcio\",\"item\":\"https:\/\/maragoginews.com.br\/portal\/\"},{\"@type\":\"ListItem\",\"position\":2,\"name\":\"Cantora critica Neymar em campanha de cueca: &#8216;N\u00e3o tem mala grande&#8217;\"}]},{\"@type\":\"WebSite\",\"@id\":\"https:\/\/maragoginews.com.br\/portal\/#website\",\"url\":\"https:\/\/maragoginews.com.br\/portal\/\",\"name\":\"Maragogi News\",\"description\":\"Portal de Not\u00edcias\",\"publisher\":{\"@id\":\"https:\/\/maragoginews.com.br\/portal\/#organization\"},\"potentialAction\":[{\"@type\":\"SearchAction\",\"target\":{\"@type\":\"EntryPoint\",\"urlTemplate\":\"https:\/\/maragoginews.com.br\/portal\/?s={search_term_string}\"},\"query-input\":{\"@type\":\"PropertyValueSpecification\",\"valueRequired\":true,\"valueName\":\"search_term_string\"}}],\"inLanguage\":\"pt-BR\"},{\"@type\":\"Organization\",\"@id\":\"https:\/\/maragoginews.com.br\/portal\/#organization\",\"name\":\"Maragogi News\",\"url\":\"https:\/\/maragoginews.com.br\/portal\/\",\"logo\":{\"@type\":\"ImageObject\",\"inLanguage\":\"pt-BR\",\"@id\":\"https:\/\/maragoginews.com.br\/portal\/#\/schema\/logo\/image\/\",\"url\":\"https:\/\/maragoginews.com.br\/portal\/wp-content\/uploads\/2020\/10\/mn.png\",\"contentUrl\":\"https:\/\/maragoginews.com.br\/portal\/wp-content\/uploads\/2020\/10\/mn.png\",\"width\":305,\"height\":50,\"caption\":\"Maragogi News\"},\"image\":{\"@id\":\"https:\/\/maragoginews.com.br\/portal\/#\/schema\/logo\/image\/\"}},{\"@type\":\"Person\",\"@id\":\"https:\/\/maragoginews.com.br\/portal\/#\/schema\/person\/a445323773becef66921958b9c97b6e1\",\"name\":\"Reda\u00e7\u00e3o\",\"image\":{\"@type\":\"ImageObject\",\"inLanguage\":\"pt-BR\",\"@id\":\"https:\/\/maragoginews.com.br\/portal\/#\/schema\/person\/image\/\",\"url\":\"https:\/\/maragoginews.com.br\/portal\/wp-content\/uploads\/2020\/12\/redacao.jpg\",\"contentUrl\":\"https:\/\/maragoginews.com.br\/portal\/wp-content\/uploads\/2020\/12\/redacao.jpg\",\"caption\":\"Reda\u00e7\u00e3o\"},\"sameAs\":[\"http:\/\/maragoginews.com.br\/\"],\"url\":\"https:\/\/maragoginews.com.br\/portal\/author\/redacao\/\"}]}<\/script>\n<!-- \/ Yoast SEO plugin. -->","yoast_head_json":{"title":"Cantora critica Neymar em campanha de cueca: 'N\u00e3o tem mala grande' - Maragogi News","robots":{"index":"index","follow":"follow","max-snippet":"max-snippet:-1","max-image-preview":"max-image-preview:large","max-video-preview":"max-video-preview:-1"},"canonical":"https:\/\/maragoginews.com.br\/portal\/noticias\/geral\/celebridade\/cantora-critica-neymar-em-campanha-de-cueca-nao-tem-mala-grande\/","og_locale":"pt_BR","og_type":"article","og_title":"Cantora critica Neymar em campanha de cueca: 'N\u00e3o tem mala grande' - Maragogi News","og_description":"A cantora compartilhou as fotos promocionais do jogador questionando seu f\u00edsico e expressando a necessidade de \"mais Bosa Bosa\"","og_url":"https:\/\/maragoginews.com.br\/portal\/noticias\/geral\/celebridade\/cantora-critica-neymar-em-campanha-de-cueca-nao-tem-mala-grande\/","og_site_name":"Maragogi News","article_published_time":"2023-10-26T13:09:59+00:00","og_image":[{"width":906,"height":509,"url":"https:\/\/maragoginews.com.br\/portal\/wp-content\/uploads\/2023\/10\/8itm3vpfksatopyi9pj7lxxp4.webp","type":"image\/webp"}],"author":"Reda\u00e7\u00e3o","twitter_card":"summary_large_image","twitter_misc":{"Escrito por":"Reda\u00e7\u00e3o","Est. tempo de leitura":"1 minuto"},"schema":{"@context":"https:\/\/schema.org","@graph":[{"@type":"Article","@id":"https:\/\/maragoginews.com.br\/portal\/noticias\/geral\/celebridade\/cantora-critica-neymar-em-campanha-de-cueca-nao-tem-mala-grande\/#article","isPartOf":{"@id":"https:\/\/maragoginews.com.br\/portal\/noticias\/geral\/celebridade\/cantora-critica-neymar-em-campanha-de-cueca-nao-tem-mala-grande\/"},"author":{"name":"Reda\u00e7\u00e3o","@id":"https:\/\/maragoginews.com.br\/portal\/#\/schema\/person\/a445323773becef66921958b9c97b6e1"},"headline":"Cantora critica Neymar em campanha de cueca: &#8216;N\u00e3o tem mala grande&#8217;","datePublished":"2023-10-26T13:09:59+00:00","mainEntityOfPage":{"@id":"https:\/\/maragoginews.com.br\/portal\/noticias\/geral\/celebridade\/cantora-critica-neymar-em-campanha-de-cueca-nao-tem-mala-grande\/"},"wordCount":178,"commentCount":0,"publisher":{"@id":"https:\/\/maragoginews.com.br\/portal\/#organization"},"image":{"@id":"https:\/\/maragoginews.com.br\/portal\/noticias\/geral\/celebridade\/cantora-critica-neymar-em-campanha-de-cueca-nao-tem-mala-grande\/#primaryimage"},"thumbnailUrl":"https:\/\/maragoginews.com.br\/portal\/wp-content\/uploads\/2023\/10\/8itm3vpfksatopyi9pj7lxxp4.webp","articleSection":["Celebridade"],"inLanguage":"pt-BR","potentialAction":[{"@type":"CommentAction","name":"Comment","target":["https:\/\/maragoginews.com.br\/portal\/noticias\/geral\/celebridade\/cantora-critica-neymar-em-campanha-de-cueca-nao-tem-mala-grande\/#respond"]}]},{"@type":"WebPage","@id":"https:\/\/maragoginews.com.br\/portal\/noticias\/geral\/celebridade\/cantora-critica-neymar-em-campanha-de-cueca-nao-tem-mala-grande\/","url":"https:\/\/maragoginews.com.br\/portal\/noticias\/geral\/celebridade\/cantora-critica-neymar-em-campanha-de-cueca-nao-tem-mala-grande\/","name":"Cantora critica Neymar em campanha de cueca: 'N\u00e3o tem mala grande' - Maragogi News","isPartOf":{"@id":"https:\/\/maragoginews.com.br\/portal\/#website"},"primaryImageOfPage":{"@id":"https:\/\/maragoginews.com.br\/portal\/noticias\/geral\/celebridade\/cantora-critica-neymar-em-campanha-de-cueca-nao-tem-mala-grande\/#primaryimage"},"image":{"@id":"https:\/\/maragoginews.com.br\/portal\/noticias\/geral\/celebridade\/cantora-critica-neymar-em-campanha-de-cueca-nao-tem-mala-grande\/#primaryimage"},"thumbnailUrl":"https:\/\/maragoginews.com.br\/portal\/wp-content\/uploads\/2023\/10\/8itm3vpfksatopyi9pj7lxxp4.webp","datePublished":"2023-10-26T13:09:59+00:00","breadcrumb":{"@id":"https:\/\/maragoginews.com.br\/portal\/noticias\/geral\/celebridade\/cantora-critica-neymar-em-campanha-de-cueca-nao-tem-mala-grande\/#breadcrumb"},"inLanguage":"pt-BR","potentialAction":[{"@type":"ReadAction","target":["https:\/\/maragoginews.com.br\/portal\/noticias\/geral\/celebridade\/cantora-critica-neymar-em-campanha-de-cueca-nao-tem-mala-grande\/"]}]},{"@type":"ImageObject","inLanguage":"pt-BR","@id":"https:\/\/maragoginews.com.br\/portal\/noticias\/geral\/celebridade\/cantora-critica-neymar-em-campanha-de-cueca-nao-tem-mala-grande\/#primaryimage","url":"https:\/\/maragoginews.com.br\/portal\/wp-content\/uploads\/2023\/10\/8itm3vpfksatopyi9pj7lxxp4.webp","contentUrl":"https:\/\/maragoginews.com.br\/portal\/wp-content\/uploads\/2023\/10\/8itm3vpfksatopyi9pj7lxxp4.webp","width":906,"height":509,"caption":"Cantora critica Neymar em campanha de cueca: 'N\u00e3o tem mala grande'"},{"@type":"BreadcrumbList","@id":"https:\/\/maragoginews.com.br\/portal\/noticias\/geral\/celebridade\/cantora-critica-neymar-em-campanha-de-cueca-nao-tem-mala-grande\/#breadcrumb","itemListElement":[{"@type":"ListItem","position":1,"name":"In\u00edcio","item":"https:\/\/maragoginews.com.br\/portal\/"},{"@type":"ListItem","position":2,"name":"Cantora critica Neymar em campanha de cueca: &#8216;N\u00e3o tem mala grande&#8217;"}]},{"@type":"WebSite","@id":"https:\/\/maragoginews.com.br\/portal\/#website","url":"https:\/\/maragoginews.com.br\/portal\/","name":"Maragogi News","description":"Portal de Not\u00edcias","publisher":{"@id":"https:\/\/maragoginews.com.br\/portal\/#organization"},"potentialAction":[{"@type":"SearchAction","target":{"@type":"EntryPoint","urlTemplate":"https:\/\/maragoginews.com.br\/portal\/?s={search_term_string}"},"query-input":{"@type":"PropertyValueSpecification","valueRequired":true,"valueName":"search_term_string"}}],"inLanguage":"pt-BR"},{"@type":"Organization","@id":"https:\/\/maragoginews.com.br\/portal\/#organization","name":"Maragogi News","url":"https:\/\/maragoginews.com.br\/portal\/","logo":{"@type":"ImageObject","inLanguage":"pt-BR","@id":"https:\/\/maragoginews.com.br\/portal\/#\/schema\/logo\/image\/","url":"https:\/\/maragoginews.com.br\/portal\/wp-content\/uploads\/2020\/10\/mn.png","contentUrl":"https:\/\/maragoginews.com.br\/portal\/wp-content\/uploads\/2020\/10\/mn.png","width":305,"height":50,"caption":"Maragogi News"},"image":{"@id":"https:\/\/maragoginews.com.br\/portal\/#\/schema\/logo\/image\/"}},{"@type":"Person","@id":"https:\/\/maragoginews.com.br\/portal\/#\/schema\/person\/a445323773becef66921958b9c97b6e1","name":"Reda\u00e7\u00e3o","image":{"@type":"ImageObject","inLanguage":"pt-BR","@id":"https:\/\/maragoginews.com.br\/portal\/#\/schema\/person\/image\/","url":"https:\/\/maragoginews.com.br\/portal\/wp-content\/uploads\/2020\/12\/redacao.jpg","contentUrl":"https:\/\/maragoginews.com.br\/portal\/wp-content\/uploads\/2020\/12\/redacao.jpg","caption":"Reda\u00e7\u00e3o"},"sameAs":["http:\/\/maragoginews.com.br\/"],"url":"https:\/\/maragoginews.com.br\/portal\/author\/redacao\/"}]}},"_links":{"self":[{"href":"https:\/\/maragoginews.com.br\/portal\/wp-json\/wp\/v2\/posts\/16254","targetHints":{"allow":["GET"]}}],"collection":[{"href":"https:\/\/maragoginews.com.br\/portal\/wp-json\/wp\/v2\/posts"}],"about":[{"href":"https:\/\/maragoginews.com.br\/portal\/wp-json\/wp\/v2\/types\/post"}],"author":[{"embeddable":true,"href":"https:\/\/maragoginews.com.br\/portal\/wp-json\/wp\/v2\/users\/3"}],"replies":[{"embeddable":true,"href":"https:\/\/maragoginews.com.br\/portal\/wp-json\/wp\/v2\/comments?post=16254"}],"version-history":[{"count":1,"href":"https:\/\/maragoginews.com.br\/portal\/wp-json\/wp\/v2\/posts\/16254\/revisions"}],"predecessor-version":[{"id":16256,"href":"https:\/\/maragoginews.com.br\/portal\/wp-json\/wp\/v2\/posts\/16254\/revisions\/16256"}],"wp:featuredmedia":[{"embeddable":true,"href":"https:\/\/maragoginews.com.br\/portal\/wp-json\/wp\/v2\/media\/16255"}],"wp:attachment":[{"href":"https:\/\/maragoginews.com.br\/portal\/wp-json\/wp\/v2\/media?parent=16254"}],"wp:term":[{"taxonomy":"category","embeddable":true,"href":"https:\/\/maragoginews.com.br\/portal\/wp-json\/wp\/v2\/categories?post=16254"},{"taxonomy":"post_tag","embeddable":true,"href":"https:\/\/maragoginews.com.br\/portal\/wp-json\/wp\/v2\/tags?post=16254"}],"curies":[{"name":"wp","href":"https:\/\/api.w.org\/{rel}","templated":true}]}}