{"id":16260,"date":"2023-10-26T11:58:19","date_gmt":"2023-10-26T14:58:19","guid":{"rendered":"https:\/\/maragoginews.com.br\/portal\/?p=16260"},"modified":"2023-10-26T11:58:19","modified_gmt":"2023-10-26T14:58:19","slug":"i-forum-nordeste-de-economia-circular-faz-chamamento-para-projetos-e-negocios-nordestinos","status":"publish","type":"post","link":"https:\/\/maragoginews.com.br\/portal\/noticias\/geral\/i-forum-nordeste-de-economia-circular-faz-chamamento-para-projetos-e-negocios-nordestinos\/","title":{"rendered":"I F\u00f3rum Nordeste de Economia Circular faz chamamento para projetos e neg\u00f3cios nordestinos"},"content":{"rendered":"<p>Termina na pr\u00f3xima sexta-feira (27)\u00a0 o prazo para projetos, neg\u00f3cios, empresas e startups conectadas \u00e0 pauta da circularidade e da sustentabilidade se inscreverem no site <a href=\"http:\/\/nordesteeconomiacircular.com.br\">nordesteeconomiacircular.com.br<\/a> para participar do\u00a0chamamento do <strong>I<\/strong><strong> F\u00f3rum Nordeste de Economia Circular (FNEC)<\/strong> &#8211; primeiro f\u00f3rum de Economia Circular do Brasil \u2013 que acontece dias 23, 24 e 25 de novembro em Salvador. O chamamento busca gerar um cadastro de uma rede atuante com iniciativas desse perfil no Nordeste. Algumas das iniciativas ser\u00e3o convidadas a participar da programa\u00e7\u00e3o do evento, que tem apresenta\u00e7\u00e3o do Governo do Estado da Bahia, atravs da Secretaria de Desenvolvimento Econ\u00f4mico (SDE),\u00a0do movimento Reinventando Futuros e realiza\u00e7\u00e3o do Instituto IDI.\u00a0 O resultado do Chamamento ser\u00e1 divulgado no dia 6 de novembro.<\/p>\n<p>I\u00a0F\u00f3rum Nordeste de Economia Circular ir\u00e1 promover tr\u00eas dias de encontros, conex\u00f5es diversas, pain\u00e9is sobre os principais temas da atualidade mundial, com profissionais altamente qualificados, interven\u00e7\u00f5es e intera\u00e7\u00f5es art\u00edsticas, mesas, palco podcast, oficinas, espa\u00e7os gastron\u00f4micos voltados para a agricultura familiar e trilhas de conhecimento focadas em criatividade, inova\u00e7\u00e3o, tecnologia, novos comportamentos e muito mais, tudo isso em uma programa\u00e7\u00e3o aberta e gratuita em\u00a0espa\u00e7os de grande relev\u00e2ncia hist\u00f3rica e cultural, como o Museu de Arte da Bahia (MAB), Museu Geol\u00f3gico, Museu de Arte Contempor\u00e2nea da Bahia (MAC) e a Sala de Arte Cinema do Museu.<\/p>\n<p>O FNEC nasce como resultado da parceria com importantes players do cen\u00e1rio nacional comprometidos com as diretrizes de Sustentabilidade e Governan\u00e7a para a cria\u00e7\u00e3o de futuros mais regenerativos e equ\u00e2nimes pautados na Economia Circular, Criativa e Colaborativa.\u00a0\u201cSabemos que os desafios do Nordeste s\u00e3o \u00fanicos, e precisamos olhar para eles de dentro para fora, e a reuni\u00e3o de pessoas dispostas a pensar, articular e executar essas transforma\u00e7\u00f5es \u00e9 especialmente importante, porque a maioria dos desafios de governan\u00e7a e sustentabilidade, como mudan\u00e7as clim\u00e1ticas, polui\u00e7\u00e3o ou acesso \u00e0 \u00e1gua, s\u00e3o tamb\u00e9m globais e exigem solu\u00e7\u00f5es abrangentes, coordenadas e multidisciplinares\u201d, pontua L\u00eddice Berman, criadora e l\u00edder do Movimento Reinventando Futuros.<\/p>\n<p>\u201cAssim que a proposta do I F\u00f3rum Nordeste de Economia Circular nos foi apresentada, aderimos de imediato, sob a orienta\u00e7\u00e3o do governador Jer\u00f4nimo Rodrigues. Conseguimos parcerias em tempo recorde e envolvemos o Cons\u00f3rcio Nordeste nesta iniciativa in\u00e9dita que nos coloca mais uma vez na vanguarda da sustentabilidade, uma vez que a Bahia tem posi\u00e7\u00e3o de destaque nas energias renov\u00e1veis, \u00e9 l\u00edder na produ\u00e7\u00e3o de energia e\u00f3lica no pa\u00eds e pioneira na aposta do hidrog\u00eanio verde\u201d, afirma o secret\u00e1rio de Desenvolvimento Econ\u00f4mico do Estado da Bahia, Angelo Almeida.<\/p>\n<p>Berman enfatiza que o objetivo do FNEC \u00e9 incentivar os participantes a se tornarem ativistas pela transforma\u00e7\u00e3o do sistema mundial de produ\u00e7\u00e3o e, sobretudo, capacit\u00e1-los para avan\u00e7ar na pauta, construindo a\u00e7\u00f5es concretas e efetivas para avan\u00e7os e transforma\u00e7\u00f5es exponenciais. Assim, o f\u00f3rum nasce com a proposta de ser um encontro anual para promo\u00e7\u00e3o de espa\u00e7os discursivos, criativos e capazes de contribuir com os Objetivos de Desenvolvimento Sustent\u00e1vel (ODS) da Agenda 2030 da Organiza\u00e7\u00e3o das Na\u00e7\u00f5es Unidas (ONU).<\/p>\n<p>O ponto alto do f\u00f3rum ser\u00e1 a reuni\u00e3o de gestores e l\u00edderes pol\u00edticos, corporativos e comunit\u00e1rios, al\u00e9m de agentes renomados do cen\u00e1rio da Criatividade, Inova\u00e7\u00e3o e Circularidade, profissionais, estudantes e empresas com <em>cases<\/em> de sucesso em pr\u00e1ticas ESG da Regi\u00e3o Nordeste e de todo o territ\u00f3rio nacional, com o mesmo objetivo de fomentar converg\u00eancias e expans\u00f5es em rela\u00e7\u00e3o \u00e0 sustentabilidade e circularidade.<\/p>\n<p><strong>SERVI\u00c7O:<\/strong><\/p>\n<p><u>Chamamento FNEC<\/u><\/p>\n<p><strong>Quando: <\/strong>At\u00e9 27 de outubro<\/p>\n<p><strong>Onde:<\/strong> <a href=\"http:\/\/nordesteeconomiacircular.com.br\">nordesteeconomiacircular.com.br<\/a><\/p>\n<p><strong>Para quem:<\/strong> Cases, neg\u00f3cios, projetos, startups e empresas relacionados \u00e0 pauta da Economia Circular<\/p>\n<p><strong>Divulga\u00e7\u00e3o de selecionados:<\/strong> 6 de novembro<\/p>\n<p><strong>Inscri\u00e7\u00e3o gratuita<\/strong><\/p>\n<p>Assessoria<\/p>\n","protected":false},"excerpt":{"rendered":"<p>O objetivo do chamamento \u00e9 construir um cadastro de uma rede atuante com iniciativas nordestinas conectadas \u00e0 pauta da circularidade e da sustentabilidade por meio de inscri\u00e7\u00f5es no site nordesteeconomiacircular.com.br at\u00e9 sexta-feira (27)<\/p>\n","protected":false},"author":3,"featured_media":16261,"comment_status":"open","ping_status":"open","sticky":false,"template":"","format":"standard","meta":{"footnotes":""},"categories":[21],"tags":[],"class_list":["post-16260","post","type-post","status-publish","format-standard","has-post-thumbnail","hentry","category-geral"],"yoast_head":"<!-- This site is optimized with the Yoast SEO plugin v26.6 - https:\/\/yoast.com\/wordpress\/plugins\/seo\/ -->\n<title>I F\u00f3rum Nordeste de Economia Circular faz chamamento para projetos e neg\u00f3cios nordestinos - Maragogi News<\/title>\n<meta name=\"robots\" content=\"index, follow, max-snippet:-1, max-image-preview:large, max-video-preview:-1\" \/>\n<link rel=\"canonical\" href=\"https:\/\/maragoginews.com.br\/portal\/noticias\/geral\/i-forum-nordeste-de-economia-circular-faz-chamamento-para-projetos-e-negocios-nordestinos\/\" \/>\n<meta property=\"og:locale\" content=\"pt_BR\" \/>\n<meta property=\"og:type\" content=\"article\" \/>\n<meta property=\"og:title\" content=\"I F\u00f3rum Nordeste de Economia Circular faz chamamento para projetos e neg\u00f3cios nordestinos - Maragogi News\" \/>\n<meta property=\"og:description\" content=\"O objetivo do chamamento \u00e9 construir um cadastro de uma rede atuante com iniciativas nordestinas conectadas \u00e0 pauta da circularidade e da sustentabilidade por meio de inscri\u00e7\u00f5es no site nordesteeconomiacircular.com.br at\u00e9 sexta-feira (27)\" \/>\n<meta property=\"og:url\" content=\"https:\/\/maragoginews.com.br\/portal\/noticias\/geral\/i-forum-nordeste-de-economia-circular-faz-chamamento-para-projetos-e-negocios-nordestinos\/\" \/>\n<meta property=\"og:site_name\" content=\"Maragogi News\" \/>\n<meta property=\"article:published_time\" content=\"2023-10-26T14:58:19+00:00\" \/>\n<meta property=\"og:image\" content=\"https:\/\/maragoginews.com.br\/portal\/wp-content\/uploads\/2023\/10\/32499ca4-45c7-430b-be03-8ebea440aa96.jpg\" \/>\n\t<meta property=\"og:image:width\" content=\"750\" \/>\n\t<meta property=\"og:image:height\" content=\"580\" \/>\n\t<meta property=\"og:image:type\" content=\"image\/jpeg\" \/>\n<meta name=\"author\" content=\"Reda\u00e7\u00e3o\" \/>\n<meta name=\"twitter:card\" content=\"summary_large_image\" \/>\n<meta name=\"twitter:label1\" content=\"Escrito por\" \/>\n\t<meta name=\"twitter:data1\" content=\"Reda\u00e7\u00e3o\" \/>\n\t<meta name=\"twitter:label2\" content=\"Est. tempo de leitura\" \/>\n\t<meta name=\"twitter:data2\" content=\"4 minutos\" \/>\n<script type=\"application\/ld+json\" class=\"yoast-schema-graph\">{\"@context\":\"https:\/\/schema.org\",\"@graph\":[{\"@type\":\"Article\",\"@id\":\"https:\/\/maragoginews.com.br\/portal\/noticias\/geral\/i-forum-nordeste-de-economia-circular-faz-chamamento-para-projetos-e-negocios-nordestinos\/#article\",\"isPartOf\":{\"@id\":\"https:\/\/maragoginews.com.br\/portal\/noticias\/geral\/i-forum-nordeste-de-economia-circular-faz-chamamento-para-projetos-e-negocios-nordestinos\/\"},\"author\":{\"name\":\"Reda\u00e7\u00e3o\",\"@id\":\"https:\/\/maragoginews.com.br\/portal\/#\/schema\/person\/a445323773becef66921958b9c97b6e1\"},\"headline\":\"I F\u00f3rum Nordeste de Economia Circular faz chamamento para projetos e neg\u00f3cios nordestinos\",\"datePublished\":\"2023-10-26T14:58:19+00:00\",\"mainEntityOfPage\":{\"@id\":\"https:\/\/maragoginews.com.br\/portal\/noticias\/geral\/i-forum-nordeste-de-economia-circular-faz-chamamento-para-projetos-e-negocios-nordestinos\/\"},\"wordCount\":672,\"commentCount\":0,\"publisher\":{\"@id\":\"https:\/\/maragoginews.com.br\/portal\/#organization\"},\"image\":{\"@id\":\"https:\/\/maragoginews.com.br\/portal\/noticias\/geral\/i-forum-nordeste-de-economia-circular-faz-chamamento-para-projetos-e-negocios-nordestinos\/#primaryimage\"},\"thumbnailUrl\":\"https:\/\/maragoginews.com.br\/portal\/wp-content\/uploads\/2023\/10\/32499ca4-45c7-430b-be03-8ebea440aa96.jpg\",\"articleSection\":[\"Geral\"],\"inLanguage\":\"pt-BR\",\"potentialAction\":[{\"@type\":\"CommentAction\",\"name\":\"Comment\",\"target\":[\"https:\/\/maragoginews.com.br\/portal\/noticias\/geral\/i-forum-nordeste-de-economia-circular-faz-chamamento-para-projetos-e-negocios-nordestinos\/#respond\"]}]},{\"@type\":\"WebPage\",\"@id\":\"https:\/\/maragoginews.com.br\/portal\/noticias\/geral\/i-forum-nordeste-de-economia-circular-faz-chamamento-para-projetos-e-negocios-nordestinos\/\",\"url\":\"https:\/\/maragoginews.com.br\/portal\/noticias\/geral\/i-forum-nordeste-de-economia-circular-faz-chamamento-para-projetos-e-negocios-nordestinos\/\",\"name\":\"I F\u00f3rum Nordeste de Economia Circular faz chamamento para projetos e neg\u00f3cios nordestinos - Maragogi News\",\"isPartOf\":{\"@id\":\"https:\/\/maragoginews.com.br\/portal\/#website\"},\"primaryImageOfPage\":{\"@id\":\"https:\/\/maragoginews.com.br\/portal\/noticias\/geral\/i-forum-nordeste-de-economia-circular-faz-chamamento-para-projetos-e-negocios-nordestinos\/#primaryimage\"},\"image\":{\"@id\":\"https:\/\/maragoginews.com.br\/portal\/noticias\/geral\/i-forum-nordeste-de-economia-circular-faz-chamamento-para-projetos-e-negocios-nordestinos\/#primaryimage\"},\"thumbnailUrl\":\"https:\/\/maragoginews.com.br\/portal\/wp-content\/uploads\/2023\/10\/32499ca4-45c7-430b-be03-8ebea440aa96.jpg\",\"datePublished\":\"2023-10-26T14:58:19+00:00\",\"breadcrumb\":{\"@id\":\"https:\/\/maragoginews.com.br\/portal\/noticias\/geral\/i-forum-nordeste-de-economia-circular-faz-chamamento-para-projetos-e-negocios-nordestinos\/#breadcrumb\"},\"inLanguage\":\"pt-BR\",\"potentialAction\":[{\"@type\":\"ReadAction\",\"target\":[\"https:\/\/maragoginews.com.br\/portal\/noticias\/geral\/i-forum-nordeste-de-economia-circular-faz-chamamento-para-projetos-e-negocios-nordestinos\/\"]}]},{\"@type\":\"ImageObject\",\"inLanguage\":\"pt-BR\",\"@id\":\"https:\/\/maragoginews.com.br\/portal\/noticias\/geral\/i-forum-nordeste-de-economia-circular-faz-chamamento-para-projetos-e-negocios-nordestinos\/#primaryimage\",\"url\":\"https:\/\/maragoginews.com.br\/portal\/wp-content\/uploads\/2023\/10\/32499ca4-45c7-430b-be03-8ebea440aa96.jpg\",\"contentUrl\":\"https:\/\/maragoginews.com.br\/portal\/wp-content\/uploads\/2023\/10\/32499ca4-45c7-430b-be03-8ebea440aa96.jpg\",\"width\":750,\"height\":580},{\"@type\":\"BreadcrumbList\",\"@id\":\"https:\/\/maragoginews.com.br\/portal\/noticias\/geral\/i-forum-nordeste-de-economia-circular-faz-chamamento-para-projetos-e-negocios-nordestinos\/#breadcrumb\",\"itemListElement\":[{\"@type\":\"ListItem\",\"position\":1,\"name\":\"In\u00edcio\",\"item\":\"https:\/\/maragoginews.com.br\/portal\/\"},{\"@type\":\"ListItem\",\"position\":2,\"name\":\"I F\u00f3rum Nordeste de Economia Circular faz chamamento para projetos e neg\u00f3cios nordestinos\"}]},{\"@type\":\"WebSite\",\"@id\":\"https:\/\/maragoginews.com.br\/portal\/#website\",\"url\":\"https:\/\/maragoginews.com.br\/portal\/\",\"name\":\"Maragogi News\",\"description\":\"Portal de Not\u00edcias\",\"publisher\":{\"@id\":\"https:\/\/maragoginews.com.br\/portal\/#organization\"},\"potentialAction\":[{\"@type\":\"SearchAction\",\"target\":{\"@type\":\"EntryPoint\",\"urlTemplate\":\"https:\/\/maragoginews.com.br\/portal\/?s={search_term_string}\"},\"query-input\":{\"@type\":\"PropertyValueSpecification\",\"valueRequired\":true,\"valueName\":\"search_term_string\"}}],\"inLanguage\":\"pt-BR\"},{\"@type\":\"Organization\",\"@id\":\"https:\/\/maragoginews.com.br\/portal\/#organization\",\"name\":\"Maragogi News\",\"url\":\"https:\/\/maragoginews.com.br\/portal\/\",\"logo\":{\"@type\":\"ImageObject\",\"inLanguage\":\"pt-BR\",\"@id\":\"https:\/\/maragoginews.com.br\/portal\/#\/schema\/logo\/image\/\",\"url\":\"https:\/\/maragoginews.com.br\/portal\/wp-content\/uploads\/2020\/10\/mn.png\",\"contentUrl\":\"https:\/\/maragoginews.com.br\/portal\/wp-content\/uploads\/2020\/10\/mn.png\",\"width\":305,\"height\":50,\"caption\":\"Maragogi News\"},\"image\":{\"@id\":\"https:\/\/maragoginews.com.br\/portal\/#\/schema\/logo\/image\/\"}},{\"@type\":\"Person\",\"@id\":\"https:\/\/maragoginews.com.br\/portal\/#\/schema\/person\/a445323773becef66921958b9c97b6e1\",\"name\":\"Reda\u00e7\u00e3o\",\"image\":{\"@type\":\"ImageObject\",\"inLanguage\":\"pt-BR\",\"@id\":\"https:\/\/maragoginews.com.br\/portal\/#\/schema\/person\/image\/\",\"url\":\"https:\/\/maragoginews.com.br\/portal\/wp-content\/uploads\/2020\/12\/redacao.jpg\",\"contentUrl\":\"https:\/\/maragoginews.com.br\/portal\/wp-content\/uploads\/2020\/12\/redacao.jpg\",\"caption\":\"Reda\u00e7\u00e3o\"},\"sameAs\":[\"http:\/\/maragoginews.com.br\/\"],\"url\":\"https:\/\/maragoginews.com.br\/portal\/author\/redacao\/\"}]}<\/script>\n<!-- \/ Yoast SEO plugin. -->","yoast_head_json":{"title":"I F\u00f3rum Nordeste de Economia Circular faz chamamento para projetos e neg\u00f3cios nordestinos - Maragogi News","robots":{"index":"index","follow":"follow","max-snippet":"max-snippet:-1","max-image-preview":"max-image-preview:large","max-video-preview":"max-video-preview:-1"},"canonical":"https:\/\/maragoginews.com.br\/portal\/noticias\/geral\/i-forum-nordeste-de-economia-circular-faz-chamamento-para-projetos-e-negocios-nordestinos\/","og_locale":"pt_BR","og_type":"article","og_title":"I F\u00f3rum Nordeste de Economia Circular faz chamamento para projetos e neg\u00f3cios nordestinos - Maragogi News","og_description":"O objetivo do chamamento \u00e9 construir um cadastro de uma rede atuante com iniciativas nordestinas conectadas \u00e0 pauta da circularidade e da sustentabilidade por meio de inscri\u00e7\u00f5es no site nordesteeconomiacircular.com.br at\u00e9 sexta-feira (27)","og_url":"https:\/\/maragoginews.com.br\/portal\/noticias\/geral\/i-forum-nordeste-de-economia-circular-faz-chamamento-para-projetos-e-negocios-nordestinos\/","og_site_name":"Maragogi News","article_published_time":"2023-10-26T14:58:19+00:00","og_image":[{"width":750,"height":580,"url":"https:\/\/maragoginews.com.br\/portal\/wp-content\/uploads\/2023\/10\/32499ca4-45c7-430b-be03-8ebea440aa96.jpg","type":"image\/jpeg"}],"author":"Reda\u00e7\u00e3o","twitter_card":"summary_large_image","twitter_misc":{"Escrito por":"Reda\u00e7\u00e3o","Est. tempo de leitura":"4 minutos"},"schema":{"@context":"https:\/\/schema.org","@graph":[{"@type":"Article","@id":"https:\/\/maragoginews.com.br\/portal\/noticias\/geral\/i-forum-nordeste-de-economia-circular-faz-chamamento-para-projetos-e-negocios-nordestinos\/#article","isPartOf":{"@id":"https:\/\/maragoginews.com.br\/portal\/noticias\/geral\/i-forum-nordeste-de-economia-circular-faz-chamamento-para-projetos-e-negocios-nordestinos\/"},"author":{"name":"Reda\u00e7\u00e3o","@id":"https:\/\/maragoginews.com.br\/portal\/#\/schema\/person\/a445323773becef66921958b9c97b6e1"},"headline":"I F\u00f3rum Nordeste de Economia Circular faz chamamento para projetos e neg\u00f3cios nordestinos","datePublished":"2023-10-26T14:58:19+00:00","mainEntityOfPage":{"@id":"https:\/\/maragoginews.com.br\/portal\/noticias\/geral\/i-forum-nordeste-de-economia-circular-faz-chamamento-para-projetos-e-negocios-nordestinos\/"},"wordCount":672,"commentCount":0,"publisher":{"@id":"https:\/\/maragoginews.com.br\/portal\/#organization"},"image":{"@id":"https:\/\/maragoginews.com.br\/portal\/noticias\/geral\/i-forum-nordeste-de-economia-circular-faz-chamamento-para-projetos-e-negocios-nordestinos\/#primaryimage"},"thumbnailUrl":"https:\/\/maragoginews.com.br\/portal\/wp-content\/uploads\/2023\/10\/32499ca4-45c7-430b-be03-8ebea440aa96.jpg","articleSection":["Geral"],"inLanguage":"pt-BR","potentialAction":[{"@type":"CommentAction","name":"Comment","target":["https:\/\/maragoginews.com.br\/portal\/noticias\/geral\/i-forum-nordeste-de-economia-circular-faz-chamamento-para-projetos-e-negocios-nordestinos\/#respond"]}]},{"@type":"WebPage","@id":"https:\/\/maragoginews.com.br\/portal\/noticias\/geral\/i-forum-nordeste-de-economia-circular-faz-chamamento-para-projetos-e-negocios-nordestinos\/","url":"https:\/\/maragoginews.com.br\/portal\/noticias\/geral\/i-forum-nordeste-de-economia-circular-faz-chamamento-para-projetos-e-negocios-nordestinos\/","name":"I F\u00f3rum Nordeste de Economia Circular faz chamamento para projetos e neg\u00f3cios nordestinos - Maragogi News","isPartOf":{"@id":"https:\/\/maragoginews.com.br\/portal\/#website"},"primaryImageOfPage":{"@id":"https:\/\/maragoginews.com.br\/portal\/noticias\/geral\/i-forum-nordeste-de-economia-circular-faz-chamamento-para-projetos-e-negocios-nordestinos\/#primaryimage"},"image":{"@id":"https:\/\/maragoginews.com.br\/portal\/noticias\/geral\/i-forum-nordeste-de-economia-circular-faz-chamamento-para-projetos-e-negocios-nordestinos\/#primaryimage"},"thumbnailUrl":"https:\/\/maragoginews.com.br\/portal\/wp-content\/uploads\/2023\/10\/32499ca4-45c7-430b-be03-8ebea440aa96.jpg","datePublished":"2023-10-26T14:58:19+00:00","breadcrumb":{"@id":"https:\/\/maragoginews.com.br\/portal\/noticias\/geral\/i-forum-nordeste-de-economia-circular-faz-chamamento-para-projetos-e-negocios-nordestinos\/#breadcrumb"},"inLanguage":"pt-BR","potentialAction":[{"@type":"ReadAction","target":["https:\/\/maragoginews.com.br\/portal\/noticias\/geral\/i-forum-nordeste-de-economia-circular-faz-chamamento-para-projetos-e-negocios-nordestinos\/"]}]},{"@type":"ImageObject","inLanguage":"pt-BR","@id":"https:\/\/maragoginews.com.br\/portal\/noticias\/geral\/i-forum-nordeste-de-economia-circular-faz-chamamento-para-projetos-e-negocios-nordestinos\/#primaryimage","url":"https:\/\/maragoginews.com.br\/portal\/wp-content\/uploads\/2023\/10\/32499ca4-45c7-430b-be03-8ebea440aa96.jpg","contentUrl":"https:\/\/maragoginews.com.br\/portal\/wp-content\/uploads\/2023\/10\/32499ca4-45c7-430b-be03-8ebea440aa96.jpg","width":750,"height":580},{"@type":"BreadcrumbList","@id":"https:\/\/maragoginews.com.br\/portal\/noticias\/geral\/i-forum-nordeste-de-economia-circular-faz-chamamento-para-projetos-e-negocios-nordestinos\/#breadcrumb","itemListElement":[{"@type":"ListItem","position":1,"name":"In\u00edcio","item":"https:\/\/maragoginews.com.br\/portal\/"},{"@type":"ListItem","position":2,"name":"I F\u00f3rum Nordeste de Economia Circular faz chamamento para projetos e neg\u00f3cios nordestinos"}]},{"@type":"WebSite","@id":"https:\/\/maragoginews.com.br\/portal\/#website","url":"https:\/\/maragoginews.com.br\/portal\/","name":"Maragogi News","description":"Portal de Not\u00edcias","publisher":{"@id":"https:\/\/maragoginews.com.br\/portal\/#organization"},"potentialAction":[{"@type":"SearchAction","target":{"@type":"EntryPoint","urlTemplate":"https:\/\/maragoginews.com.br\/portal\/?s={search_term_string}"},"query-input":{"@type":"PropertyValueSpecification","valueRequired":true,"valueName":"search_term_string"}}],"inLanguage":"pt-BR"},{"@type":"Organization","@id":"https:\/\/maragoginews.com.br\/portal\/#organization","name":"Maragogi News","url":"https:\/\/maragoginews.com.br\/portal\/","logo":{"@type":"ImageObject","inLanguage":"pt-BR","@id":"https:\/\/maragoginews.com.br\/portal\/#\/schema\/logo\/image\/","url":"https:\/\/maragoginews.com.br\/portal\/wp-content\/uploads\/2020\/10\/mn.png","contentUrl":"https:\/\/maragoginews.com.br\/portal\/wp-content\/uploads\/2020\/10\/mn.png","width":305,"height":50,"caption":"Maragogi News"},"image":{"@id":"https:\/\/maragoginews.com.br\/portal\/#\/schema\/logo\/image\/"}},{"@type":"Person","@id":"https:\/\/maragoginews.com.br\/portal\/#\/schema\/person\/a445323773becef66921958b9c97b6e1","name":"Reda\u00e7\u00e3o","image":{"@type":"ImageObject","inLanguage":"pt-BR","@id":"https:\/\/maragoginews.com.br\/portal\/#\/schema\/person\/image\/","url":"https:\/\/maragoginews.com.br\/portal\/wp-content\/uploads\/2020\/12\/redacao.jpg","contentUrl":"https:\/\/maragoginews.com.br\/portal\/wp-content\/uploads\/2020\/12\/redacao.jpg","caption":"Reda\u00e7\u00e3o"},"sameAs":["http:\/\/maragoginews.com.br\/"],"url":"https:\/\/maragoginews.com.br\/portal\/author\/redacao\/"}]}},"_links":{"self":[{"href":"https:\/\/maragoginews.com.br\/portal\/wp-json\/wp\/v2\/posts\/16260","targetHints":{"allow":["GET"]}}],"collection":[{"href":"https:\/\/maragoginews.com.br\/portal\/wp-json\/wp\/v2\/posts"}],"about":[{"href":"https:\/\/maragoginews.com.br\/portal\/wp-json\/wp\/v2\/types\/post"}],"author":[{"embeddable":true,"href":"https:\/\/maragoginews.com.br\/portal\/wp-json\/wp\/v2\/users\/3"}],"replies":[{"embeddable":true,"href":"https:\/\/maragoginews.com.br\/portal\/wp-json\/wp\/v2\/comments?post=16260"}],"version-history":[{"count":1,"href":"https:\/\/maragoginews.com.br\/portal\/wp-json\/wp\/v2\/posts\/16260\/revisions"}],"predecessor-version":[{"id":16262,"href":"https:\/\/maragoginews.com.br\/portal\/wp-json\/wp\/v2\/posts\/16260\/revisions\/16262"}],"wp:featuredmedia":[{"embeddable":true,"href":"https:\/\/maragoginews.com.br\/portal\/wp-json\/wp\/v2\/media\/16261"}],"wp:attachment":[{"href":"https:\/\/maragoginews.com.br\/portal\/wp-json\/wp\/v2\/media?parent=16260"}],"wp:term":[{"taxonomy":"category","embeddable":true,"href":"https:\/\/maragoginews.com.br\/portal\/wp-json\/wp\/v2\/categories?post=16260"},{"taxonomy":"post_tag","embeddable":true,"href":"https:\/\/maragoginews.com.br\/portal\/wp-json\/wp\/v2\/tags?post=16260"}],"curies":[{"name":"wp","href":"https:\/\/api.w.org\/{rel}","templated":true}]}}