{"id":16434,"date":"2023-11-09T06:12:57","date_gmt":"2023-11-09T09:12:57","guid":{"rendered":"https:\/\/maragoginews.com.br\/portal\/?p=16434"},"modified":"2023-11-08T21:15:58","modified_gmt":"2023-11-09T00:15:58","slug":"ima-autua-prefeitura-de-maragogi-e-verde-ambiental-por-lancamento-de-efluente-no-mar","status":"publish","type":"post","link":"https:\/\/maragoginews.com.br\/portal\/noticias\/geral\/meio-ambiente-sustentabilidade\/ima-autua-prefeitura-de-maragogi-e-verde-ambiental-por-lancamento-de-efluente-no-mar\/","title":{"rendered":"IMA autua Prefeitura de Maragogi e Verde Ambiental por lan\u00e7amento de efluente no mar"},"content":{"rendered":"<p>O Instituto do Meio Ambiente do Estado de Alagoas (IMA-AL) autuou a Prefeitura de Maragogi e a empresa Verde Ambiental, que det\u00e9m a concess\u00e3o de servi\u00e7os de \u00e1gua e esgoto no munic\u00edpio, por lan\u00e7amento de efluentes em faixa de praia, conforme den\u00fancia que chegou ao IMA por meio de v\u00eddeos. Cada uma foi multada em R$ 250 mil.<\/p>\n<p>Na ter\u00e7a-feira (7), ap\u00f3s a den\u00fancia chegar ao \u00f3rg\u00e3o, equipes de fiscaliza\u00e7\u00e3o e do laborat\u00f3rio estiveram em Maragogi, no Litoral Norte de Alagoas e constataram as irregularidades. Em princ\u00edpio, foi poss\u00edvel identificar uma conex\u00e3o entre a rede de efluentes, operada pela Verde Ambiental, e a galeria de \u00e1guas pluviais, que \u00e9 de responsabilidade da Prefeitura de Maragogi, o que resultou no lan\u00e7amento de efluente na faixa de areia da praia.<\/p>\n<p><img decoding=\"async\" src=\"http:\/\/alagoas.al.gov.br\/imagens\/conteudos\/1eb7847c92009125bf5c990a04414003\/\/Fiscaliza%C3%A7%C3%A3o%20IMA%20Maragogi%20(1).jpeg\" \/><\/p>\n<p>A equipe da Ger\u00eancia de Laborat\u00f3rio realizou coletas para an\u00e1lise do efluente que estava sendo despejado. Os resultados devem ficar prontos em sete dias \u00fateis.<\/p>\n<p>Ascom IMA<\/p>\n","protected":false},"excerpt":{"rendered":"<p>Equipes de fiscaliza\u00e7\u00e3o e do laborat\u00f3rio estiveram no munic\u00edpio e constataram irregularidades<\/p>\n","protected":false},"author":3,"featured_media":16435,"comment_status":"open","ping_status":"open","sticky":false,"template":"","format":"standard","meta":{"footnotes":""},"categories":[36],"tags":[],"class_list":["post-16434","post","type-post","status-publish","format-standard","has-post-thumbnail","hentry","category-meio-ambiente-sustentabilidade","posicao_chamadas-destaque-pequeno"],"yoast_head":"<!-- This site is optimized with the Yoast SEO plugin v26.6 - https:\/\/yoast.com\/wordpress\/plugins\/seo\/ -->\n<title>IMA autua Prefeitura de Maragogi e Verde Ambiental por lan\u00e7amento de efluente no mar - Maragogi News<\/title>\n<meta name=\"robots\" content=\"index, follow, max-snippet:-1, max-image-preview:large, max-video-preview:-1\" \/>\n<link rel=\"canonical\" href=\"https:\/\/maragoginews.com.br\/portal\/noticias\/geral\/meio-ambiente-sustentabilidade\/ima-autua-prefeitura-de-maragogi-e-verde-ambiental-por-lancamento-de-efluente-no-mar\/\" \/>\n<meta property=\"og:locale\" content=\"pt_BR\" \/>\n<meta property=\"og:type\" content=\"article\" \/>\n<meta property=\"og:title\" content=\"IMA autua Prefeitura de Maragogi e Verde Ambiental por lan\u00e7amento de efluente no mar - Maragogi News\" \/>\n<meta property=\"og:description\" content=\"Equipes de fiscaliza\u00e7\u00e3o e do laborat\u00f3rio estiveram no munic\u00edpio e constataram irregularidades\" \/>\n<meta property=\"og:url\" content=\"https:\/\/maragoginews.com.br\/portal\/noticias\/geral\/meio-ambiente-sustentabilidade\/ima-autua-prefeitura-de-maragogi-e-verde-ambiental-por-lancamento-de-efluente-no-mar\/\" \/>\n<meta property=\"og:site_name\" content=\"Maragogi News\" \/>\n<meta property=\"article:published_time\" content=\"2023-11-09T09:12:57+00:00\" \/>\n<meta property=\"og:image\" content=\"https:\/\/maragoginews.com.br\/portal\/wp-content\/uploads\/2023\/11\/ima-autua-prefeitura-de-maragogi-e-verde-ambiental-por-lancamento-de-efluente-no-mar-scaled.jpeg\" \/>\n\t<meta property=\"og:image:width\" content=\"970\" \/>\n\t<meta property=\"og:image:height\" content=\"646\" \/>\n\t<meta property=\"og:image:type\" content=\"image\/jpeg\" \/>\n<meta name=\"author\" content=\"Reda\u00e7\u00e3o\" \/>\n<meta name=\"twitter:card\" content=\"summary_large_image\" \/>\n<meta name=\"twitter:label1\" content=\"Escrito por\" \/>\n\t<meta name=\"twitter:data1\" content=\"Reda\u00e7\u00e3o\" \/>\n\t<meta name=\"twitter:label2\" content=\"Est. tempo de leitura\" \/>\n\t<meta name=\"twitter:data2\" content=\"1 minuto\" \/>\n<script type=\"application\/ld+json\" class=\"yoast-schema-graph\">{\"@context\":\"https:\/\/schema.org\",\"@graph\":[{\"@type\":\"Article\",\"@id\":\"https:\/\/maragoginews.com.br\/portal\/noticias\/geral\/meio-ambiente-sustentabilidade\/ima-autua-prefeitura-de-maragogi-e-verde-ambiental-por-lancamento-de-efluente-no-mar\/#article\",\"isPartOf\":{\"@id\":\"https:\/\/maragoginews.com.br\/portal\/noticias\/geral\/meio-ambiente-sustentabilidade\/ima-autua-prefeitura-de-maragogi-e-verde-ambiental-por-lancamento-de-efluente-no-mar\/\"},\"author\":{\"name\":\"Reda\u00e7\u00e3o\",\"@id\":\"https:\/\/maragoginews.com.br\/portal\/#\/schema\/person\/a445323773becef66921958b9c97b6e1\"},\"headline\":\"IMA autua Prefeitura de Maragogi e Verde Ambiental por lan\u00e7amento de efluente no mar\",\"datePublished\":\"2023-11-09T09:12:57+00:00\",\"mainEntityOfPage\":{\"@id\":\"https:\/\/maragoginews.com.br\/portal\/noticias\/geral\/meio-ambiente-sustentabilidade\/ima-autua-prefeitura-de-maragogi-e-verde-ambiental-por-lancamento-de-efluente-no-mar\/\"},\"wordCount\":187,\"commentCount\":0,\"publisher\":{\"@id\":\"https:\/\/maragoginews.com.br\/portal\/#organization\"},\"image\":{\"@id\":\"https:\/\/maragoginews.com.br\/portal\/noticias\/geral\/meio-ambiente-sustentabilidade\/ima-autua-prefeitura-de-maragogi-e-verde-ambiental-por-lancamento-de-efluente-no-mar\/#primaryimage\"},\"thumbnailUrl\":\"https:\/\/maragoginews.com.br\/portal\/wp-content\/uploads\/2023\/11\/ima-autua-prefeitura-de-maragogi-e-verde-ambiental-por-lancamento-de-efluente-no-mar-scaled.jpeg\",\"articleSection\":[\"Meio Ambiente &amp; Sustentabilidade\"],\"inLanguage\":\"pt-BR\",\"potentialAction\":[{\"@type\":\"CommentAction\",\"name\":\"Comment\",\"target\":[\"https:\/\/maragoginews.com.br\/portal\/noticias\/geral\/meio-ambiente-sustentabilidade\/ima-autua-prefeitura-de-maragogi-e-verde-ambiental-por-lancamento-de-efluente-no-mar\/#respond\"]}]},{\"@type\":\"WebPage\",\"@id\":\"https:\/\/maragoginews.com.br\/portal\/noticias\/geral\/meio-ambiente-sustentabilidade\/ima-autua-prefeitura-de-maragogi-e-verde-ambiental-por-lancamento-de-efluente-no-mar\/\",\"url\":\"https:\/\/maragoginews.com.br\/portal\/noticias\/geral\/meio-ambiente-sustentabilidade\/ima-autua-prefeitura-de-maragogi-e-verde-ambiental-por-lancamento-de-efluente-no-mar\/\",\"name\":\"IMA autua Prefeitura de Maragogi e Verde Ambiental por lan\u00e7amento de efluente no mar - Maragogi News\",\"isPartOf\":{\"@id\":\"https:\/\/maragoginews.com.br\/portal\/#website\"},\"primaryImageOfPage\":{\"@id\":\"https:\/\/maragoginews.com.br\/portal\/noticias\/geral\/meio-ambiente-sustentabilidade\/ima-autua-prefeitura-de-maragogi-e-verde-ambiental-por-lancamento-de-efluente-no-mar\/#primaryimage\"},\"image\":{\"@id\":\"https:\/\/maragoginews.com.br\/portal\/noticias\/geral\/meio-ambiente-sustentabilidade\/ima-autua-prefeitura-de-maragogi-e-verde-ambiental-por-lancamento-de-efluente-no-mar\/#primaryimage\"},\"thumbnailUrl\":\"https:\/\/maragoginews.com.br\/portal\/wp-content\/uploads\/2023\/11\/ima-autua-prefeitura-de-maragogi-e-verde-ambiental-por-lancamento-de-efluente-no-mar-scaled.jpeg\",\"datePublished\":\"2023-11-09T09:12:57+00:00\",\"breadcrumb\":{\"@id\":\"https:\/\/maragoginews.com.br\/portal\/noticias\/geral\/meio-ambiente-sustentabilidade\/ima-autua-prefeitura-de-maragogi-e-verde-ambiental-por-lancamento-de-efluente-no-mar\/#breadcrumb\"},\"inLanguage\":\"pt-BR\",\"potentialAction\":[{\"@type\":\"ReadAction\",\"target\":[\"https:\/\/maragoginews.com.br\/portal\/noticias\/geral\/meio-ambiente-sustentabilidade\/ima-autua-prefeitura-de-maragogi-e-verde-ambiental-por-lancamento-de-efluente-no-mar\/\"]}]},{\"@type\":\"ImageObject\",\"inLanguage\":\"pt-BR\",\"@id\":\"https:\/\/maragoginews.com.br\/portal\/noticias\/geral\/meio-ambiente-sustentabilidade\/ima-autua-prefeitura-de-maragogi-e-verde-ambiental-por-lancamento-de-efluente-no-mar\/#primaryimage\",\"url\":\"https:\/\/maragoginews.com.br\/portal\/wp-content\/uploads\/2023\/11\/ima-autua-prefeitura-de-maragogi-e-verde-ambiental-por-lancamento-de-efluente-no-mar-scaled.jpeg\",\"contentUrl\":\"https:\/\/maragoginews.com.br\/portal\/wp-content\/uploads\/2023\/11\/ima-autua-prefeitura-de-maragogi-e-verde-ambiental-por-lancamento-de-efluente-no-mar-scaled.jpeg\",\"width\":970,\"height\":646,\"caption\":\"Ap\u00f3s den\u00fancia chegar ao IMA, equipes de fiscaliza\u00e7\u00e3o e do laborat\u00f3rio estiveram em Maragogi, no Litoral Norte de Alagoas e constataram as irregularidades. Foto: Ascom IMA\"},{\"@type\":\"BreadcrumbList\",\"@id\":\"https:\/\/maragoginews.com.br\/portal\/noticias\/geral\/meio-ambiente-sustentabilidade\/ima-autua-prefeitura-de-maragogi-e-verde-ambiental-por-lancamento-de-efluente-no-mar\/#breadcrumb\",\"itemListElement\":[{\"@type\":\"ListItem\",\"position\":1,\"name\":\"In\u00edcio\",\"item\":\"https:\/\/maragoginews.com.br\/portal\/\"},{\"@type\":\"ListItem\",\"position\":2,\"name\":\"IMA autua Prefeitura de Maragogi e Verde Ambiental por lan\u00e7amento de efluente no mar\"}]},{\"@type\":\"WebSite\",\"@id\":\"https:\/\/maragoginews.com.br\/portal\/#website\",\"url\":\"https:\/\/maragoginews.com.br\/portal\/\",\"name\":\"Maragogi News\",\"description\":\"Portal de Not\u00edcias\",\"publisher\":{\"@id\":\"https:\/\/maragoginews.com.br\/portal\/#organization\"},\"potentialAction\":[{\"@type\":\"SearchAction\",\"target\":{\"@type\":\"EntryPoint\",\"urlTemplate\":\"https:\/\/maragoginews.com.br\/portal\/?s={search_term_string}\"},\"query-input\":{\"@type\":\"PropertyValueSpecification\",\"valueRequired\":true,\"valueName\":\"search_term_string\"}}],\"inLanguage\":\"pt-BR\"},{\"@type\":\"Organization\",\"@id\":\"https:\/\/maragoginews.com.br\/portal\/#organization\",\"name\":\"Maragogi News\",\"url\":\"https:\/\/maragoginews.com.br\/portal\/\",\"logo\":{\"@type\":\"ImageObject\",\"inLanguage\":\"pt-BR\",\"@id\":\"https:\/\/maragoginews.com.br\/portal\/#\/schema\/logo\/image\/\",\"url\":\"https:\/\/maragoginews.com.br\/portal\/wp-content\/uploads\/2020\/10\/mn.png\",\"contentUrl\":\"https:\/\/maragoginews.com.br\/portal\/wp-content\/uploads\/2020\/10\/mn.png\",\"width\":305,\"height\":50,\"caption\":\"Maragogi News\"},\"image\":{\"@id\":\"https:\/\/maragoginews.com.br\/portal\/#\/schema\/logo\/image\/\"}},{\"@type\":\"Person\",\"@id\":\"https:\/\/maragoginews.com.br\/portal\/#\/schema\/person\/a445323773becef66921958b9c97b6e1\",\"name\":\"Reda\u00e7\u00e3o\",\"image\":{\"@type\":\"ImageObject\",\"inLanguage\":\"pt-BR\",\"@id\":\"https:\/\/maragoginews.com.br\/portal\/#\/schema\/person\/image\/\",\"url\":\"https:\/\/maragoginews.com.br\/portal\/wp-content\/uploads\/2020\/12\/redacao.jpg\",\"contentUrl\":\"https:\/\/maragoginews.com.br\/portal\/wp-content\/uploads\/2020\/12\/redacao.jpg\",\"caption\":\"Reda\u00e7\u00e3o\"},\"sameAs\":[\"http:\/\/maragoginews.com.br\/\"],\"url\":\"https:\/\/maragoginews.com.br\/portal\/author\/redacao\/\"}]}<\/script>\n<!-- \/ Yoast SEO plugin. -->","yoast_head_json":{"title":"IMA autua Prefeitura de Maragogi e Verde Ambiental por lan\u00e7amento de efluente no mar - Maragogi News","robots":{"index":"index","follow":"follow","max-snippet":"max-snippet:-1","max-image-preview":"max-image-preview:large","max-video-preview":"max-video-preview:-1"},"canonical":"https:\/\/maragoginews.com.br\/portal\/noticias\/geral\/meio-ambiente-sustentabilidade\/ima-autua-prefeitura-de-maragogi-e-verde-ambiental-por-lancamento-de-efluente-no-mar\/","og_locale":"pt_BR","og_type":"article","og_title":"IMA autua Prefeitura de Maragogi e Verde Ambiental por lan\u00e7amento de efluente no mar - Maragogi News","og_description":"Equipes de fiscaliza\u00e7\u00e3o e do laborat\u00f3rio estiveram no munic\u00edpio e constataram irregularidades","og_url":"https:\/\/maragoginews.com.br\/portal\/noticias\/geral\/meio-ambiente-sustentabilidade\/ima-autua-prefeitura-de-maragogi-e-verde-ambiental-por-lancamento-de-efluente-no-mar\/","og_site_name":"Maragogi News","article_published_time":"2023-11-09T09:12:57+00:00","og_image":[{"width":970,"height":646,"url":"https:\/\/maragoginews.com.br\/portal\/wp-content\/uploads\/2023\/11\/ima-autua-prefeitura-de-maragogi-e-verde-ambiental-por-lancamento-de-efluente-no-mar-scaled.jpeg","type":"image\/jpeg"}],"author":"Reda\u00e7\u00e3o","twitter_card":"summary_large_image","twitter_misc":{"Escrito por":"Reda\u00e7\u00e3o","Est. tempo de leitura":"1 minuto"},"schema":{"@context":"https:\/\/schema.org","@graph":[{"@type":"Article","@id":"https:\/\/maragoginews.com.br\/portal\/noticias\/geral\/meio-ambiente-sustentabilidade\/ima-autua-prefeitura-de-maragogi-e-verde-ambiental-por-lancamento-de-efluente-no-mar\/#article","isPartOf":{"@id":"https:\/\/maragoginews.com.br\/portal\/noticias\/geral\/meio-ambiente-sustentabilidade\/ima-autua-prefeitura-de-maragogi-e-verde-ambiental-por-lancamento-de-efluente-no-mar\/"},"author":{"name":"Reda\u00e7\u00e3o","@id":"https:\/\/maragoginews.com.br\/portal\/#\/schema\/person\/a445323773becef66921958b9c97b6e1"},"headline":"IMA autua Prefeitura de Maragogi e Verde Ambiental por lan\u00e7amento de efluente no mar","datePublished":"2023-11-09T09:12:57+00:00","mainEntityOfPage":{"@id":"https:\/\/maragoginews.com.br\/portal\/noticias\/geral\/meio-ambiente-sustentabilidade\/ima-autua-prefeitura-de-maragogi-e-verde-ambiental-por-lancamento-de-efluente-no-mar\/"},"wordCount":187,"commentCount":0,"publisher":{"@id":"https:\/\/maragoginews.com.br\/portal\/#organization"},"image":{"@id":"https:\/\/maragoginews.com.br\/portal\/noticias\/geral\/meio-ambiente-sustentabilidade\/ima-autua-prefeitura-de-maragogi-e-verde-ambiental-por-lancamento-de-efluente-no-mar\/#primaryimage"},"thumbnailUrl":"https:\/\/maragoginews.com.br\/portal\/wp-content\/uploads\/2023\/11\/ima-autua-prefeitura-de-maragogi-e-verde-ambiental-por-lancamento-de-efluente-no-mar-scaled.jpeg","articleSection":["Meio Ambiente &amp; Sustentabilidade"],"inLanguage":"pt-BR","potentialAction":[{"@type":"CommentAction","name":"Comment","target":["https:\/\/maragoginews.com.br\/portal\/noticias\/geral\/meio-ambiente-sustentabilidade\/ima-autua-prefeitura-de-maragogi-e-verde-ambiental-por-lancamento-de-efluente-no-mar\/#respond"]}]},{"@type":"WebPage","@id":"https:\/\/maragoginews.com.br\/portal\/noticias\/geral\/meio-ambiente-sustentabilidade\/ima-autua-prefeitura-de-maragogi-e-verde-ambiental-por-lancamento-de-efluente-no-mar\/","url":"https:\/\/maragoginews.com.br\/portal\/noticias\/geral\/meio-ambiente-sustentabilidade\/ima-autua-prefeitura-de-maragogi-e-verde-ambiental-por-lancamento-de-efluente-no-mar\/","name":"IMA autua Prefeitura de Maragogi e Verde Ambiental por lan\u00e7amento de efluente no mar - Maragogi News","isPartOf":{"@id":"https:\/\/maragoginews.com.br\/portal\/#website"},"primaryImageOfPage":{"@id":"https:\/\/maragoginews.com.br\/portal\/noticias\/geral\/meio-ambiente-sustentabilidade\/ima-autua-prefeitura-de-maragogi-e-verde-ambiental-por-lancamento-de-efluente-no-mar\/#primaryimage"},"image":{"@id":"https:\/\/maragoginews.com.br\/portal\/noticias\/geral\/meio-ambiente-sustentabilidade\/ima-autua-prefeitura-de-maragogi-e-verde-ambiental-por-lancamento-de-efluente-no-mar\/#primaryimage"},"thumbnailUrl":"https:\/\/maragoginews.com.br\/portal\/wp-content\/uploads\/2023\/11\/ima-autua-prefeitura-de-maragogi-e-verde-ambiental-por-lancamento-de-efluente-no-mar-scaled.jpeg","datePublished":"2023-11-09T09:12:57+00:00","breadcrumb":{"@id":"https:\/\/maragoginews.com.br\/portal\/noticias\/geral\/meio-ambiente-sustentabilidade\/ima-autua-prefeitura-de-maragogi-e-verde-ambiental-por-lancamento-de-efluente-no-mar\/#breadcrumb"},"inLanguage":"pt-BR","potentialAction":[{"@type":"ReadAction","target":["https:\/\/maragoginews.com.br\/portal\/noticias\/geral\/meio-ambiente-sustentabilidade\/ima-autua-prefeitura-de-maragogi-e-verde-ambiental-por-lancamento-de-efluente-no-mar\/"]}]},{"@type":"ImageObject","inLanguage":"pt-BR","@id":"https:\/\/maragoginews.com.br\/portal\/noticias\/geral\/meio-ambiente-sustentabilidade\/ima-autua-prefeitura-de-maragogi-e-verde-ambiental-por-lancamento-de-efluente-no-mar\/#primaryimage","url":"https:\/\/maragoginews.com.br\/portal\/wp-content\/uploads\/2023\/11\/ima-autua-prefeitura-de-maragogi-e-verde-ambiental-por-lancamento-de-efluente-no-mar-scaled.jpeg","contentUrl":"https:\/\/maragoginews.com.br\/portal\/wp-content\/uploads\/2023\/11\/ima-autua-prefeitura-de-maragogi-e-verde-ambiental-por-lancamento-de-efluente-no-mar-scaled.jpeg","width":970,"height":646,"caption":"Ap\u00f3s den\u00fancia chegar ao IMA, equipes de fiscaliza\u00e7\u00e3o e do laborat\u00f3rio estiveram em Maragogi, no Litoral Norte de Alagoas e constataram as irregularidades. Foto: Ascom IMA"},{"@type":"BreadcrumbList","@id":"https:\/\/maragoginews.com.br\/portal\/noticias\/geral\/meio-ambiente-sustentabilidade\/ima-autua-prefeitura-de-maragogi-e-verde-ambiental-por-lancamento-de-efluente-no-mar\/#breadcrumb","itemListElement":[{"@type":"ListItem","position":1,"name":"In\u00edcio","item":"https:\/\/maragoginews.com.br\/portal\/"},{"@type":"ListItem","position":2,"name":"IMA autua Prefeitura de Maragogi e Verde Ambiental por lan\u00e7amento de efluente no mar"}]},{"@type":"WebSite","@id":"https:\/\/maragoginews.com.br\/portal\/#website","url":"https:\/\/maragoginews.com.br\/portal\/","name":"Maragogi News","description":"Portal de Not\u00edcias","publisher":{"@id":"https:\/\/maragoginews.com.br\/portal\/#organization"},"potentialAction":[{"@type":"SearchAction","target":{"@type":"EntryPoint","urlTemplate":"https:\/\/maragoginews.com.br\/portal\/?s={search_term_string}"},"query-input":{"@type":"PropertyValueSpecification","valueRequired":true,"valueName":"search_term_string"}}],"inLanguage":"pt-BR"},{"@type":"Organization","@id":"https:\/\/maragoginews.com.br\/portal\/#organization","name":"Maragogi News","url":"https:\/\/maragoginews.com.br\/portal\/","logo":{"@type":"ImageObject","inLanguage":"pt-BR","@id":"https:\/\/maragoginews.com.br\/portal\/#\/schema\/logo\/image\/","url":"https:\/\/maragoginews.com.br\/portal\/wp-content\/uploads\/2020\/10\/mn.png","contentUrl":"https:\/\/maragoginews.com.br\/portal\/wp-content\/uploads\/2020\/10\/mn.png","width":305,"height":50,"caption":"Maragogi News"},"image":{"@id":"https:\/\/maragoginews.com.br\/portal\/#\/schema\/logo\/image\/"}},{"@type":"Person","@id":"https:\/\/maragoginews.com.br\/portal\/#\/schema\/person\/a445323773becef66921958b9c97b6e1","name":"Reda\u00e7\u00e3o","image":{"@type":"ImageObject","inLanguage":"pt-BR","@id":"https:\/\/maragoginews.com.br\/portal\/#\/schema\/person\/image\/","url":"https:\/\/maragoginews.com.br\/portal\/wp-content\/uploads\/2020\/12\/redacao.jpg","contentUrl":"https:\/\/maragoginews.com.br\/portal\/wp-content\/uploads\/2020\/12\/redacao.jpg","caption":"Reda\u00e7\u00e3o"},"sameAs":["http:\/\/maragoginews.com.br\/"],"url":"https:\/\/maragoginews.com.br\/portal\/author\/redacao\/"}]}},"_links":{"self":[{"href":"https:\/\/maragoginews.com.br\/portal\/wp-json\/wp\/v2\/posts\/16434","targetHints":{"allow":["GET"]}}],"collection":[{"href":"https:\/\/maragoginews.com.br\/portal\/wp-json\/wp\/v2\/posts"}],"about":[{"href":"https:\/\/maragoginews.com.br\/portal\/wp-json\/wp\/v2\/types\/post"}],"author":[{"embeddable":true,"href":"https:\/\/maragoginews.com.br\/portal\/wp-json\/wp\/v2\/users\/3"}],"replies":[{"embeddable":true,"href":"https:\/\/maragoginews.com.br\/portal\/wp-json\/wp\/v2\/comments?post=16434"}],"version-history":[{"count":2,"href":"https:\/\/maragoginews.com.br\/portal\/wp-json\/wp\/v2\/posts\/16434\/revisions"}],"predecessor-version":[{"id":16437,"href":"https:\/\/maragoginews.com.br\/portal\/wp-json\/wp\/v2\/posts\/16434\/revisions\/16437"}],"wp:featuredmedia":[{"embeddable":true,"href":"https:\/\/maragoginews.com.br\/portal\/wp-json\/wp\/v2\/media\/16435"}],"wp:attachment":[{"href":"https:\/\/maragoginews.com.br\/portal\/wp-json\/wp\/v2\/media?parent=16434"}],"wp:term":[{"taxonomy":"category","embeddable":true,"href":"https:\/\/maragoginews.com.br\/portal\/wp-json\/wp\/v2\/categories?post=16434"},{"taxonomy":"post_tag","embeddable":true,"href":"https:\/\/maragoginews.com.br\/portal\/wp-json\/wp\/v2\/tags?post=16434"}],"curies":[{"name":"wp","href":"https:\/\/api.w.org\/{rel}","templated":true}]}}