{"id":16442,"date":"2023-11-09T09:46:28","date_gmt":"2023-11-09T12:46:28","guid":{"rendered":"https:\/\/maragoginews.com.br\/portal\/?p=16442"},"modified":"2023-11-09T09:46:28","modified_gmt":"2023-11-09T12:46:28","slug":"andre-piraua-lanca-pre-candidatura-a-prefeito-de-porto-calvo","status":"publish","type":"post","link":"https:\/\/maragoginews.com.br\/portal\/noticias\/geral\/politica\/andre-piraua-lanca-pre-candidatura-a-prefeito-de-porto-calvo\/","title":{"rendered":"Andr\u00e9 Pirau\u00e1 lan\u00e7a pr\u00e9-candidatura a prefeito de Porto Calvo"},"content":{"rendered":"<p>Agora \u00e9 oficial! O pecuarista Andr\u00e9 Pirau\u00e1, o Deco Pirau\u00e1, \u00e9 pr\u00e9-candidato a prefeito em Porto Calvo.<\/p>\n<p>Filiado ao PDT, Deco Pirau\u00e1 abre o di\u00e1logo e defende a uni\u00e3o dos portocalvenses que est\u00e3o insatisfeitos com a atual gest\u00e3o municipal.<\/p>\n<p>\u201cO cen\u00e1rio atual de Porto Calvo \u00e9 muito preocupante e a atual gest\u00e3o tem responsabilidade por todos os problemas. Enquanto cidades, at\u00e9 as menores da regi\u00e3o norte est\u00e3o crescendo, Porto Calvo est\u00e1 parada. Ficando para tr\u00e1s em todas as \u00e1reas. Enquanto isso, a prefeitura est\u00e1 lotada com parentes e agregados familiares da atual prefeita\u201d, exp\u00f5e Deco Pirau\u00e1.<\/p>\n<p>\u201cAgora \u00e9 oficial! Estamos na ruas e queremos ouvir a popula\u00e7\u00e3o. Comerciantes, agricultores, pais e m\u00e3es de fam\u00edlias sobre as necessidades da nossa Porto Calvo. Queremos tamb\u00e9m trazer mais aliados para essa frente em prol de Porto Calvo. Muitos j\u00e1 est\u00e3o conosco, mas ainda n\u00e3o podem divulgar o apoio. Tudo no seu tempo!\u201d, completou.<\/p>\n<p>Riacho Doce Assessoria<\/p>\n","protected":false},"excerpt":{"rendered":"<p>Agora \u00e9 oficial! O pecuarista Andr\u00e9 Pirau\u00e1, o Deco Pirau\u00e1, \u00e9 pr\u00e9-candidato a prefeito em Porto Calvo. Filiado ao PDT, Deco Pirau\u00e1 abre o di\u00e1logo e defende a uni\u00e3o dos portocalvenses que est\u00e3o insatisfeitos com a atual gest\u00e3o municipal. \u201cO cen\u00e1rio atual de Porto Calvo \u00e9 muito preocupante e a atual gest\u00e3o tem responsabilidade por [&hellip;]<\/p>\n","protected":false},"author":3,"featured_media":16443,"comment_status":"open","ping_status":"open","sticky":false,"template":"","format":"standard","meta":{"footnotes":""},"categories":[31],"tags":[],"class_list":["post-16442","post","type-post","status-publish","format-standard","has-post-thumbnail","hentry","category-politica"],"yoast_head":"<!-- This site is optimized with the Yoast SEO plugin v26.6 - https:\/\/yoast.com\/wordpress\/plugins\/seo\/ -->\n<title>Andr\u00e9 Pirau\u00e1 lan\u00e7a pr\u00e9-candidatura a prefeito de Porto Calvo - Maragogi News<\/title>\n<meta name=\"robots\" content=\"index, follow, max-snippet:-1, max-image-preview:large, max-video-preview:-1\" \/>\n<link rel=\"canonical\" href=\"https:\/\/maragoginews.com.br\/portal\/noticias\/geral\/politica\/andre-piraua-lanca-pre-candidatura-a-prefeito-de-porto-calvo\/\" \/>\n<meta property=\"og:locale\" content=\"pt_BR\" \/>\n<meta property=\"og:type\" content=\"article\" \/>\n<meta property=\"og:title\" content=\"Andr\u00e9 Pirau\u00e1 lan\u00e7a pr\u00e9-candidatura a prefeito de Porto Calvo - Maragogi News\" \/>\n<meta property=\"og:description\" content=\"Agora \u00e9 oficial! O pecuarista Andr\u00e9 Pirau\u00e1, o Deco Pirau\u00e1, \u00e9 pr\u00e9-candidato a prefeito em Porto Calvo. Filiado ao PDT, Deco Pirau\u00e1 abre o di\u00e1logo e defende a uni\u00e3o dos portocalvenses que est\u00e3o insatisfeitos com a atual gest\u00e3o municipal. \u201cO cen\u00e1rio atual de Porto Calvo \u00e9 muito preocupante e a atual gest\u00e3o tem responsabilidade por [&hellip;]\" \/>\n<meta property=\"og:url\" content=\"https:\/\/maragoginews.com.br\/portal\/noticias\/geral\/politica\/andre-piraua-lanca-pre-candidatura-a-prefeito-de-porto-calvo\/\" \/>\n<meta property=\"og:site_name\" content=\"Maragogi News\" \/>\n<meta property=\"article:published_time\" content=\"2023-11-09T12:46:28+00:00\" \/>\n<meta property=\"og:image\" content=\"https:\/\/maragoginews.com.br\/portal\/wp-content\/uploads\/2023\/11\/dc12f817-31a6-4967-b2d0-2f5045af6389-scaled.jpg\" \/>\n\t<meta property=\"og:image:width\" content=\"970\" \/>\n\t<meta property=\"og:image:height\" content=\"1292\" \/>\n\t<meta property=\"og:image:type\" content=\"image\/jpeg\" \/>\n<meta name=\"author\" content=\"Reda\u00e7\u00e3o\" \/>\n<meta name=\"twitter:card\" content=\"summary_large_image\" \/>\n<meta name=\"twitter:label1\" content=\"Escrito por\" \/>\n\t<meta name=\"twitter:data1\" content=\"Reda\u00e7\u00e3o\" \/>\n\t<meta name=\"twitter:label2\" content=\"Est. tempo de leitura\" \/>\n\t<meta name=\"twitter:data2\" content=\"1 minuto\" \/>\n<script type=\"application\/ld+json\" class=\"yoast-schema-graph\">{\"@context\":\"https:\/\/schema.org\",\"@graph\":[{\"@type\":\"Article\",\"@id\":\"https:\/\/maragoginews.com.br\/portal\/noticias\/geral\/politica\/andre-piraua-lanca-pre-candidatura-a-prefeito-de-porto-calvo\/#article\",\"isPartOf\":{\"@id\":\"https:\/\/maragoginews.com.br\/portal\/noticias\/geral\/politica\/andre-piraua-lanca-pre-candidatura-a-prefeito-de-porto-calvo\/\"},\"author\":{\"name\":\"Reda\u00e7\u00e3o\",\"@id\":\"https:\/\/maragoginews.com.br\/portal\/#\/schema\/person\/a445323773becef66921958b9c97b6e1\"},\"headline\":\"Andr\u00e9 Pirau\u00e1 lan\u00e7a pr\u00e9-candidatura a prefeito de Porto Calvo\",\"datePublished\":\"2023-11-09T12:46:28+00:00\",\"mainEntityOfPage\":{\"@id\":\"https:\/\/maragoginews.com.br\/portal\/noticias\/geral\/politica\/andre-piraua-lanca-pre-candidatura-a-prefeito-de-porto-calvo\/\"},\"wordCount\":177,\"commentCount\":0,\"publisher\":{\"@id\":\"https:\/\/maragoginews.com.br\/portal\/#organization\"},\"image\":{\"@id\":\"https:\/\/maragoginews.com.br\/portal\/noticias\/geral\/politica\/andre-piraua-lanca-pre-candidatura-a-prefeito-de-porto-calvo\/#primaryimage\"},\"thumbnailUrl\":\"https:\/\/maragoginews.com.br\/portal\/wp-content\/uploads\/2023\/11\/dc12f817-31a6-4967-b2d0-2f5045af6389-scaled.jpg\",\"articleSection\":[\"Pol\u00edtica\"],\"inLanguage\":\"pt-BR\",\"potentialAction\":[{\"@type\":\"CommentAction\",\"name\":\"Comment\",\"target\":[\"https:\/\/maragoginews.com.br\/portal\/noticias\/geral\/politica\/andre-piraua-lanca-pre-candidatura-a-prefeito-de-porto-calvo\/#respond\"]}]},{\"@type\":\"WebPage\",\"@id\":\"https:\/\/maragoginews.com.br\/portal\/noticias\/geral\/politica\/andre-piraua-lanca-pre-candidatura-a-prefeito-de-porto-calvo\/\",\"url\":\"https:\/\/maragoginews.com.br\/portal\/noticias\/geral\/politica\/andre-piraua-lanca-pre-candidatura-a-prefeito-de-porto-calvo\/\",\"name\":\"Andr\u00e9 Pirau\u00e1 lan\u00e7a pr\u00e9-candidatura a prefeito de Porto Calvo - Maragogi News\",\"isPartOf\":{\"@id\":\"https:\/\/maragoginews.com.br\/portal\/#website\"},\"primaryImageOfPage\":{\"@id\":\"https:\/\/maragoginews.com.br\/portal\/noticias\/geral\/politica\/andre-piraua-lanca-pre-candidatura-a-prefeito-de-porto-calvo\/#primaryimage\"},\"image\":{\"@id\":\"https:\/\/maragoginews.com.br\/portal\/noticias\/geral\/politica\/andre-piraua-lanca-pre-candidatura-a-prefeito-de-porto-calvo\/#primaryimage\"},\"thumbnailUrl\":\"https:\/\/maragoginews.com.br\/portal\/wp-content\/uploads\/2023\/11\/dc12f817-31a6-4967-b2d0-2f5045af6389-scaled.jpg\",\"datePublished\":\"2023-11-09T12:46:28+00:00\",\"breadcrumb\":{\"@id\":\"https:\/\/maragoginews.com.br\/portal\/noticias\/geral\/politica\/andre-piraua-lanca-pre-candidatura-a-prefeito-de-porto-calvo\/#breadcrumb\"},\"inLanguage\":\"pt-BR\",\"potentialAction\":[{\"@type\":\"ReadAction\",\"target\":[\"https:\/\/maragoginews.com.br\/portal\/noticias\/geral\/politica\/andre-piraua-lanca-pre-candidatura-a-prefeito-de-porto-calvo\/\"]}]},{\"@type\":\"ImageObject\",\"inLanguage\":\"pt-BR\",\"@id\":\"https:\/\/maragoginews.com.br\/portal\/noticias\/geral\/politica\/andre-piraua-lanca-pre-candidatura-a-prefeito-de-porto-calvo\/#primaryimage\",\"url\":\"https:\/\/maragoginews.com.br\/portal\/wp-content\/uploads\/2023\/11\/dc12f817-31a6-4967-b2d0-2f5045af6389-scaled.jpg\",\"contentUrl\":\"https:\/\/maragoginews.com.br\/portal\/wp-content\/uploads\/2023\/11\/dc12f817-31a6-4967-b2d0-2f5045af6389-scaled.jpg\",\"width\":970,\"height\":1292},{\"@type\":\"BreadcrumbList\",\"@id\":\"https:\/\/maragoginews.com.br\/portal\/noticias\/geral\/politica\/andre-piraua-lanca-pre-candidatura-a-prefeito-de-porto-calvo\/#breadcrumb\",\"itemListElement\":[{\"@type\":\"ListItem\",\"position\":1,\"name\":\"In\u00edcio\",\"item\":\"https:\/\/maragoginews.com.br\/portal\/\"},{\"@type\":\"ListItem\",\"position\":2,\"name\":\"Andr\u00e9 Pirau\u00e1 lan\u00e7a pr\u00e9-candidatura a prefeito de Porto Calvo\"}]},{\"@type\":\"WebSite\",\"@id\":\"https:\/\/maragoginews.com.br\/portal\/#website\",\"url\":\"https:\/\/maragoginews.com.br\/portal\/\",\"name\":\"Maragogi News\",\"description\":\"Portal de Not\u00edcias\",\"publisher\":{\"@id\":\"https:\/\/maragoginews.com.br\/portal\/#organization\"},\"potentialAction\":[{\"@type\":\"SearchAction\",\"target\":{\"@type\":\"EntryPoint\",\"urlTemplate\":\"https:\/\/maragoginews.com.br\/portal\/?s={search_term_string}\"},\"query-input\":{\"@type\":\"PropertyValueSpecification\",\"valueRequired\":true,\"valueName\":\"search_term_string\"}}],\"inLanguage\":\"pt-BR\"},{\"@type\":\"Organization\",\"@id\":\"https:\/\/maragoginews.com.br\/portal\/#organization\",\"name\":\"Maragogi News\",\"url\":\"https:\/\/maragoginews.com.br\/portal\/\",\"logo\":{\"@type\":\"ImageObject\",\"inLanguage\":\"pt-BR\",\"@id\":\"https:\/\/maragoginews.com.br\/portal\/#\/schema\/logo\/image\/\",\"url\":\"https:\/\/maragoginews.com.br\/portal\/wp-content\/uploads\/2020\/10\/mn.png\",\"contentUrl\":\"https:\/\/maragoginews.com.br\/portal\/wp-content\/uploads\/2020\/10\/mn.png\",\"width\":305,\"height\":50,\"caption\":\"Maragogi News\"},\"image\":{\"@id\":\"https:\/\/maragoginews.com.br\/portal\/#\/schema\/logo\/image\/\"}},{\"@type\":\"Person\",\"@id\":\"https:\/\/maragoginews.com.br\/portal\/#\/schema\/person\/a445323773becef66921958b9c97b6e1\",\"name\":\"Reda\u00e7\u00e3o\",\"image\":{\"@type\":\"ImageObject\",\"inLanguage\":\"pt-BR\",\"@id\":\"https:\/\/maragoginews.com.br\/portal\/#\/schema\/person\/image\/\",\"url\":\"https:\/\/maragoginews.com.br\/portal\/wp-content\/uploads\/2020\/12\/redacao.jpg\",\"contentUrl\":\"https:\/\/maragoginews.com.br\/portal\/wp-content\/uploads\/2020\/12\/redacao.jpg\",\"caption\":\"Reda\u00e7\u00e3o\"},\"sameAs\":[\"http:\/\/maragoginews.com.br\/\"],\"url\":\"https:\/\/maragoginews.com.br\/portal\/author\/redacao\/\"}]}<\/script>\n<!-- \/ Yoast SEO plugin. -->","yoast_head_json":{"title":"Andr\u00e9 Pirau\u00e1 lan\u00e7a pr\u00e9-candidatura a prefeito de Porto Calvo - Maragogi News","robots":{"index":"index","follow":"follow","max-snippet":"max-snippet:-1","max-image-preview":"max-image-preview:large","max-video-preview":"max-video-preview:-1"},"canonical":"https:\/\/maragoginews.com.br\/portal\/noticias\/geral\/politica\/andre-piraua-lanca-pre-candidatura-a-prefeito-de-porto-calvo\/","og_locale":"pt_BR","og_type":"article","og_title":"Andr\u00e9 Pirau\u00e1 lan\u00e7a pr\u00e9-candidatura a prefeito de Porto Calvo - Maragogi News","og_description":"Agora \u00e9 oficial! O pecuarista Andr\u00e9 Pirau\u00e1, o Deco Pirau\u00e1, \u00e9 pr\u00e9-candidato a prefeito em Porto Calvo. Filiado ao PDT, Deco Pirau\u00e1 abre o di\u00e1logo e defende a uni\u00e3o dos portocalvenses que est\u00e3o insatisfeitos com a atual gest\u00e3o municipal. \u201cO cen\u00e1rio atual de Porto Calvo \u00e9 muito preocupante e a atual gest\u00e3o tem responsabilidade por [&hellip;]","og_url":"https:\/\/maragoginews.com.br\/portal\/noticias\/geral\/politica\/andre-piraua-lanca-pre-candidatura-a-prefeito-de-porto-calvo\/","og_site_name":"Maragogi News","article_published_time":"2023-11-09T12:46:28+00:00","og_image":[{"width":970,"height":1292,"url":"https:\/\/maragoginews.com.br\/portal\/wp-content\/uploads\/2023\/11\/dc12f817-31a6-4967-b2d0-2f5045af6389-scaled.jpg","type":"image\/jpeg"}],"author":"Reda\u00e7\u00e3o","twitter_card":"summary_large_image","twitter_misc":{"Escrito por":"Reda\u00e7\u00e3o","Est. tempo de leitura":"1 minuto"},"schema":{"@context":"https:\/\/schema.org","@graph":[{"@type":"Article","@id":"https:\/\/maragoginews.com.br\/portal\/noticias\/geral\/politica\/andre-piraua-lanca-pre-candidatura-a-prefeito-de-porto-calvo\/#article","isPartOf":{"@id":"https:\/\/maragoginews.com.br\/portal\/noticias\/geral\/politica\/andre-piraua-lanca-pre-candidatura-a-prefeito-de-porto-calvo\/"},"author":{"name":"Reda\u00e7\u00e3o","@id":"https:\/\/maragoginews.com.br\/portal\/#\/schema\/person\/a445323773becef66921958b9c97b6e1"},"headline":"Andr\u00e9 Pirau\u00e1 lan\u00e7a pr\u00e9-candidatura a prefeito de Porto Calvo","datePublished":"2023-11-09T12:46:28+00:00","mainEntityOfPage":{"@id":"https:\/\/maragoginews.com.br\/portal\/noticias\/geral\/politica\/andre-piraua-lanca-pre-candidatura-a-prefeito-de-porto-calvo\/"},"wordCount":177,"commentCount":0,"publisher":{"@id":"https:\/\/maragoginews.com.br\/portal\/#organization"},"image":{"@id":"https:\/\/maragoginews.com.br\/portal\/noticias\/geral\/politica\/andre-piraua-lanca-pre-candidatura-a-prefeito-de-porto-calvo\/#primaryimage"},"thumbnailUrl":"https:\/\/maragoginews.com.br\/portal\/wp-content\/uploads\/2023\/11\/dc12f817-31a6-4967-b2d0-2f5045af6389-scaled.jpg","articleSection":["Pol\u00edtica"],"inLanguage":"pt-BR","potentialAction":[{"@type":"CommentAction","name":"Comment","target":["https:\/\/maragoginews.com.br\/portal\/noticias\/geral\/politica\/andre-piraua-lanca-pre-candidatura-a-prefeito-de-porto-calvo\/#respond"]}]},{"@type":"WebPage","@id":"https:\/\/maragoginews.com.br\/portal\/noticias\/geral\/politica\/andre-piraua-lanca-pre-candidatura-a-prefeito-de-porto-calvo\/","url":"https:\/\/maragoginews.com.br\/portal\/noticias\/geral\/politica\/andre-piraua-lanca-pre-candidatura-a-prefeito-de-porto-calvo\/","name":"Andr\u00e9 Pirau\u00e1 lan\u00e7a pr\u00e9-candidatura a prefeito de Porto Calvo - Maragogi News","isPartOf":{"@id":"https:\/\/maragoginews.com.br\/portal\/#website"},"primaryImageOfPage":{"@id":"https:\/\/maragoginews.com.br\/portal\/noticias\/geral\/politica\/andre-piraua-lanca-pre-candidatura-a-prefeito-de-porto-calvo\/#primaryimage"},"image":{"@id":"https:\/\/maragoginews.com.br\/portal\/noticias\/geral\/politica\/andre-piraua-lanca-pre-candidatura-a-prefeito-de-porto-calvo\/#primaryimage"},"thumbnailUrl":"https:\/\/maragoginews.com.br\/portal\/wp-content\/uploads\/2023\/11\/dc12f817-31a6-4967-b2d0-2f5045af6389-scaled.jpg","datePublished":"2023-11-09T12:46:28+00:00","breadcrumb":{"@id":"https:\/\/maragoginews.com.br\/portal\/noticias\/geral\/politica\/andre-piraua-lanca-pre-candidatura-a-prefeito-de-porto-calvo\/#breadcrumb"},"inLanguage":"pt-BR","potentialAction":[{"@type":"ReadAction","target":["https:\/\/maragoginews.com.br\/portal\/noticias\/geral\/politica\/andre-piraua-lanca-pre-candidatura-a-prefeito-de-porto-calvo\/"]}]},{"@type":"ImageObject","inLanguage":"pt-BR","@id":"https:\/\/maragoginews.com.br\/portal\/noticias\/geral\/politica\/andre-piraua-lanca-pre-candidatura-a-prefeito-de-porto-calvo\/#primaryimage","url":"https:\/\/maragoginews.com.br\/portal\/wp-content\/uploads\/2023\/11\/dc12f817-31a6-4967-b2d0-2f5045af6389-scaled.jpg","contentUrl":"https:\/\/maragoginews.com.br\/portal\/wp-content\/uploads\/2023\/11\/dc12f817-31a6-4967-b2d0-2f5045af6389-scaled.jpg","width":970,"height":1292},{"@type":"BreadcrumbList","@id":"https:\/\/maragoginews.com.br\/portal\/noticias\/geral\/politica\/andre-piraua-lanca-pre-candidatura-a-prefeito-de-porto-calvo\/#breadcrumb","itemListElement":[{"@type":"ListItem","position":1,"name":"In\u00edcio","item":"https:\/\/maragoginews.com.br\/portal\/"},{"@type":"ListItem","position":2,"name":"Andr\u00e9 Pirau\u00e1 lan\u00e7a pr\u00e9-candidatura a prefeito de Porto Calvo"}]},{"@type":"WebSite","@id":"https:\/\/maragoginews.com.br\/portal\/#website","url":"https:\/\/maragoginews.com.br\/portal\/","name":"Maragogi News","description":"Portal de Not\u00edcias","publisher":{"@id":"https:\/\/maragoginews.com.br\/portal\/#organization"},"potentialAction":[{"@type":"SearchAction","target":{"@type":"EntryPoint","urlTemplate":"https:\/\/maragoginews.com.br\/portal\/?s={search_term_string}"},"query-input":{"@type":"PropertyValueSpecification","valueRequired":true,"valueName":"search_term_string"}}],"inLanguage":"pt-BR"},{"@type":"Organization","@id":"https:\/\/maragoginews.com.br\/portal\/#organization","name":"Maragogi News","url":"https:\/\/maragoginews.com.br\/portal\/","logo":{"@type":"ImageObject","inLanguage":"pt-BR","@id":"https:\/\/maragoginews.com.br\/portal\/#\/schema\/logo\/image\/","url":"https:\/\/maragoginews.com.br\/portal\/wp-content\/uploads\/2020\/10\/mn.png","contentUrl":"https:\/\/maragoginews.com.br\/portal\/wp-content\/uploads\/2020\/10\/mn.png","width":305,"height":50,"caption":"Maragogi News"},"image":{"@id":"https:\/\/maragoginews.com.br\/portal\/#\/schema\/logo\/image\/"}},{"@type":"Person","@id":"https:\/\/maragoginews.com.br\/portal\/#\/schema\/person\/a445323773becef66921958b9c97b6e1","name":"Reda\u00e7\u00e3o","image":{"@type":"ImageObject","inLanguage":"pt-BR","@id":"https:\/\/maragoginews.com.br\/portal\/#\/schema\/person\/image\/","url":"https:\/\/maragoginews.com.br\/portal\/wp-content\/uploads\/2020\/12\/redacao.jpg","contentUrl":"https:\/\/maragoginews.com.br\/portal\/wp-content\/uploads\/2020\/12\/redacao.jpg","caption":"Reda\u00e7\u00e3o"},"sameAs":["http:\/\/maragoginews.com.br\/"],"url":"https:\/\/maragoginews.com.br\/portal\/author\/redacao\/"}]}},"_links":{"self":[{"href":"https:\/\/maragoginews.com.br\/portal\/wp-json\/wp\/v2\/posts\/16442","targetHints":{"allow":["GET"]}}],"collection":[{"href":"https:\/\/maragoginews.com.br\/portal\/wp-json\/wp\/v2\/posts"}],"about":[{"href":"https:\/\/maragoginews.com.br\/portal\/wp-json\/wp\/v2\/types\/post"}],"author":[{"embeddable":true,"href":"https:\/\/maragoginews.com.br\/portal\/wp-json\/wp\/v2\/users\/3"}],"replies":[{"embeddable":true,"href":"https:\/\/maragoginews.com.br\/portal\/wp-json\/wp\/v2\/comments?post=16442"}],"version-history":[{"count":1,"href":"https:\/\/maragoginews.com.br\/portal\/wp-json\/wp\/v2\/posts\/16442\/revisions"}],"predecessor-version":[{"id":16444,"href":"https:\/\/maragoginews.com.br\/portal\/wp-json\/wp\/v2\/posts\/16442\/revisions\/16444"}],"wp:featuredmedia":[{"embeddable":true,"href":"https:\/\/maragoginews.com.br\/portal\/wp-json\/wp\/v2\/media\/16443"}],"wp:attachment":[{"href":"https:\/\/maragoginews.com.br\/portal\/wp-json\/wp\/v2\/media?parent=16442"}],"wp:term":[{"taxonomy":"category","embeddable":true,"href":"https:\/\/maragoginews.com.br\/portal\/wp-json\/wp\/v2\/categories?post=16442"},{"taxonomy":"post_tag","embeddable":true,"href":"https:\/\/maragoginews.com.br\/portal\/wp-json\/wp\/v2\/tags?post=16442"}],"curies":[{"name":"wp","href":"https:\/\/api.w.org\/{rel}","templated":true}]}}