{"id":17153,"date":"2024-01-17T10:40:13","date_gmt":"2024-01-17T13:40:13","guid":{"rendered":"https:\/\/maragoginews.com.br\/portal\/?p=17153"},"modified":"2024-01-17T12:07:23","modified_gmt":"2024-01-17T15:07:23","slug":"sobre-a-cronica-falta-de-agua-cade-os-representantes-do-povo","status":"publish","type":"post","link":"https:\/\/maragoginews.com.br\/portal\/noticias\/geral\/opiniao\/sobre-a-cronica-falta-de-agua-cade-os-representantes-do-povo\/","title":{"rendered":"Sobre a cr\u00f4nica falta de \u00e1gua: cad\u00ea os representantes do povo?"},"content":{"rendered":"<p>Diante da persistente escassez de \u00e1gua em nosso bairro, \u00e9 imposs\u00edvel n\u00e3o expressar nossa profunda indigna\u00e7\u00e3o. A falta desse recurso b\u00e1sico compromete nossa qualidade de vida e exige a\u00e7\u00e3o imediata das \u201cautoridades competentes\u201d. \u00c9 urgente que medidas sejam tomadas para resolver esse problema que afeta diretamente a comunidade. N\u00e3o podemos mais tolerar a neglig\u00eancia que nos priva de um direito essencial. A revolta \u00e9 justa, e exigimos solu\u00e7\u00f5es concretas agora.<\/p>\n<p>A aus\u00eancia persistente de \u00e1gua em nosso bairro n\u00e3o pode mais ser ignorada, e \u00e9 hora de responsabilizar aqueles que foram eleitos para zelar pelos interesses da comunidade. Os vereadores t\u00eam a obriga\u00e7\u00e3o de garantir servi\u00e7os b\u00e1sicos, como o fornecimento de \u00e1gua, e sua in\u00e9rcia diante desse problema \u00e9 inaceit\u00e1vel. A falta de a\u00e7\u00e3o reflete diretamente na qualidade de vida dos moradores, e \u00e9 imperativo que os representantes eleitos se posicionem, cobrem solu\u00e7\u00f5es e ajam em prol da resolu\u00e7\u00e3o desse problema crucial. Chegou o momento de prestarem contas \u00e0 comunidade que confiou em sua capacidade de representa\u00e7\u00e3o.<\/p>\n","protected":false},"excerpt":{"rendered":"<p>Diante da persistente escassez de \u00e1gua em nosso bairro, \u00e9 imposs\u00edvel n\u00e3o expressar nossa profunda indigna\u00e7\u00e3o. A falta desse recurso b\u00e1sico compromete nossa qualidade de vida e exige a\u00e7\u00e3o imediata das \u201cautoridades competentes\u201d. \u00c9 urgente que medidas sejam tomadas para resolver esse problema que afeta diretamente a comunidade. N\u00e3o podemos mais tolerar a neglig\u00eancia que [&hellip;]<\/p>\n","protected":false},"author":6,"featured_media":17154,"comment_status":"open","ping_status":"open","sticky":false,"template":"","format":"standard","meta":{"footnotes":""},"categories":[7],"tags":[],"class_list":["post-17153","post","type-post","status-publish","format-standard","has-post-thumbnail","hentry","category-opiniao","posicao_chamadas-destaque-pequeno"],"yoast_head":"<!-- This site is optimized with the Yoast SEO plugin v26.6 - https:\/\/yoast.com\/wordpress\/plugins\/seo\/ -->\n<title>Sobre a cr\u00f4nica falta de \u00e1gua: cad\u00ea os representantes do povo? - Maragogi News<\/title>\n<meta name=\"robots\" content=\"index, follow, max-snippet:-1, max-image-preview:large, max-video-preview:-1\" \/>\n<link rel=\"canonical\" href=\"https:\/\/maragoginews.com.br\/portal\/noticias\/geral\/opiniao\/sobre-a-cronica-falta-de-agua-cade-os-representantes-do-povo\/\" \/>\n<meta property=\"og:locale\" content=\"pt_BR\" \/>\n<meta property=\"og:type\" content=\"article\" \/>\n<meta property=\"og:title\" content=\"Sobre a cr\u00f4nica falta de \u00e1gua: cad\u00ea os representantes do povo? - Maragogi News\" \/>\n<meta property=\"og:description\" content=\"Diante da persistente escassez de \u00e1gua em nosso bairro, \u00e9 imposs\u00edvel n\u00e3o expressar nossa profunda indigna\u00e7\u00e3o. A falta desse recurso b\u00e1sico compromete nossa qualidade de vida e exige a\u00e7\u00e3o imediata das \u201cautoridades competentes\u201d. \u00c9 urgente que medidas sejam tomadas para resolver esse problema que afeta diretamente a comunidade. N\u00e3o podemos mais tolerar a neglig\u00eancia que [&hellip;]\" \/>\n<meta property=\"og:url\" content=\"https:\/\/maragoginews.com.br\/portal\/noticias\/geral\/opiniao\/sobre-a-cronica-falta-de-agua-cade-os-representantes-do-povo\/\" \/>\n<meta property=\"og:site_name\" content=\"Maragogi News\" \/>\n<meta property=\"article:published_time\" content=\"2024-01-17T13:40:13+00:00\" \/>\n<meta property=\"article:modified_time\" content=\"2024-01-17T15:07:23+00:00\" \/>\n<meta property=\"og:image\" content=\"https:\/\/maragoginews.com.br\/portal\/wp-content\/uploads\/2024\/01\/6ef6ec1c-b2f0-4b80-a6bf-035d1bce4aa7.jpg\" \/>\n\t<meta property=\"og:image:width\" content=\"970\" \/>\n\t<meta property=\"og:image:height\" content=\"970\" \/>\n\t<meta property=\"og:image:type\" content=\"image\/jpeg\" \/>\n<meta name=\"author\" content=\"Jos\u00e9 Willamys\" \/>\n<meta name=\"twitter:card\" content=\"summary_large_image\" \/>\n<meta name=\"twitter:label1\" content=\"Escrito por\" \/>\n\t<meta name=\"twitter:data1\" content=\"Jos\u00e9 Willamys\" \/>\n\t<meta name=\"twitter:label2\" content=\"Est. tempo de leitura\" \/>\n\t<meta name=\"twitter:data2\" content=\"1 minuto\" \/>\n<script type=\"application\/ld+json\" class=\"yoast-schema-graph\">{\"@context\":\"https:\/\/schema.org\",\"@graph\":[{\"@type\":\"Article\",\"@id\":\"https:\/\/maragoginews.com.br\/portal\/noticias\/geral\/opiniao\/sobre-a-cronica-falta-de-agua-cade-os-representantes-do-povo\/#article\",\"isPartOf\":{\"@id\":\"https:\/\/maragoginews.com.br\/portal\/noticias\/geral\/opiniao\/sobre-a-cronica-falta-de-agua-cade-os-representantes-do-povo\/\"},\"author\":{\"name\":\"Jos\u00e9 Willamys\",\"@id\":\"https:\/\/maragoginews.com.br\/portal\/#\/schema\/person\/9222574955e6d2a1efff3dff332d3c7d\"},\"headline\":\"Sobre a cr\u00f4nica falta de \u00e1gua: cad\u00ea os representantes do povo?\",\"datePublished\":\"2024-01-17T13:40:13+00:00\",\"dateModified\":\"2024-01-17T15:07:23+00:00\",\"mainEntityOfPage\":{\"@id\":\"https:\/\/maragoginews.com.br\/portal\/noticias\/geral\/opiniao\/sobre-a-cronica-falta-de-agua-cade-os-representantes-do-povo\/\"},\"wordCount\":192,\"commentCount\":0,\"publisher\":{\"@id\":\"https:\/\/maragoginews.com.br\/portal\/#organization\"},\"image\":{\"@id\":\"https:\/\/maragoginews.com.br\/portal\/noticias\/geral\/opiniao\/sobre-a-cronica-falta-de-agua-cade-os-representantes-do-povo\/#primaryimage\"},\"thumbnailUrl\":\"https:\/\/maragoginews.com.br\/portal\/wp-content\/uploads\/2024\/01\/6ef6ec1c-b2f0-4b80-a6bf-035d1bce4aa7.jpg\",\"articleSection\":[\"Opini\u00e3o\"],\"inLanguage\":\"pt-BR\",\"potentialAction\":[{\"@type\":\"CommentAction\",\"name\":\"Comment\",\"target\":[\"https:\/\/maragoginews.com.br\/portal\/noticias\/geral\/opiniao\/sobre-a-cronica-falta-de-agua-cade-os-representantes-do-povo\/#respond\"]}]},{\"@type\":\"WebPage\",\"@id\":\"https:\/\/maragoginews.com.br\/portal\/noticias\/geral\/opiniao\/sobre-a-cronica-falta-de-agua-cade-os-representantes-do-povo\/\",\"url\":\"https:\/\/maragoginews.com.br\/portal\/noticias\/geral\/opiniao\/sobre-a-cronica-falta-de-agua-cade-os-representantes-do-povo\/\",\"name\":\"Sobre a cr\u00f4nica falta de \u00e1gua: cad\u00ea os representantes do povo? - Maragogi News\",\"isPartOf\":{\"@id\":\"https:\/\/maragoginews.com.br\/portal\/#website\"},\"primaryImageOfPage\":{\"@id\":\"https:\/\/maragoginews.com.br\/portal\/noticias\/geral\/opiniao\/sobre-a-cronica-falta-de-agua-cade-os-representantes-do-povo\/#primaryimage\"},\"image\":{\"@id\":\"https:\/\/maragoginews.com.br\/portal\/noticias\/geral\/opiniao\/sobre-a-cronica-falta-de-agua-cade-os-representantes-do-povo\/#primaryimage\"},\"thumbnailUrl\":\"https:\/\/maragoginews.com.br\/portal\/wp-content\/uploads\/2024\/01\/6ef6ec1c-b2f0-4b80-a6bf-035d1bce4aa7.jpg\",\"datePublished\":\"2024-01-17T13:40:13+00:00\",\"dateModified\":\"2024-01-17T15:07:23+00:00\",\"breadcrumb\":{\"@id\":\"https:\/\/maragoginews.com.br\/portal\/noticias\/geral\/opiniao\/sobre-a-cronica-falta-de-agua-cade-os-representantes-do-povo\/#breadcrumb\"},\"inLanguage\":\"pt-BR\",\"potentialAction\":[{\"@type\":\"ReadAction\",\"target\":[\"https:\/\/maragoginews.com.br\/portal\/noticias\/geral\/opiniao\/sobre-a-cronica-falta-de-agua-cade-os-representantes-do-povo\/\"]}]},{\"@type\":\"ImageObject\",\"inLanguage\":\"pt-BR\",\"@id\":\"https:\/\/maragoginews.com.br\/portal\/noticias\/geral\/opiniao\/sobre-a-cronica-falta-de-agua-cade-os-representantes-do-povo\/#primaryimage\",\"url\":\"https:\/\/maragoginews.com.br\/portal\/wp-content\/uploads\/2024\/01\/6ef6ec1c-b2f0-4b80-a6bf-035d1bce4aa7.jpg\",\"contentUrl\":\"https:\/\/maragoginews.com.br\/portal\/wp-content\/uploads\/2024\/01\/6ef6ec1c-b2f0-4b80-a6bf-035d1bce4aa7.jpg\",\"width\":970,\"height\":970},{\"@type\":\"BreadcrumbList\",\"@id\":\"https:\/\/maragoginews.com.br\/portal\/noticias\/geral\/opiniao\/sobre-a-cronica-falta-de-agua-cade-os-representantes-do-povo\/#breadcrumb\",\"itemListElement\":[{\"@type\":\"ListItem\",\"position\":1,\"name\":\"In\u00edcio\",\"item\":\"https:\/\/maragoginews.com.br\/portal\/\"},{\"@type\":\"ListItem\",\"position\":2,\"name\":\"Sobre a cr\u00f4nica falta de \u00e1gua: cad\u00ea os representantes do povo?\"}]},{\"@type\":\"WebSite\",\"@id\":\"https:\/\/maragoginews.com.br\/portal\/#website\",\"url\":\"https:\/\/maragoginews.com.br\/portal\/\",\"name\":\"Maragogi News\",\"description\":\"Portal de Not\u00edcias\",\"publisher\":{\"@id\":\"https:\/\/maragoginews.com.br\/portal\/#organization\"},\"potentialAction\":[{\"@type\":\"SearchAction\",\"target\":{\"@type\":\"EntryPoint\",\"urlTemplate\":\"https:\/\/maragoginews.com.br\/portal\/?s={search_term_string}\"},\"query-input\":{\"@type\":\"PropertyValueSpecification\",\"valueRequired\":true,\"valueName\":\"search_term_string\"}}],\"inLanguage\":\"pt-BR\"},{\"@type\":\"Organization\",\"@id\":\"https:\/\/maragoginews.com.br\/portal\/#organization\",\"name\":\"Maragogi News\",\"url\":\"https:\/\/maragoginews.com.br\/portal\/\",\"logo\":{\"@type\":\"ImageObject\",\"inLanguage\":\"pt-BR\",\"@id\":\"https:\/\/maragoginews.com.br\/portal\/#\/schema\/logo\/image\/\",\"url\":\"https:\/\/maragoginews.com.br\/portal\/wp-content\/uploads\/2020\/10\/mn.png\",\"contentUrl\":\"https:\/\/maragoginews.com.br\/portal\/wp-content\/uploads\/2020\/10\/mn.png\",\"width\":305,\"height\":50,\"caption\":\"Maragogi News\"},\"image\":{\"@id\":\"https:\/\/maragoginews.com.br\/portal\/#\/schema\/logo\/image\/\"}},{\"@type\":\"Person\",\"@id\":\"https:\/\/maragoginews.com.br\/portal\/#\/schema\/person\/9222574955e6d2a1efff3dff332d3c7d\",\"name\":\"Jos\u00e9 Willamys\",\"image\":{\"@type\":\"ImageObject\",\"inLanguage\":\"pt-BR\",\"@id\":\"https:\/\/maragoginews.com.br\/portal\/#\/schema\/person\/image\/\",\"url\":\"https:\/\/maragoginews.com.br\/portal\/wp-content\/uploads\/2020\/12\/jose-willamys.jpg\",\"contentUrl\":\"https:\/\/maragoginews.com.br\/portal\/wp-content\/uploads\/2020\/12\/jose-willamys.jpg\",\"caption\":\"Jos\u00e9 Willamys\"},\"sameAs\":[\"http:\/\/maragoginews.com.br\/\"],\"url\":\"https:\/\/maragoginews.com.br\/portal\/author\/josewillamys\/\"}]}<\/script>\n<!-- \/ Yoast SEO plugin. -->","yoast_head_json":{"title":"Sobre a cr\u00f4nica falta de \u00e1gua: cad\u00ea os representantes do povo? - Maragogi News","robots":{"index":"index","follow":"follow","max-snippet":"max-snippet:-1","max-image-preview":"max-image-preview:large","max-video-preview":"max-video-preview:-1"},"canonical":"https:\/\/maragoginews.com.br\/portal\/noticias\/geral\/opiniao\/sobre-a-cronica-falta-de-agua-cade-os-representantes-do-povo\/","og_locale":"pt_BR","og_type":"article","og_title":"Sobre a cr\u00f4nica falta de \u00e1gua: cad\u00ea os representantes do povo? - Maragogi News","og_description":"Diante da persistente escassez de \u00e1gua em nosso bairro, \u00e9 imposs\u00edvel n\u00e3o expressar nossa profunda indigna\u00e7\u00e3o. A falta desse recurso b\u00e1sico compromete nossa qualidade de vida e exige a\u00e7\u00e3o imediata das \u201cautoridades competentes\u201d. \u00c9 urgente que medidas sejam tomadas para resolver esse problema que afeta diretamente a comunidade. N\u00e3o podemos mais tolerar a neglig\u00eancia que [&hellip;]","og_url":"https:\/\/maragoginews.com.br\/portal\/noticias\/geral\/opiniao\/sobre-a-cronica-falta-de-agua-cade-os-representantes-do-povo\/","og_site_name":"Maragogi News","article_published_time":"2024-01-17T13:40:13+00:00","article_modified_time":"2024-01-17T15:07:23+00:00","og_image":[{"width":970,"height":970,"url":"https:\/\/maragoginews.com.br\/portal\/wp-content\/uploads\/2024\/01\/6ef6ec1c-b2f0-4b80-a6bf-035d1bce4aa7.jpg","type":"image\/jpeg"}],"author":"Jos\u00e9 Willamys","twitter_card":"summary_large_image","twitter_misc":{"Escrito por":"Jos\u00e9 Willamys","Est. tempo de leitura":"1 minuto"},"schema":{"@context":"https:\/\/schema.org","@graph":[{"@type":"Article","@id":"https:\/\/maragoginews.com.br\/portal\/noticias\/geral\/opiniao\/sobre-a-cronica-falta-de-agua-cade-os-representantes-do-povo\/#article","isPartOf":{"@id":"https:\/\/maragoginews.com.br\/portal\/noticias\/geral\/opiniao\/sobre-a-cronica-falta-de-agua-cade-os-representantes-do-povo\/"},"author":{"name":"Jos\u00e9 Willamys","@id":"https:\/\/maragoginews.com.br\/portal\/#\/schema\/person\/9222574955e6d2a1efff3dff332d3c7d"},"headline":"Sobre a cr\u00f4nica falta de \u00e1gua: cad\u00ea os representantes do povo?","datePublished":"2024-01-17T13:40:13+00:00","dateModified":"2024-01-17T15:07:23+00:00","mainEntityOfPage":{"@id":"https:\/\/maragoginews.com.br\/portal\/noticias\/geral\/opiniao\/sobre-a-cronica-falta-de-agua-cade-os-representantes-do-povo\/"},"wordCount":192,"commentCount":0,"publisher":{"@id":"https:\/\/maragoginews.com.br\/portal\/#organization"},"image":{"@id":"https:\/\/maragoginews.com.br\/portal\/noticias\/geral\/opiniao\/sobre-a-cronica-falta-de-agua-cade-os-representantes-do-povo\/#primaryimage"},"thumbnailUrl":"https:\/\/maragoginews.com.br\/portal\/wp-content\/uploads\/2024\/01\/6ef6ec1c-b2f0-4b80-a6bf-035d1bce4aa7.jpg","articleSection":["Opini\u00e3o"],"inLanguage":"pt-BR","potentialAction":[{"@type":"CommentAction","name":"Comment","target":["https:\/\/maragoginews.com.br\/portal\/noticias\/geral\/opiniao\/sobre-a-cronica-falta-de-agua-cade-os-representantes-do-povo\/#respond"]}]},{"@type":"WebPage","@id":"https:\/\/maragoginews.com.br\/portal\/noticias\/geral\/opiniao\/sobre-a-cronica-falta-de-agua-cade-os-representantes-do-povo\/","url":"https:\/\/maragoginews.com.br\/portal\/noticias\/geral\/opiniao\/sobre-a-cronica-falta-de-agua-cade-os-representantes-do-povo\/","name":"Sobre a cr\u00f4nica falta de \u00e1gua: cad\u00ea os representantes do povo? - Maragogi News","isPartOf":{"@id":"https:\/\/maragoginews.com.br\/portal\/#website"},"primaryImageOfPage":{"@id":"https:\/\/maragoginews.com.br\/portal\/noticias\/geral\/opiniao\/sobre-a-cronica-falta-de-agua-cade-os-representantes-do-povo\/#primaryimage"},"image":{"@id":"https:\/\/maragoginews.com.br\/portal\/noticias\/geral\/opiniao\/sobre-a-cronica-falta-de-agua-cade-os-representantes-do-povo\/#primaryimage"},"thumbnailUrl":"https:\/\/maragoginews.com.br\/portal\/wp-content\/uploads\/2024\/01\/6ef6ec1c-b2f0-4b80-a6bf-035d1bce4aa7.jpg","datePublished":"2024-01-17T13:40:13+00:00","dateModified":"2024-01-17T15:07:23+00:00","breadcrumb":{"@id":"https:\/\/maragoginews.com.br\/portal\/noticias\/geral\/opiniao\/sobre-a-cronica-falta-de-agua-cade-os-representantes-do-povo\/#breadcrumb"},"inLanguage":"pt-BR","potentialAction":[{"@type":"ReadAction","target":["https:\/\/maragoginews.com.br\/portal\/noticias\/geral\/opiniao\/sobre-a-cronica-falta-de-agua-cade-os-representantes-do-povo\/"]}]},{"@type":"ImageObject","inLanguage":"pt-BR","@id":"https:\/\/maragoginews.com.br\/portal\/noticias\/geral\/opiniao\/sobre-a-cronica-falta-de-agua-cade-os-representantes-do-povo\/#primaryimage","url":"https:\/\/maragoginews.com.br\/portal\/wp-content\/uploads\/2024\/01\/6ef6ec1c-b2f0-4b80-a6bf-035d1bce4aa7.jpg","contentUrl":"https:\/\/maragoginews.com.br\/portal\/wp-content\/uploads\/2024\/01\/6ef6ec1c-b2f0-4b80-a6bf-035d1bce4aa7.jpg","width":970,"height":970},{"@type":"BreadcrumbList","@id":"https:\/\/maragoginews.com.br\/portal\/noticias\/geral\/opiniao\/sobre-a-cronica-falta-de-agua-cade-os-representantes-do-povo\/#breadcrumb","itemListElement":[{"@type":"ListItem","position":1,"name":"In\u00edcio","item":"https:\/\/maragoginews.com.br\/portal\/"},{"@type":"ListItem","position":2,"name":"Sobre a cr\u00f4nica falta de \u00e1gua: cad\u00ea os representantes do povo?"}]},{"@type":"WebSite","@id":"https:\/\/maragoginews.com.br\/portal\/#website","url":"https:\/\/maragoginews.com.br\/portal\/","name":"Maragogi News","description":"Portal de Not\u00edcias","publisher":{"@id":"https:\/\/maragoginews.com.br\/portal\/#organization"},"potentialAction":[{"@type":"SearchAction","target":{"@type":"EntryPoint","urlTemplate":"https:\/\/maragoginews.com.br\/portal\/?s={search_term_string}"},"query-input":{"@type":"PropertyValueSpecification","valueRequired":true,"valueName":"search_term_string"}}],"inLanguage":"pt-BR"},{"@type":"Organization","@id":"https:\/\/maragoginews.com.br\/portal\/#organization","name":"Maragogi News","url":"https:\/\/maragoginews.com.br\/portal\/","logo":{"@type":"ImageObject","inLanguage":"pt-BR","@id":"https:\/\/maragoginews.com.br\/portal\/#\/schema\/logo\/image\/","url":"https:\/\/maragoginews.com.br\/portal\/wp-content\/uploads\/2020\/10\/mn.png","contentUrl":"https:\/\/maragoginews.com.br\/portal\/wp-content\/uploads\/2020\/10\/mn.png","width":305,"height":50,"caption":"Maragogi News"},"image":{"@id":"https:\/\/maragoginews.com.br\/portal\/#\/schema\/logo\/image\/"}},{"@type":"Person","@id":"https:\/\/maragoginews.com.br\/portal\/#\/schema\/person\/9222574955e6d2a1efff3dff332d3c7d","name":"Jos\u00e9 Willamys","image":{"@type":"ImageObject","inLanguage":"pt-BR","@id":"https:\/\/maragoginews.com.br\/portal\/#\/schema\/person\/image\/","url":"https:\/\/maragoginews.com.br\/portal\/wp-content\/uploads\/2020\/12\/jose-willamys.jpg","contentUrl":"https:\/\/maragoginews.com.br\/portal\/wp-content\/uploads\/2020\/12\/jose-willamys.jpg","caption":"Jos\u00e9 Willamys"},"sameAs":["http:\/\/maragoginews.com.br\/"],"url":"https:\/\/maragoginews.com.br\/portal\/author\/josewillamys\/"}]}},"_links":{"self":[{"href":"https:\/\/maragoginews.com.br\/portal\/wp-json\/wp\/v2\/posts\/17153","targetHints":{"allow":["GET"]}}],"collection":[{"href":"https:\/\/maragoginews.com.br\/portal\/wp-json\/wp\/v2\/posts"}],"about":[{"href":"https:\/\/maragoginews.com.br\/portal\/wp-json\/wp\/v2\/types\/post"}],"author":[{"embeddable":true,"href":"https:\/\/maragoginews.com.br\/portal\/wp-json\/wp\/v2\/users\/6"}],"replies":[{"embeddable":true,"href":"https:\/\/maragoginews.com.br\/portal\/wp-json\/wp\/v2\/comments?post=17153"}],"version-history":[{"count":1,"href":"https:\/\/maragoginews.com.br\/portal\/wp-json\/wp\/v2\/posts\/17153\/revisions"}],"predecessor-version":[{"id":17155,"href":"https:\/\/maragoginews.com.br\/portal\/wp-json\/wp\/v2\/posts\/17153\/revisions\/17155"}],"wp:featuredmedia":[{"embeddable":true,"href":"https:\/\/maragoginews.com.br\/portal\/wp-json\/wp\/v2\/media\/17154"}],"wp:attachment":[{"href":"https:\/\/maragoginews.com.br\/portal\/wp-json\/wp\/v2\/media?parent=17153"}],"wp:term":[{"taxonomy":"category","embeddable":true,"href":"https:\/\/maragoginews.com.br\/portal\/wp-json\/wp\/v2\/categories?post=17153"},{"taxonomy":"post_tag","embeddable":true,"href":"https:\/\/maragoginews.com.br\/portal\/wp-json\/wp\/v2\/tags?post=17153"}],"curies":[{"name":"wp","href":"https:\/\/api.w.org\/{rel}","templated":true}]}}