{"id":22485,"date":"2025-09-28T10:07:18","date_gmt":"2025-09-28T13:07:18","guid":{"rendered":"https:\/\/maragoginews.com.br\/portal\/?p=22485"},"modified":"2025-09-29T11:13:26","modified_gmt":"2025-09-29T14:13:26","slug":"ex-ator-da-globo-mostra-plantacao-de-maconha-em-seu-sitio-para-consumo-proprio","status":"publish","type":"post","link":"https:\/\/maragoginews.com.br\/portal\/noticias\/geral\/celebridade\/ex-ator-da-globo-mostra-plantacao-de-maconha-em-seu-sitio-para-consumo-proprio\/","title":{"rendered":"Ex-ator da Globo mostra planta\u00e7\u00e3o de maconha em seu s\u00edtio: &#8216;Para consumo pr\u00f3prio&#8221;"},"content":{"rendered":"<p>O ator Ricardo Petraglia, de 74 anos, compartilhou com seu p\u00fablico imagens de sua planta\u00e7\u00e3o de maconha nos \u00faltimos dias. O artista cultiva a erva em seu s\u00edtio, em Xer\u00e9m, em Duque de Caxias, na Baixada Fluminense, onde tamb\u00e9m reside atualmente.<\/p>\n<p>&#8220;Salve, galera. Muito feliz, dia da colheita se aproximando. Olha para ela [erva], est\u00e1 bonitinha, n\u00e9? Quem planta, colhe&#8230; e, independente do que voc\u00ea plantar, voc\u00ea vai colher. Plante amor&#8221;, disse ele, em uma postagem em seu perfil no Instagram.<\/p>\n<p>Em outra postagem, Petraglia exibiu outros exemplares de cannabis, ressaltando que sua planta\u00e7\u00e3o est\u00e1 abastada. No v\u00eddeo, ele afirmou ter nove tipos dela em seu quintal.<\/p>\n<p>\u201cCresceram. Est\u00e3o bonitinhas, enraizadinhas e podadas. Est\u00e3o todas bonitas, e agora estou cheio de orgulho de mostr\u00e1-las para voc\u00eas\u201d, disse ele, citando que duas das mudas foram trazidas do Paquist\u00e3o para o Brasil.<\/p>\n<p>O cultivo da cannabis no Brasil para fins exclusivamente medicinais e cient\u00edficos j\u00e1 foi autorizado pelo Superior Tribunal de Justi\u00e7a (STJ), mas ainda depende de regulamenta\u00e7\u00e3o da Anvisa e do governo federal.<\/p>\n<p class=\"text\"><strong>Quem \u00e9 Ricardo Petraglia<\/strong><\/p>\n<div id=\"image_a6abb41440ad97323e271322d9d57e5eunjb58cm\" class=\"article__image-embed \">\n<p>Ricardo Petraglia ganhou notoriedade por atuar em produ\u00e7\u00f5es de grande porte. Na Globo, esteve em A Viagem (1994), Hist\u00f3ria de Amor (1995-1996), Salsa e Merengue (1996), Por Amor (1997-1998), Cora\u00e7\u00e3o de Estudante (2002). J\u00e1 na Record, integrou o elenco de Caminhos do Cora\u00e7\u00e3o (2007), al\u00e9m de Pecado Mortal (2013) e Milagres de Jesus (2014). Seu \u00faltimo trabalho foi em 2015, em Os Dez Mandamentos.<\/p>\n<p>Aposentado do trabalho na TV, Ricardo cultiva a cannabis de forma org\u00e2nica para uso medicinal. Segundo ele, &#8220;\u00c9 para consumo pr\u00f3prio e com autoriza\u00e7\u00e3o da Justi\u00e7a&#8221;.<\/p>\n<p>\u201cA maconha me salvou em 1975, porque me ajudou a me livrar de drogas pesadas. E, agora, mais velho, fiz uma opera\u00e7\u00e3o no quadril e s\u00f3 o canabidiol me tirou a dor\u201d, disse o ator, em declara\u00e7\u00e3o a seu canal, o MobyDickshow, onde costuma compartilhar postagens defendendo o uso da erva e a legaliza\u00e7\u00e3o da subst\u00e2ncia.<\/p>\n<p>&#8220;Essa aqui \u00e9 a maior planta de CBD (canabidiol) que eu j\u00e1 fiz. Que maravilha que ela est\u00e1. Olha aqui. Isso aqui \u00e9 maconha, freak show. Coloquei elas aqui para florir. Muita gente me pede &#8216;back&#8217; (maconha), mas, infelizmente, por mais que eu tenha vontade, eu n\u00e3o posso dar, porque se eu desse para algu\u00e9m, eu poderia perder minha licen\u00e7a de plantar para consumo pr\u00f3prio&#8221;, contou Petraglia.<\/p>\n<p>Apesar de aposentado, Ricardo Petraglia esteve no ar recentemente com a reprise de A Viagem (1994) e Hist\u00f3ria de Amor (1995-1996), nesta \u00faltima interpretando o personagem Xavier, pai da personagem Ritinha e marido de M\u00e1rcia (Bia Nunnes).<\/p>\n<p>Portal Terra<\/p>\n<\/div>\n","protected":false},"excerpt":{"rendered":"<p>Ricardo Petraglia afirma ter uma autoriza\u00e7\u00e3o da Justi\u00e7a para uso medicinal; saiba mais.<\/p>\n","protected":false},"author":3,"featured_media":22486,"comment_status":"open","ping_status":"open","sticky":false,"template":"","format":"standard","meta":{"footnotes":""},"categories":[45],"tags":[],"class_list":["post-22485","post","type-post","status-publish","format-standard","has-post-thumbnail","hentry","category-celebridade"],"yoast_head":"<!-- This site is optimized with the Yoast SEO plugin v26.6 - https:\/\/yoast.com\/wordpress\/plugins\/seo\/ -->\n<title>Ex-ator da Globo mostra planta\u00e7\u00e3o de maconha em seu s\u00edtio: &#039;Para consumo pr\u00f3prio&quot; - Maragogi News<\/title>\n<meta name=\"robots\" content=\"index, follow, max-snippet:-1, max-image-preview:large, max-video-preview:-1\" \/>\n<link rel=\"canonical\" href=\"https:\/\/maragoginews.com.br\/portal\/noticias\/geral\/celebridade\/ex-ator-da-globo-mostra-plantacao-de-maconha-em-seu-sitio-para-consumo-proprio\/\" \/>\n<meta property=\"og:locale\" content=\"pt_BR\" \/>\n<meta property=\"og:type\" content=\"article\" \/>\n<meta property=\"og:title\" content=\"Ex-ator da Globo mostra planta\u00e7\u00e3o de maconha em seu s\u00edtio: &#039;Para consumo pr\u00f3prio&quot; - Maragogi News\" \/>\n<meta property=\"og:description\" content=\"Ricardo Petraglia afirma ter uma autoriza\u00e7\u00e3o da Justi\u00e7a para uso medicinal; saiba mais.\" \/>\n<meta property=\"og:url\" content=\"https:\/\/maragoginews.com.br\/portal\/noticias\/geral\/celebridade\/ex-ator-da-globo-mostra-plantacao-de-maconha-em-seu-sitio-para-consumo-proprio\/\" \/>\n<meta property=\"og:site_name\" content=\"Maragogi News\" \/>\n<meta property=\"article:published_time\" content=\"2025-09-28T13:07:18+00:00\" \/>\n<meta property=\"article:modified_time\" content=\"2025-09-29T14:13:26+00:00\" \/>\n<meta property=\"og:image\" content=\"https:\/\/maragoginews.com.br\/portal\/wp-content\/uploads\/2025\/09\/inserir-um-titulo-25-qxqmjt1idug4.webp\" \/>\n\t<meta property=\"og:image:width\" content=\"774\" \/>\n\t<meta property=\"og:image:height\" content=\"516\" \/>\n\t<meta property=\"og:image:type\" content=\"image\/webp\" \/>\n<meta name=\"author\" content=\"Reda\u00e7\u00e3o\" \/>\n<meta name=\"twitter:card\" content=\"summary_large_image\" \/>\n<meta name=\"twitter:label1\" content=\"Escrito por\" \/>\n\t<meta name=\"twitter:data1\" content=\"Reda\u00e7\u00e3o\" \/>\n\t<meta name=\"twitter:label2\" content=\"Est. tempo de leitura\" \/>\n\t<meta name=\"twitter:data2\" content=\"3 minutos\" \/>\n<script type=\"application\/ld+json\" class=\"yoast-schema-graph\">{\"@context\":\"https:\/\/schema.org\",\"@graph\":[{\"@type\":\"Article\",\"@id\":\"https:\/\/maragoginews.com.br\/portal\/noticias\/geral\/celebridade\/ex-ator-da-globo-mostra-plantacao-de-maconha-em-seu-sitio-para-consumo-proprio\/#article\",\"isPartOf\":{\"@id\":\"https:\/\/maragoginews.com.br\/portal\/noticias\/geral\/celebridade\/ex-ator-da-globo-mostra-plantacao-de-maconha-em-seu-sitio-para-consumo-proprio\/\"},\"author\":{\"name\":\"Reda\u00e7\u00e3o\",\"@id\":\"https:\/\/maragoginews.com.br\/portal\/#\/schema\/person\/a445323773becef66921958b9c97b6e1\"},\"headline\":\"Ex-ator da Globo mostra planta\u00e7\u00e3o de maconha em seu s\u00edtio: &#8216;Para consumo pr\u00f3prio&#8221;\",\"datePublished\":\"2025-09-28T13:07:18+00:00\",\"dateModified\":\"2025-09-29T14:13:26+00:00\",\"mainEntityOfPage\":{\"@id\":\"https:\/\/maragoginews.com.br\/portal\/noticias\/geral\/celebridade\/ex-ator-da-globo-mostra-plantacao-de-maconha-em-seu-sitio-para-consumo-proprio\/\"},\"wordCount\":464,\"commentCount\":0,\"publisher\":{\"@id\":\"https:\/\/maragoginews.com.br\/portal\/#organization\"},\"image\":{\"@id\":\"https:\/\/maragoginews.com.br\/portal\/noticias\/geral\/celebridade\/ex-ator-da-globo-mostra-plantacao-de-maconha-em-seu-sitio-para-consumo-proprio\/#primaryimage\"},\"thumbnailUrl\":\"https:\/\/maragoginews.com.br\/portal\/wp-content\/uploads\/2025\/09\/inserir-um-titulo-25-qxqmjt1idug4.webp\",\"articleSection\":[\"Celebridade\"],\"inLanguage\":\"pt-BR\",\"potentialAction\":[{\"@type\":\"CommentAction\",\"name\":\"Comment\",\"target\":[\"https:\/\/maragoginews.com.br\/portal\/noticias\/geral\/celebridade\/ex-ator-da-globo-mostra-plantacao-de-maconha-em-seu-sitio-para-consumo-proprio\/#respond\"]}]},{\"@type\":\"WebPage\",\"@id\":\"https:\/\/maragoginews.com.br\/portal\/noticias\/geral\/celebridade\/ex-ator-da-globo-mostra-plantacao-de-maconha-em-seu-sitio-para-consumo-proprio\/\",\"url\":\"https:\/\/maragoginews.com.br\/portal\/noticias\/geral\/celebridade\/ex-ator-da-globo-mostra-plantacao-de-maconha-em-seu-sitio-para-consumo-proprio\/\",\"name\":\"Ex-ator da Globo mostra planta\u00e7\u00e3o de maconha em seu s\u00edtio: 'Para consumo pr\u00f3prio\\\" - Maragogi News\",\"isPartOf\":{\"@id\":\"https:\/\/maragoginews.com.br\/portal\/#website\"},\"primaryImageOfPage\":{\"@id\":\"https:\/\/maragoginews.com.br\/portal\/noticias\/geral\/celebridade\/ex-ator-da-globo-mostra-plantacao-de-maconha-em-seu-sitio-para-consumo-proprio\/#primaryimage\"},\"image\":{\"@id\":\"https:\/\/maragoginews.com.br\/portal\/noticias\/geral\/celebridade\/ex-ator-da-globo-mostra-plantacao-de-maconha-em-seu-sitio-para-consumo-proprio\/#primaryimage\"},\"thumbnailUrl\":\"https:\/\/maragoginews.com.br\/portal\/wp-content\/uploads\/2025\/09\/inserir-um-titulo-25-qxqmjt1idug4.webp\",\"datePublished\":\"2025-09-28T13:07:18+00:00\",\"dateModified\":\"2025-09-29T14:13:26+00:00\",\"breadcrumb\":{\"@id\":\"https:\/\/maragoginews.com.br\/portal\/noticias\/geral\/celebridade\/ex-ator-da-globo-mostra-plantacao-de-maconha-em-seu-sitio-para-consumo-proprio\/#breadcrumb\"},\"inLanguage\":\"pt-BR\",\"potentialAction\":[{\"@type\":\"ReadAction\",\"target\":[\"https:\/\/maragoginews.com.br\/portal\/noticias\/geral\/celebridade\/ex-ator-da-globo-mostra-plantacao-de-maconha-em-seu-sitio-para-consumo-proprio\/\"]}]},{\"@type\":\"ImageObject\",\"inLanguage\":\"pt-BR\",\"@id\":\"https:\/\/maragoginews.com.br\/portal\/noticias\/geral\/celebridade\/ex-ator-da-globo-mostra-plantacao-de-maconha-em-seu-sitio-para-consumo-proprio\/#primaryimage\",\"url\":\"https:\/\/maragoginews.com.br\/portal\/wp-content\/uploads\/2025\/09\/inserir-um-titulo-25-qxqmjt1idug4.webp\",\"contentUrl\":\"https:\/\/maragoginews.com.br\/portal\/wp-content\/uploads\/2025\/09\/inserir-um-titulo-25-qxqmjt1idug4.webp\",\"width\":774,\"height\":516,\"caption\":\"Ricardo Petraglia e sua planta\u00e7\u00e3o de maconha Foto: Reprodu\u00e7\u00e3o | Instagram\"},{\"@type\":\"BreadcrumbList\",\"@id\":\"https:\/\/maragoginews.com.br\/portal\/noticias\/geral\/celebridade\/ex-ator-da-globo-mostra-plantacao-de-maconha-em-seu-sitio-para-consumo-proprio\/#breadcrumb\",\"itemListElement\":[{\"@type\":\"ListItem\",\"position\":1,\"name\":\"In\u00edcio\",\"item\":\"https:\/\/maragoginews.com.br\/portal\/\"},{\"@type\":\"ListItem\",\"position\":2,\"name\":\"Ex-ator da Globo mostra planta\u00e7\u00e3o de maconha em seu s\u00edtio: &#8216;Para consumo pr\u00f3prio&#8221;\"}]},{\"@type\":\"WebSite\",\"@id\":\"https:\/\/maragoginews.com.br\/portal\/#website\",\"url\":\"https:\/\/maragoginews.com.br\/portal\/\",\"name\":\"Maragogi News\",\"description\":\"Portal de Not\u00edcias\",\"publisher\":{\"@id\":\"https:\/\/maragoginews.com.br\/portal\/#organization\"},\"potentialAction\":[{\"@type\":\"SearchAction\",\"target\":{\"@type\":\"EntryPoint\",\"urlTemplate\":\"https:\/\/maragoginews.com.br\/portal\/?s={search_term_string}\"},\"query-input\":{\"@type\":\"PropertyValueSpecification\",\"valueRequired\":true,\"valueName\":\"search_term_string\"}}],\"inLanguage\":\"pt-BR\"},{\"@type\":\"Organization\",\"@id\":\"https:\/\/maragoginews.com.br\/portal\/#organization\",\"name\":\"Maragogi News\",\"url\":\"https:\/\/maragoginews.com.br\/portal\/\",\"logo\":{\"@type\":\"ImageObject\",\"inLanguage\":\"pt-BR\",\"@id\":\"https:\/\/maragoginews.com.br\/portal\/#\/schema\/logo\/image\/\",\"url\":\"https:\/\/maragoginews.com.br\/portal\/wp-content\/uploads\/2020\/10\/mn.png\",\"contentUrl\":\"https:\/\/maragoginews.com.br\/portal\/wp-content\/uploads\/2020\/10\/mn.png\",\"width\":305,\"height\":50,\"caption\":\"Maragogi News\"},\"image\":{\"@id\":\"https:\/\/maragoginews.com.br\/portal\/#\/schema\/logo\/image\/\"}},{\"@type\":\"Person\",\"@id\":\"https:\/\/maragoginews.com.br\/portal\/#\/schema\/person\/a445323773becef66921958b9c97b6e1\",\"name\":\"Reda\u00e7\u00e3o\",\"image\":{\"@type\":\"ImageObject\",\"inLanguage\":\"pt-BR\",\"@id\":\"https:\/\/maragoginews.com.br\/portal\/#\/schema\/person\/image\/\",\"url\":\"https:\/\/maragoginews.com.br\/portal\/wp-content\/uploads\/2020\/12\/redacao.jpg\",\"contentUrl\":\"https:\/\/maragoginews.com.br\/portal\/wp-content\/uploads\/2020\/12\/redacao.jpg\",\"caption\":\"Reda\u00e7\u00e3o\"},\"sameAs\":[\"http:\/\/maragoginews.com.br\/\"],\"url\":\"https:\/\/maragoginews.com.br\/portal\/author\/redacao\/\"}]}<\/script>\n<!-- \/ Yoast SEO plugin. -->","yoast_head_json":{"title":"Ex-ator da Globo mostra planta\u00e7\u00e3o de maconha em seu s\u00edtio: 'Para consumo pr\u00f3prio\" - Maragogi News","robots":{"index":"index","follow":"follow","max-snippet":"max-snippet:-1","max-image-preview":"max-image-preview:large","max-video-preview":"max-video-preview:-1"},"canonical":"https:\/\/maragoginews.com.br\/portal\/noticias\/geral\/celebridade\/ex-ator-da-globo-mostra-plantacao-de-maconha-em-seu-sitio-para-consumo-proprio\/","og_locale":"pt_BR","og_type":"article","og_title":"Ex-ator da Globo mostra planta\u00e7\u00e3o de maconha em seu s\u00edtio: 'Para consumo pr\u00f3prio\" - Maragogi News","og_description":"Ricardo Petraglia afirma ter uma autoriza\u00e7\u00e3o da Justi\u00e7a para uso medicinal; saiba mais.","og_url":"https:\/\/maragoginews.com.br\/portal\/noticias\/geral\/celebridade\/ex-ator-da-globo-mostra-plantacao-de-maconha-em-seu-sitio-para-consumo-proprio\/","og_site_name":"Maragogi News","article_published_time":"2025-09-28T13:07:18+00:00","article_modified_time":"2025-09-29T14:13:26+00:00","og_image":[{"width":774,"height":516,"url":"https:\/\/maragoginews.com.br\/portal\/wp-content\/uploads\/2025\/09\/inserir-um-titulo-25-qxqmjt1idug4.webp","type":"image\/webp"}],"author":"Reda\u00e7\u00e3o","twitter_card":"summary_large_image","twitter_misc":{"Escrito por":"Reda\u00e7\u00e3o","Est. tempo de leitura":"3 minutos"},"schema":{"@context":"https:\/\/schema.org","@graph":[{"@type":"Article","@id":"https:\/\/maragoginews.com.br\/portal\/noticias\/geral\/celebridade\/ex-ator-da-globo-mostra-plantacao-de-maconha-em-seu-sitio-para-consumo-proprio\/#article","isPartOf":{"@id":"https:\/\/maragoginews.com.br\/portal\/noticias\/geral\/celebridade\/ex-ator-da-globo-mostra-plantacao-de-maconha-em-seu-sitio-para-consumo-proprio\/"},"author":{"name":"Reda\u00e7\u00e3o","@id":"https:\/\/maragoginews.com.br\/portal\/#\/schema\/person\/a445323773becef66921958b9c97b6e1"},"headline":"Ex-ator da Globo mostra planta\u00e7\u00e3o de maconha em seu s\u00edtio: &#8216;Para consumo pr\u00f3prio&#8221;","datePublished":"2025-09-28T13:07:18+00:00","dateModified":"2025-09-29T14:13:26+00:00","mainEntityOfPage":{"@id":"https:\/\/maragoginews.com.br\/portal\/noticias\/geral\/celebridade\/ex-ator-da-globo-mostra-plantacao-de-maconha-em-seu-sitio-para-consumo-proprio\/"},"wordCount":464,"commentCount":0,"publisher":{"@id":"https:\/\/maragoginews.com.br\/portal\/#organization"},"image":{"@id":"https:\/\/maragoginews.com.br\/portal\/noticias\/geral\/celebridade\/ex-ator-da-globo-mostra-plantacao-de-maconha-em-seu-sitio-para-consumo-proprio\/#primaryimage"},"thumbnailUrl":"https:\/\/maragoginews.com.br\/portal\/wp-content\/uploads\/2025\/09\/inserir-um-titulo-25-qxqmjt1idug4.webp","articleSection":["Celebridade"],"inLanguage":"pt-BR","potentialAction":[{"@type":"CommentAction","name":"Comment","target":["https:\/\/maragoginews.com.br\/portal\/noticias\/geral\/celebridade\/ex-ator-da-globo-mostra-plantacao-de-maconha-em-seu-sitio-para-consumo-proprio\/#respond"]}]},{"@type":"WebPage","@id":"https:\/\/maragoginews.com.br\/portal\/noticias\/geral\/celebridade\/ex-ator-da-globo-mostra-plantacao-de-maconha-em-seu-sitio-para-consumo-proprio\/","url":"https:\/\/maragoginews.com.br\/portal\/noticias\/geral\/celebridade\/ex-ator-da-globo-mostra-plantacao-de-maconha-em-seu-sitio-para-consumo-proprio\/","name":"Ex-ator da Globo mostra planta\u00e7\u00e3o de maconha em seu s\u00edtio: 'Para consumo pr\u00f3prio\" - Maragogi News","isPartOf":{"@id":"https:\/\/maragoginews.com.br\/portal\/#website"},"primaryImageOfPage":{"@id":"https:\/\/maragoginews.com.br\/portal\/noticias\/geral\/celebridade\/ex-ator-da-globo-mostra-plantacao-de-maconha-em-seu-sitio-para-consumo-proprio\/#primaryimage"},"image":{"@id":"https:\/\/maragoginews.com.br\/portal\/noticias\/geral\/celebridade\/ex-ator-da-globo-mostra-plantacao-de-maconha-em-seu-sitio-para-consumo-proprio\/#primaryimage"},"thumbnailUrl":"https:\/\/maragoginews.com.br\/portal\/wp-content\/uploads\/2025\/09\/inserir-um-titulo-25-qxqmjt1idug4.webp","datePublished":"2025-09-28T13:07:18+00:00","dateModified":"2025-09-29T14:13:26+00:00","breadcrumb":{"@id":"https:\/\/maragoginews.com.br\/portal\/noticias\/geral\/celebridade\/ex-ator-da-globo-mostra-plantacao-de-maconha-em-seu-sitio-para-consumo-proprio\/#breadcrumb"},"inLanguage":"pt-BR","potentialAction":[{"@type":"ReadAction","target":["https:\/\/maragoginews.com.br\/portal\/noticias\/geral\/celebridade\/ex-ator-da-globo-mostra-plantacao-de-maconha-em-seu-sitio-para-consumo-proprio\/"]}]},{"@type":"ImageObject","inLanguage":"pt-BR","@id":"https:\/\/maragoginews.com.br\/portal\/noticias\/geral\/celebridade\/ex-ator-da-globo-mostra-plantacao-de-maconha-em-seu-sitio-para-consumo-proprio\/#primaryimage","url":"https:\/\/maragoginews.com.br\/portal\/wp-content\/uploads\/2025\/09\/inserir-um-titulo-25-qxqmjt1idug4.webp","contentUrl":"https:\/\/maragoginews.com.br\/portal\/wp-content\/uploads\/2025\/09\/inserir-um-titulo-25-qxqmjt1idug4.webp","width":774,"height":516,"caption":"Ricardo Petraglia e sua planta\u00e7\u00e3o de maconha Foto: Reprodu\u00e7\u00e3o | Instagram"},{"@type":"BreadcrumbList","@id":"https:\/\/maragoginews.com.br\/portal\/noticias\/geral\/celebridade\/ex-ator-da-globo-mostra-plantacao-de-maconha-em-seu-sitio-para-consumo-proprio\/#breadcrumb","itemListElement":[{"@type":"ListItem","position":1,"name":"In\u00edcio","item":"https:\/\/maragoginews.com.br\/portal\/"},{"@type":"ListItem","position":2,"name":"Ex-ator da Globo mostra planta\u00e7\u00e3o de maconha em seu s\u00edtio: &#8216;Para consumo pr\u00f3prio&#8221;"}]},{"@type":"WebSite","@id":"https:\/\/maragoginews.com.br\/portal\/#website","url":"https:\/\/maragoginews.com.br\/portal\/","name":"Maragogi News","description":"Portal de Not\u00edcias","publisher":{"@id":"https:\/\/maragoginews.com.br\/portal\/#organization"},"potentialAction":[{"@type":"SearchAction","target":{"@type":"EntryPoint","urlTemplate":"https:\/\/maragoginews.com.br\/portal\/?s={search_term_string}"},"query-input":{"@type":"PropertyValueSpecification","valueRequired":true,"valueName":"search_term_string"}}],"inLanguage":"pt-BR"},{"@type":"Organization","@id":"https:\/\/maragoginews.com.br\/portal\/#organization","name":"Maragogi News","url":"https:\/\/maragoginews.com.br\/portal\/","logo":{"@type":"ImageObject","inLanguage":"pt-BR","@id":"https:\/\/maragoginews.com.br\/portal\/#\/schema\/logo\/image\/","url":"https:\/\/maragoginews.com.br\/portal\/wp-content\/uploads\/2020\/10\/mn.png","contentUrl":"https:\/\/maragoginews.com.br\/portal\/wp-content\/uploads\/2020\/10\/mn.png","width":305,"height":50,"caption":"Maragogi News"},"image":{"@id":"https:\/\/maragoginews.com.br\/portal\/#\/schema\/logo\/image\/"}},{"@type":"Person","@id":"https:\/\/maragoginews.com.br\/portal\/#\/schema\/person\/a445323773becef66921958b9c97b6e1","name":"Reda\u00e7\u00e3o","image":{"@type":"ImageObject","inLanguage":"pt-BR","@id":"https:\/\/maragoginews.com.br\/portal\/#\/schema\/person\/image\/","url":"https:\/\/maragoginews.com.br\/portal\/wp-content\/uploads\/2020\/12\/redacao.jpg","contentUrl":"https:\/\/maragoginews.com.br\/portal\/wp-content\/uploads\/2020\/12\/redacao.jpg","caption":"Reda\u00e7\u00e3o"},"sameAs":["http:\/\/maragoginews.com.br\/"],"url":"https:\/\/maragoginews.com.br\/portal\/author\/redacao\/"}]}},"_links":{"self":[{"href":"https:\/\/maragoginews.com.br\/portal\/wp-json\/wp\/v2\/posts\/22485","targetHints":{"allow":["GET"]}}],"collection":[{"href":"https:\/\/maragoginews.com.br\/portal\/wp-json\/wp\/v2\/posts"}],"about":[{"href":"https:\/\/maragoginews.com.br\/portal\/wp-json\/wp\/v2\/types\/post"}],"author":[{"embeddable":true,"href":"https:\/\/maragoginews.com.br\/portal\/wp-json\/wp\/v2\/users\/3"}],"replies":[{"embeddable":true,"href":"https:\/\/maragoginews.com.br\/portal\/wp-json\/wp\/v2\/comments?post=22485"}],"version-history":[{"count":1,"href":"https:\/\/maragoginews.com.br\/portal\/wp-json\/wp\/v2\/posts\/22485\/revisions"}],"predecessor-version":[{"id":22487,"href":"https:\/\/maragoginews.com.br\/portal\/wp-json\/wp\/v2\/posts\/22485\/revisions\/22487"}],"wp:featuredmedia":[{"embeddable":true,"href":"https:\/\/maragoginews.com.br\/portal\/wp-json\/wp\/v2\/media\/22486"}],"wp:attachment":[{"href":"https:\/\/maragoginews.com.br\/portal\/wp-json\/wp\/v2\/media?parent=22485"}],"wp:term":[{"taxonomy":"category","embeddable":true,"href":"https:\/\/maragoginews.com.br\/portal\/wp-json\/wp\/v2\/categories?post=22485"},{"taxonomy":"post_tag","embeddable":true,"href":"https:\/\/maragoginews.com.br\/portal\/wp-json\/wp\/v2\/tags?post=22485"}],"curies":[{"name":"wp","href":"https:\/\/api.w.org\/{rel}","templated":true}]}}