{"id":22489,"date":"2025-09-28T10:20:46","date_gmt":"2025-09-28T13:20:46","guid":{"rendered":"https:\/\/maragoginews.com.br\/portal\/?p=22489"},"modified":"2025-09-28T10:20:46","modified_gmt":"2025-09-28T13:20:46","slug":"deputado-de-sao-paulo-propoe-dividir-o-brasil-em-dois-norte-x-sul","status":"publish","type":"post","link":"https:\/\/maragoginews.com.br\/portal\/noticias\/geral\/politica\/deputado-de-sao-paulo-propoe-dividir-o-brasil-em-dois-norte-x-sul\/","title":{"rendered":"Deputado de S\u00e3o Paulo prop\u00f5e dividir o Brasil em dois: Norte x Sul"},"content":{"rendered":"<p>O deputado federal\u00a0<strong>Paulo Bilynskyj,<\/strong>\u00a0do PL-SP, gerou pol\u00eamica ao sugerir a divis\u00e3o do Brasil em\u00a0<strong>dois novos pa\u00edses:\u00a0<\/strong>\u201cBrasil do Norte\u201d e \u201cBrasil do Sul\u201d. Essa proposta foi feita durante uma entrevista no podcast Redcast, realizada em 18 de setembro.<\/p>\n<p>A ideia surgiu em uma discuss\u00e3o sobre a despropor\u00e7\u00e3o entre o n\u00famero de senadores e as popula\u00e7\u00f5es dos estados.<\/p>\n<p><em>\u201cVamos dividir o Brasil? A gente recorta Norte e Nordeste, passa a ser Brasil do Norte. E todos os estados do Centro-Oeste, Sudeste e Sul passam a ser Brasil do Sul\u201d<\/em>, prop\u00f4s o deputado.<\/p>\n<p>Bilynskyj sugere que as regi\u00f5es Norte e Nordeste formem o \u201cBrasil do Norte\u201d, enquanto Centro-Oeste, Sudeste e Sul constituam o \u201cBrasil do Sul\u201d. Ele argumenta que a divis\u00e3o poderia beneficiar a democracia ao reduzir a extens\u00e3o territorial. Apesar de causar surpresa e intensos debates, a proposta rapidamente gerou uma variedade de rea\u00e7\u00f5es online e na pol\u00edtica.<\/p>\n<h2 class=\"wp-block-heading\">Rea\u00e7\u00f5es<\/h2>\n<p>A declara\u00e7\u00e3o do deputado tornou-se rapidamente um dos temas mais comentados nas redes sociais. Usu\u00e1rios criticaram a ideia, descrevendo-a como<strong>\u00a0divisiva<\/strong>. Pol\u00edticos e especialistas tamb\u00e9m expressaram preocupa\u00e7\u00f5es, destacando riscos de aumentar o \u00f3dio regional.<\/p>\n<p>Legalmente,<strong>\u00a0a divis\u00e3o \u00e9 invi\u00e1vel.\u00a0<\/strong>A Constitui\u00e7\u00e3o de 1988 declara o Brasil uma Rep\u00fablica Federativa indivis\u00edvel, sendo contra a ideia de separa\u00e7\u00e3o territorial.<\/p>\n<p>Al\u00e9m das dificuldades jur\u00eddicas, a viabilidade pol\u00edtica tamb\u00e9m \u00e9 question\u00e1vel. A proposta n\u00e3o encontra respaldo em nenhuma cl\u00e1usula constitucional que permita tal divis\u00e3o, o que torna a ideia praticamente inaplic\u00e1vel no cen\u00e1rio atual.<\/p>\n<p>Di\u00e1rio do Com\u00e9rcio<\/p>\n","protected":false},"excerpt":{"rendered":"<p>O deputado federal\u00a0Paulo Bilynskyj,\u00a0do PL-SP, gerou pol\u00eamica ao sugerir a divis\u00e3o do Brasil em\u00a0dois novos pa\u00edses:\u00a0\u201cBrasil do Norte\u201d e \u201cBrasil do Sul\u201d. Essa proposta foi feita durante uma entrevista no podcast Redcast, realizada em 18 de setembro. A ideia surgiu em uma discuss\u00e3o sobre a despropor\u00e7\u00e3o entre o n\u00famero de senadores e as popula\u00e7\u00f5es dos [&hellip;]<\/p>\n","protected":false},"author":3,"featured_media":22490,"comment_status":"open","ping_status":"open","sticky":false,"template":"","format":"standard","meta":{"footnotes":""},"categories":[31],"tags":[],"class_list":["post-22489","post","type-post","status-publish","format-standard","has-post-thumbnail","hentry","category-politica","posicao_chamadas-destaque-pequeno"],"yoast_head":"<!-- This site is optimized with the Yoast SEO plugin v26.6 - https:\/\/yoast.com\/wordpress\/plugins\/seo\/ -->\n<title>Deputado de S\u00e3o Paulo prop\u00f5e dividir o Brasil em dois: Norte x Sul - Maragogi News<\/title>\n<meta name=\"robots\" content=\"index, follow, max-snippet:-1, max-image-preview:large, max-video-preview:-1\" \/>\n<link rel=\"canonical\" href=\"https:\/\/maragoginews.com.br\/portal\/noticias\/geral\/politica\/deputado-de-sao-paulo-propoe-dividir-o-brasil-em-dois-norte-x-sul\/\" \/>\n<meta property=\"og:locale\" content=\"pt_BR\" \/>\n<meta property=\"og:type\" content=\"article\" \/>\n<meta property=\"og:title\" content=\"Deputado de S\u00e3o Paulo prop\u00f5e dividir o Brasil em dois: Norte x Sul - Maragogi News\" \/>\n<meta property=\"og:description\" content=\"O deputado federal\u00a0Paulo Bilynskyj,\u00a0do PL-SP, gerou pol\u00eamica ao sugerir a divis\u00e3o do Brasil em\u00a0dois novos pa\u00edses:\u00a0\u201cBrasil do Norte\u201d e \u201cBrasil do Sul\u201d. Essa proposta foi feita durante uma entrevista no podcast Redcast, realizada em 18 de setembro. A ideia surgiu em uma discuss\u00e3o sobre a despropor\u00e7\u00e3o entre o n\u00famero de senadores e as popula\u00e7\u00f5es dos [&hellip;]\" \/>\n<meta property=\"og:url\" content=\"https:\/\/maragoginews.com.br\/portal\/noticias\/geral\/politica\/deputado-de-sao-paulo-propoe-dividir-o-brasil-em-dois-norte-x-sul\/\" \/>\n<meta property=\"og:site_name\" content=\"Maragogi News\" \/>\n<meta property=\"article:published_time\" content=\"2025-09-28T13:20:46+00:00\" \/>\n<meta property=\"og:image\" content=\"https:\/\/maragoginews.com.br\/portal\/wp-content\/uploads\/2025\/09\/dep._delegado_paulo_bilynskyj_pl_-_sp.webp\" \/>\n\t<meta property=\"og:image:width\" content=\"1170\" \/>\n\t<meta property=\"og:image:height\" content=\"700\" \/>\n\t<meta property=\"og:image:type\" content=\"image\/webp\" \/>\n<meta name=\"author\" content=\"Reda\u00e7\u00e3o\" \/>\n<meta name=\"twitter:card\" content=\"summary_large_image\" \/>\n<meta name=\"twitter:label1\" content=\"Escrito por\" \/>\n\t<meta name=\"twitter:data1\" content=\"Reda\u00e7\u00e3o\" \/>\n\t<meta name=\"twitter:label2\" content=\"Est. tempo de leitura\" \/>\n\t<meta name=\"twitter:data2\" content=\"2 minutos\" \/>\n<script type=\"application\/ld+json\" class=\"yoast-schema-graph\">{\"@context\":\"https:\/\/schema.org\",\"@graph\":[{\"@type\":\"Article\",\"@id\":\"https:\/\/maragoginews.com.br\/portal\/noticias\/geral\/politica\/deputado-de-sao-paulo-propoe-dividir-o-brasil-em-dois-norte-x-sul\/#article\",\"isPartOf\":{\"@id\":\"https:\/\/maragoginews.com.br\/portal\/noticias\/geral\/politica\/deputado-de-sao-paulo-propoe-dividir-o-brasil-em-dois-norte-x-sul\/\"},\"author\":{\"name\":\"Reda\u00e7\u00e3o\",\"@id\":\"https:\/\/maragoginews.com.br\/portal\/#\/schema\/person\/a445323773becef66921958b9c97b6e1\"},\"headline\":\"Deputado de S\u00e3o Paulo prop\u00f5e dividir o Brasil em dois: Norte x Sul\",\"datePublished\":\"2025-09-28T13:20:46+00:00\",\"mainEntityOfPage\":{\"@id\":\"https:\/\/maragoginews.com.br\/portal\/noticias\/geral\/politica\/deputado-de-sao-paulo-propoe-dividir-o-brasil-em-dois-norte-x-sul\/\"},\"wordCount\":292,\"commentCount\":0,\"publisher\":{\"@id\":\"https:\/\/maragoginews.com.br\/portal\/#organization\"},\"image\":{\"@id\":\"https:\/\/maragoginews.com.br\/portal\/noticias\/geral\/politica\/deputado-de-sao-paulo-propoe-dividir-o-brasil-em-dois-norte-x-sul\/#primaryimage\"},\"thumbnailUrl\":\"https:\/\/maragoginews.com.br\/portal\/wp-content\/uploads\/2025\/09\/dep._delegado_paulo_bilynskyj_pl_-_sp.webp\",\"articleSection\":[\"Pol\u00edtica\"],\"inLanguage\":\"pt-BR\",\"potentialAction\":[{\"@type\":\"CommentAction\",\"name\":\"Comment\",\"target\":[\"https:\/\/maragoginews.com.br\/portal\/noticias\/geral\/politica\/deputado-de-sao-paulo-propoe-dividir-o-brasil-em-dois-norte-x-sul\/#respond\"]}]},{\"@type\":\"WebPage\",\"@id\":\"https:\/\/maragoginews.com.br\/portal\/noticias\/geral\/politica\/deputado-de-sao-paulo-propoe-dividir-o-brasil-em-dois-norte-x-sul\/\",\"url\":\"https:\/\/maragoginews.com.br\/portal\/noticias\/geral\/politica\/deputado-de-sao-paulo-propoe-dividir-o-brasil-em-dois-norte-x-sul\/\",\"name\":\"Deputado de S\u00e3o Paulo prop\u00f5e dividir o Brasil em dois: Norte x Sul - Maragogi News\",\"isPartOf\":{\"@id\":\"https:\/\/maragoginews.com.br\/portal\/#website\"},\"primaryImageOfPage\":{\"@id\":\"https:\/\/maragoginews.com.br\/portal\/noticias\/geral\/politica\/deputado-de-sao-paulo-propoe-dividir-o-brasil-em-dois-norte-x-sul\/#primaryimage\"},\"image\":{\"@id\":\"https:\/\/maragoginews.com.br\/portal\/noticias\/geral\/politica\/deputado-de-sao-paulo-propoe-dividir-o-brasil-em-dois-norte-x-sul\/#primaryimage\"},\"thumbnailUrl\":\"https:\/\/maragoginews.com.br\/portal\/wp-content\/uploads\/2025\/09\/dep._delegado_paulo_bilynskyj_pl_-_sp.webp\",\"datePublished\":\"2025-09-28T13:20:46+00:00\",\"breadcrumb\":{\"@id\":\"https:\/\/maragoginews.com.br\/portal\/noticias\/geral\/politica\/deputado-de-sao-paulo-propoe-dividir-o-brasil-em-dois-norte-x-sul\/#breadcrumb\"},\"inLanguage\":\"pt-BR\",\"potentialAction\":[{\"@type\":\"ReadAction\",\"target\":[\"https:\/\/maragoginews.com.br\/portal\/noticias\/geral\/politica\/deputado-de-sao-paulo-propoe-dividir-o-brasil-em-dois-norte-x-sul\/\"]}]},{\"@type\":\"ImageObject\",\"inLanguage\":\"pt-BR\",\"@id\":\"https:\/\/maragoginews.com.br\/portal\/noticias\/geral\/politica\/deputado-de-sao-paulo-propoe-dividir-o-brasil-em-dois-norte-x-sul\/#primaryimage\",\"url\":\"https:\/\/maragoginews.com.br\/portal\/wp-content\/uploads\/2025\/09\/dep._delegado_paulo_bilynskyj_pl_-_sp.webp\",\"contentUrl\":\"https:\/\/maragoginews.com.br\/portal\/wp-content\/uploads\/2025\/09\/dep._delegado_paulo_bilynskyj_pl_-_sp.webp\",\"width\":1170,\"height\":700},{\"@type\":\"BreadcrumbList\",\"@id\":\"https:\/\/maragoginews.com.br\/portal\/noticias\/geral\/politica\/deputado-de-sao-paulo-propoe-dividir-o-brasil-em-dois-norte-x-sul\/#breadcrumb\",\"itemListElement\":[{\"@type\":\"ListItem\",\"position\":1,\"name\":\"In\u00edcio\",\"item\":\"https:\/\/maragoginews.com.br\/portal\/\"},{\"@type\":\"ListItem\",\"position\":2,\"name\":\"Deputado de S\u00e3o Paulo prop\u00f5e dividir o Brasil em dois: Norte x Sul\"}]},{\"@type\":\"WebSite\",\"@id\":\"https:\/\/maragoginews.com.br\/portal\/#website\",\"url\":\"https:\/\/maragoginews.com.br\/portal\/\",\"name\":\"Maragogi News\",\"description\":\"Portal de Not\u00edcias\",\"publisher\":{\"@id\":\"https:\/\/maragoginews.com.br\/portal\/#organization\"},\"potentialAction\":[{\"@type\":\"SearchAction\",\"target\":{\"@type\":\"EntryPoint\",\"urlTemplate\":\"https:\/\/maragoginews.com.br\/portal\/?s={search_term_string}\"},\"query-input\":{\"@type\":\"PropertyValueSpecification\",\"valueRequired\":true,\"valueName\":\"search_term_string\"}}],\"inLanguage\":\"pt-BR\"},{\"@type\":\"Organization\",\"@id\":\"https:\/\/maragoginews.com.br\/portal\/#organization\",\"name\":\"Maragogi News\",\"url\":\"https:\/\/maragoginews.com.br\/portal\/\",\"logo\":{\"@type\":\"ImageObject\",\"inLanguage\":\"pt-BR\",\"@id\":\"https:\/\/maragoginews.com.br\/portal\/#\/schema\/logo\/image\/\",\"url\":\"https:\/\/maragoginews.com.br\/portal\/wp-content\/uploads\/2020\/10\/mn.png\",\"contentUrl\":\"https:\/\/maragoginews.com.br\/portal\/wp-content\/uploads\/2020\/10\/mn.png\",\"width\":305,\"height\":50,\"caption\":\"Maragogi News\"},\"image\":{\"@id\":\"https:\/\/maragoginews.com.br\/portal\/#\/schema\/logo\/image\/\"}},{\"@type\":\"Person\",\"@id\":\"https:\/\/maragoginews.com.br\/portal\/#\/schema\/person\/a445323773becef66921958b9c97b6e1\",\"name\":\"Reda\u00e7\u00e3o\",\"image\":{\"@type\":\"ImageObject\",\"inLanguage\":\"pt-BR\",\"@id\":\"https:\/\/maragoginews.com.br\/portal\/#\/schema\/person\/image\/\",\"url\":\"https:\/\/maragoginews.com.br\/portal\/wp-content\/uploads\/2020\/12\/redacao.jpg\",\"contentUrl\":\"https:\/\/maragoginews.com.br\/portal\/wp-content\/uploads\/2020\/12\/redacao.jpg\",\"caption\":\"Reda\u00e7\u00e3o\"},\"sameAs\":[\"http:\/\/maragoginews.com.br\/\"],\"url\":\"https:\/\/maragoginews.com.br\/portal\/author\/redacao\/\"}]}<\/script>\n<!-- \/ Yoast SEO plugin. -->","yoast_head_json":{"title":"Deputado de S\u00e3o Paulo prop\u00f5e dividir o Brasil em dois: Norte x Sul - Maragogi News","robots":{"index":"index","follow":"follow","max-snippet":"max-snippet:-1","max-image-preview":"max-image-preview:large","max-video-preview":"max-video-preview:-1"},"canonical":"https:\/\/maragoginews.com.br\/portal\/noticias\/geral\/politica\/deputado-de-sao-paulo-propoe-dividir-o-brasil-em-dois-norte-x-sul\/","og_locale":"pt_BR","og_type":"article","og_title":"Deputado de S\u00e3o Paulo prop\u00f5e dividir o Brasil em dois: Norte x Sul - Maragogi News","og_description":"O deputado federal\u00a0Paulo Bilynskyj,\u00a0do PL-SP, gerou pol\u00eamica ao sugerir a divis\u00e3o do Brasil em\u00a0dois novos pa\u00edses:\u00a0\u201cBrasil do Norte\u201d e \u201cBrasil do Sul\u201d. Essa proposta foi feita durante uma entrevista no podcast Redcast, realizada em 18 de setembro. A ideia surgiu em uma discuss\u00e3o sobre a despropor\u00e7\u00e3o entre o n\u00famero de senadores e as popula\u00e7\u00f5es dos [&hellip;]","og_url":"https:\/\/maragoginews.com.br\/portal\/noticias\/geral\/politica\/deputado-de-sao-paulo-propoe-dividir-o-brasil-em-dois-norte-x-sul\/","og_site_name":"Maragogi News","article_published_time":"2025-09-28T13:20:46+00:00","og_image":[{"width":1170,"height":700,"url":"https:\/\/maragoginews.com.br\/portal\/wp-content\/uploads\/2025\/09\/dep._delegado_paulo_bilynskyj_pl_-_sp.webp","type":"image\/webp"}],"author":"Reda\u00e7\u00e3o","twitter_card":"summary_large_image","twitter_misc":{"Escrito por":"Reda\u00e7\u00e3o","Est. tempo de leitura":"2 minutos"},"schema":{"@context":"https:\/\/schema.org","@graph":[{"@type":"Article","@id":"https:\/\/maragoginews.com.br\/portal\/noticias\/geral\/politica\/deputado-de-sao-paulo-propoe-dividir-o-brasil-em-dois-norte-x-sul\/#article","isPartOf":{"@id":"https:\/\/maragoginews.com.br\/portal\/noticias\/geral\/politica\/deputado-de-sao-paulo-propoe-dividir-o-brasil-em-dois-norte-x-sul\/"},"author":{"name":"Reda\u00e7\u00e3o","@id":"https:\/\/maragoginews.com.br\/portal\/#\/schema\/person\/a445323773becef66921958b9c97b6e1"},"headline":"Deputado de S\u00e3o Paulo prop\u00f5e dividir o Brasil em dois: Norte x Sul","datePublished":"2025-09-28T13:20:46+00:00","mainEntityOfPage":{"@id":"https:\/\/maragoginews.com.br\/portal\/noticias\/geral\/politica\/deputado-de-sao-paulo-propoe-dividir-o-brasil-em-dois-norte-x-sul\/"},"wordCount":292,"commentCount":0,"publisher":{"@id":"https:\/\/maragoginews.com.br\/portal\/#organization"},"image":{"@id":"https:\/\/maragoginews.com.br\/portal\/noticias\/geral\/politica\/deputado-de-sao-paulo-propoe-dividir-o-brasil-em-dois-norte-x-sul\/#primaryimage"},"thumbnailUrl":"https:\/\/maragoginews.com.br\/portal\/wp-content\/uploads\/2025\/09\/dep._delegado_paulo_bilynskyj_pl_-_sp.webp","articleSection":["Pol\u00edtica"],"inLanguage":"pt-BR","potentialAction":[{"@type":"CommentAction","name":"Comment","target":["https:\/\/maragoginews.com.br\/portal\/noticias\/geral\/politica\/deputado-de-sao-paulo-propoe-dividir-o-brasil-em-dois-norte-x-sul\/#respond"]}]},{"@type":"WebPage","@id":"https:\/\/maragoginews.com.br\/portal\/noticias\/geral\/politica\/deputado-de-sao-paulo-propoe-dividir-o-brasil-em-dois-norte-x-sul\/","url":"https:\/\/maragoginews.com.br\/portal\/noticias\/geral\/politica\/deputado-de-sao-paulo-propoe-dividir-o-brasil-em-dois-norte-x-sul\/","name":"Deputado de S\u00e3o Paulo prop\u00f5e dividir o Brasil em dois: Norte x Sul - Maragogi News","isPartOf":{"@id":"https:\/\/maragoginews.com.br\/portal\/#website"},"primaryImageOfPage":{"@id":"https:\/\/maragoginews.com.br\/portal\/noticias\/geral\/politica\/deputado-de-sao-paulo-propoe-dividir-o-brasil-em-dois-norte-x-sul\/#primaryimage"},"image":{"@id":"https:\/\/maragoginews.com.br\/portal\/noticias\/geral\/politica\/deputado-de-sao-paulo-propoe-dividir-o-brasil-em-dois-norte-x-sul\/#primaryimage"},"thumbnailUrl":"https:\/\/maragoginews.com.br\/portal\/wp-content\/uploads\/2025\/09\/dep._delegado_paulo_bilynskyj_pl_-_sp.webp","datePublished":"2025-09-28T13:20:46+00:00","breadcrumb":{"@id":"https:\/\/maragoginews.com.br\/portal\/noticias\/geral\/politica\/deputado-de-sao-paulo-propoe-dividir-o-brasil-em-dois-norte-x-sul\/#breadcrumb"},"inLanguage":"pt-BR","potentialAction":[{"@type":"ReadAction","target":["https:\/\/maragoginews.com.br\/portal\/noticias\/geral\/politica\/deputado-de-sao-paulo-propoe-dividir-o-brasil-em-dois-norte-x-sul\/"]}]},{"@type":"ImageObject","inLanguage":"pt-BR","@id":"https:\/\/maragoginews.com.br\/portal\/noticias\/geral\/politica\/deputado-de-sao-paulo-propoe-dividir-o-brasil-em-dois-norte-x-sul\/#primaryimage","url":"https:\/\/maragoginews.com.br\/portal\/wp-content\/uploads\/2025\/09\/dep._delegado_paulo_bilynskyj_pl_-_sp.webp","contentUrl":"https:\/\/maragoginews.com.br\/portal\/wp-content\/uploads\/2025\/09\/dep._delegado_paulo_bilynskyj_pl_-_sp.webp","width":1170,"height":700},{"@type":"BreadcrumbList","@id":"https:\/\/maragoginews.com.br\/portal\/noticias\/geral\/politica\/deputado-de-sao-paulo-propoe-dividir-o-brasil-em-dois-norte-x-sul\/#breadcrumb","itemListElement":[{"@type":"ListItem","position":1,"name":"In\u00edcio","item":"https:\/\/maragoginews.com.br\/portal\/"},{"@type":"ListItem","position":2,"name":"Deputado de S\u00e3o Paulo prop\u00f5e dividir o Brasil em dois: Norte x Sul"}]},{"@type":"WebSite","@id":"https:\/\/maragoginews.com.br\/portal\/#website","url":"https:\/\/maragoginews.com.br\/portal\/","name":"Maragogi News","description":"Portal de Not\u00edcias","publisher":{"@id":"https:\/\/maragoginews.com.br\/portal\/#organization"},"potentialAction":[{"@type":"SearchAction","target":{"@type":"EntryPoint","urlTemplate":"https:\/\/maragoginews.com.br\/portal\/?s={search_term_string}"},"query-input":{"@type":"PropertyValueSpecification","valueRequired":true,"valueName":"search_term_string"}}],"inLanguage":"pt-BR"},{"@type":"Organization","@id":"https:\/\/maragoginews.com.br\/portal\/#organization","name":"Maragogi News","url":"https:\/\/maragoginews.com.br\/portal\/","logo":{"@type":"ImageObject","inLanguage":"pt-BR","@id":"https:\/\/maragoginews.com.br\/portal\/#\/schema\/logo\/image\/","url":"https:\/\/maragoginews.com.br\/portal\/wp-content\/uploads\/2020\/10\/mn.png","contentUrl":"https:\/\/maragoginews.com.br\/portal\/wp-content\/uploads\/2020\/10\/mn.png","width":305,"height":50,"caption":"Maragogi News"},"image":{"@id":"https:\/\/maragoginews.com.br\/portal\/#\/schema\/logo\/image\/"}},{"@type":"Person","@id":"https:\/\/maragoginews.com.br\/portal\/#\/schema\/person\/a445323773becef66921958b9c97b6e1","name":"Reda\u00e7\u00e3o","image":{"@type":"ImageObject","inLanguage":"pt-BR","@id":"https:\/\/maragoginews.com.br\/portal\/#\/schema\/person\/image\/","url":"https:\/\/maragoginews.com.br\/portal\/wp-content\/uploads\/2020\/12\/redacao.jpg","contentUrl":"https:\/\/maragoginews.com.br\/portal\/wp-content\/uploads\/2020\/12\/redacao.jpg","caption":"Reda\u00e7\u00e3o"},"sameAs":["http:\/\/maragoginews.com.br\/"],"url":"https:\/\/maragoginews.com.br\/portal\/author\/redacao\/"}]}},"_links":{"self":[{"href":"https:\/\/maragoginews.com.br\/portal\/wp-json\/wp\/v2\/posts\/22489","targetHints":{"allow":["GET"]}}],"collection":[{"href":"https:\/\/maragoginews.com.br\/portal\/wp-json\/wp\/v2\/posts"}],"about":[{"href":"https:\/\/maragoginews.com.br\/portal\/wp-json\/wp\/v2\/types\/post"}],"author":[{"embeddable":true,"href":"https:\/\/maragoginews.com.br\/portal\/wp-json\/wp\/v2\/users\/3"}],"replies":[{"embeddable":true,"href":"https:\/\/maragoginews.com.br\/portal\/wp-json\/wp\/v2\/comments?post=22489"}],"version-history":[{"count":1,"href":"https:\/\/maragoginews.com.br\/portal\/wp-json\/wp\/v2\/posts\/22489\/revisions"}],"predecessor-version":[{"id":22491,"href":"https:\/\/maragoginews.com.br\/portal\/wp-json\/wp\/v2\/posts\/22489\/revisions\/22491"}],"wp:featuredmedia":[{"embeddable":true,"href":"https:\/\/maragoginews.com.br\/portal\/wp-json\/wp\/v2\/media\/22490"}],"wp:attachment":[{"href":"https:\/\/maragoginews.com.br\/portal\/wp-json\/wp\/v2\/media?parent=22489"}],"wp:term":[{"taxonomy":"category","embeddable":true,"href":"https:\/\/maragoginews.com.br\/portal\/wp-json\/wp\/v2\/categories?post=22489"},{"taxonomy":"post_tag","embeddable":true,"href":"https:\/\/maragoginews.com.br\/portal\/wp-json\/wp\/v2\/tags?post=22489"}],"curies":[{"name":"wp","href":"https:\/\/api.w.org\/{rel}","templated":true}]}}