{"id":25446,"date":"2026-06-23T08:46:47","date_gmt":"2026-06-23T11:46:47","guid":{"rendered":"https:\/\/maragoginews.com.br\/portal\/?p=25446"},"modified":"2026-06-23T08:46:47","modified_gmt":"2026-06-23T11:46:47","slug":"atuacao-de-renan-calheiros-no-senado-e-destacada-por-prefeito-de-paripueira","status":"publish","type":"post","link":"https:\/\/maragoginews.com.br\/portal\/noticias\/geral\/politica\/atuacao-de-renan-calheiros-no-senado-e-destacada-por-prefeito-de-paripueira\/","title":{"rendered":"Atua\u00e7\u00e3o de Renan Calheiros no Senado \u00e9 destacada por prefeito de Paripueira"},"content":{"rendered":"<p>O senador Renan Calheiros (MDB) participou, na noite desta segunda-feira (22), de um encontro com lideran\u00e7as pol\u00edticas e moradores de Paripueira, no Litoral Norte de Alagoas. A agenda reuniu o prefeito Abrah\u00e3o Moura, a pr\u00e9-candidata a deputada estadual Cibele Moura, o pr\u00e9-candidato ao Governo de Alagoas, Renan Filho, al\u00e9m de vereadores e representantes da regi\u00e3o.<\/p>\n<p>Durante o encontro, Renan Calheiros defendeu a import\u00e2ncia do di\u00e1logo com a popula\u00e7\u00e3o e da constru\u00e7\u00e3o de pol\u00edticas p\u00fablicas voltadas \u00e0s necessidades apresentadas pelos munic\u00edpios alagoanos. O senador tamb\u00e9m destacou a necessidade de escolher lideran\u00e7as com capacidade de executar compromissos e promover avan\u00e7os para o estado.<\/p>\n<p>\u201cEsse \u00e9 um momento muito importante para n\u00f3s que queremos um futuro melhor para Alagoas. Devemos valorizar escolhendo aquele que tenha mais condi\u00e7\u00e3o de governar o estado e executar os compromissos que ser\u00e3o assumidos com a popula\u00e7\u00e3o de Paripueira e de todo o estado\u201d, afirmou.<\/p>\n<p><img fetchpriority=\"high\" decoding=\"async\" class=\"aligncenter size-large wp-image-25448\" src=\"https:\/\/maragoginews.com.br\/portal\/wp-content\/uploads\/2026\/06\/4892312d-4e9a-41e8-8112-603c86e02474-780x520.jpg\" alt=\"\" width=\"780\" height=\"520\" srcset=\"https:\/\/maragoginews.com.br\/portal\/wp-content\/uploads\/2026\/06\/4892312d-4e9a-41e8-8112-603c86e02474-780x520.jpg 780w, https:\/\/maragoginews.com.br\/portal\/wp-content\/uploads\/2026\/06\/4892312d-4e9a-41e8-8112-603c86e02474-400x267.jpg 400w, https:\/\/maragoginews.com.br\/portal\/wp-content\/uploads\/2026\/06\/4892312d-4e9a-41e8-8112-603c86e02474-150x100.jpg 150w, https:\/\/maragoginews.com.br\/portal\/wp-content\/uploads\/2026\/06\/4892312d-4e9a-41e8-8112-603c86e02474-768x512.jpg 768w, https:\/\/maragoginews.com.br\/portal\/wp-content\/uploads\/2026\/06\/4892312d-4e9a-41e8-8112-603c86e02474.jpg 970w\" sizes=\"(max-width: 780px) 100vw, 780px\" \/><\/p>\n<p>A atua\u00e7\u00e3o de Renan Calheiros no Senado Federal tamb\u00e9m foi destacada durante a agenda. Ao discursar, o prefeito Abrah\u00e3o Moura elogiou o trabalho desenvolvido pelo senador em favor de Alagoas e ressaltou sua contribui\u00e7\u00e3o na articula\u00e7\u00e3o de recursos e investimentos para os munic\u00edpios alagoanos.<\/p>\n<p>\u201cRenan Calheiros faz um grande trabalho representando Alagoas em Bras\u00edlia\u201d, declarou o prefeito.<\/p>\n<p>A reuni\u00e3o serviu ainda para aproximar lideran\u00e7as pol\u00edticas e moradores da regi\u00e3o em mais uma agenda de di\u00e1logo e articula\u00e7\u00e3o pol\u00edtica. Ao lado de Renan Filho, Cibele Moura e outras lideran\u00e7as, Renan Calheiros participou das discuss\u00f5es sobre demandas locais e a\u00e7\u00f5es voltadas ao desenvolvimento de Paripueira e dos munic\u00edpios do Litoral Norte.<\/p>\n<p>O encontro integra a s\u00e9rie de mobiliza\u00e7\u00f5es que v\u00eam sendo realizadas em diferentes regi\u00f5es de Alagoas, ampliando o di\u00e1logo com lideran\u00e7as municipais e fortalecendo a articula\u00e7\u00e3o pol\u00edtica para os pr\u00f3ximos anos.<\/p>\n","protected":false},"excerpt":{"rendered":"<p>O senador Renan Calheiros (MDB) participou, na noite desta segunda-feira (22), de um encontro com lideran\u00e7as pol\u00edticas e moradores de Paripueira, no Litoral Norte de Alagoas. A agenda reuniu o prefeito Abrah\u00e3o Moura, a pr\u00e9-candidata a deputada estadual Cibele Moura, o pr\u00e9-candidato ao Governo de Alagoas, Renan Filho, al\u00e9m de vereadores e representantes da regi\u00e3o. [&hellip;]<\/p>\n","protected":false},"author":3,"featured_media":25447,"comment_status":"open","ping_status":"open","sticky":false,"template":"","format":"standard","meta":{"footnotes":""},"categories":[31],"tags":[],"class_list":["post-25446","post","type-post","status-publish","format-standard","has-post-thumbnail","hentry","category-politica","posicao_chamadas-destaque-pequeno"],"yoast_head":"<!-- This site is optimized with the Yoast SEO plugin v26.6 - https:\/\/yoast.com\/wordpress\/plugins\/seo\/ -->\n<title>Atua\u00e7\u00e3o de Renan Calheiros no Senado \u00e9 destacada por prefeito de Paripueira - Maragogi News<\/title>\n<meta name=\"robots\" content=\"index, follow, max-snippet:-1, max-image-preview:large, max-video-preview:-1\" \/>\n<link rel=\"canonical\" href=\"https:\/\/maragoginews.com.br\/portal\/noticias\/geral\/politica\/atuacao-de-renan-calheiros-no-senado-e-destacada-por-prefeito-de-paripueira\/\" \/>\n<meta property=\"og:locale\" content=\"pt_BR\" \/>\n<meta property=\"og:type\" content=\"article\" \/>\n<meta property=\"og:title\" content=\"Atua\u00e7\u00e3o de Renan Calheiros no Senado \u00e9 destacada por prefeito de Paripueira - Maragogi News\" \/>\n<meta property=\"og:description\" content=\"O senador Renan Calheiros (MDB) participou, na noite desta segunda-feira (22), de um encontro com lideran\u00e7as pol\u00edticas e moradores de Paripueira, no Litoral Norte de Alagoas. A agenda reuniu o prefeito Abrah\u00e3o Moura, a pr\u00e9-candidata a deputada estadual Cibele Moura, o pr\u00e9-candidato ao Governo de Alagoas, Renan Filho, al\u00e9m de vereadores e representantes da regi\u00e3o. [&hellip;]\" \/>\n<meta property=\"og:url\" content=\"https:\/\/maragoginews.com.br\/portal\/noticias\/geral\/politica\/atuacao-de-renan-calheiros-no-senado-e-destacada-por-prefeito-de-paripueira\/\" \/>\n<meta property=\"og:site_name\" content=\"Maragogi News\" \/>\n<meta property=\"article:published_time\" content=\"2026-06-23T11:46:47+00:00\" \/>\n<meta property=\"og:image\" content=\"https:\/\/maragoginews.com.br\/portal\/wp-content\/uploads\/2026\/06\/dde2fea3-ab55-4e8a-b8c7-7b9b4833e68d.jpg\" \/>\n\t<meta property=\"og:image:width\" content=\"970\" \/>\n\t<meta property=\"og:image:height\" content=\"647\" \/>\n\t<meta property=\"og:image:type\" content=\"image\/jpeg\" \/>\n<meta name=\"author\" content=\"Reda\u00e7\u00e3o\" \/>\n<meta name=\"twitter:card\" content=\"summary_large_image\" \/>\n<meta name=\"twitter:label1\" content=\"Escrito por\" \/>\n\t<meta name=\"twitter:data1\" content=\"Reda\u00e7\u00e3o\" \/>\n\t<meta name=\"twitter:label2\" content=\"Est. tempo de leitura\" \/>\n\t<meta name=\"twitter:data2\" content=\"2 minutos\" \/>\n<script type=\"application\/ld+json\" class=\"yoast-schema-graph\">{\"@context\":\"https:\/\/schema.org\",\"@graph\":[{\"@type\":\"Article\",\"@id\":\"https:\/\/maragoginews.com.br\/portal\/noticias\/geral\/politica\/atuacao-de-renan-calheiros-no-senado-e-destacada-por-prefeito-de-paripueira\/#article\",\"isPartOf\":{\"@id\":\"https:\/\/maragoginews.com.br\/portal\/noticias\/geral\/politica\/atuacao-de-renan-calheiros-no-senado-e-destacada-por-prefeito-de-paripueira\/\"},\"author\":{\"name\":\"Reda\u00e7\u00e3o\",\"@id\":\"https:\/\/maragoginews.com.br\/portal\/#\/schema\/person\/a445323773becef66921958b9c97b6e1\"},\"headline\":\"Atua\u00e7\u00e3o de Renan Calheiros no Senado \u00e9 destacada por prefeito de Paripueira\",\"datePublished\":\"2026-06-23T11:46:47+00:00\",\"mainEntityOfPage\":{\"@id\":\"https:\/\/maragoginews.com.br\/portal\/noticias\/geral\/politica\/atuacao-de-renan-calheiros-no-senado-e-destacada-por-prefeito-de-paripueira\/\"},\"wordCount\":344,\"commentCount\":0,\"publisher\":{\"@id\":\"https:\/\/maragoginews.com.br\/portal\/#organization\"},\"image\":{\"@id\":\"https:\/\/maragoginews.com.br\/portal\/noticias\/geral\/politica\/atuacao-de-renan-calheiros-no-senado-e-destacada-por-prefeito-de-paripueira\/#primaryimage\"},\"thumbnailUrl\":\"https:\/\/maragoginews.com.br\/portal\/wp-content\/uploads\/2026\/06\/dde2fea3-ab55-4e8a-b8c7-7b9b4833e68d.jpg\",\"articleSection\":[\"Pol\u00edtica\"],\"inLanguage\":\"pt-BR\",\"potentialAction\":[{\"@type\":\"CommentAction\",\"name\":\"Comment\",\"target\":[\"https:\/\/maragoginews.com.br\/portal\/noticias\/geral\/politica\/atuacao-de-renan-calheiros-no-senado-e-destacada-por-prefeito-de-paripueira\/#respond\"]}]},{\"@type\":\"WebPage\",\"@id\":\"https:\/\/maragoginews.com.br\/portal\/noticias\/geral\/politica\/atuacao-de-renan-calheiros-no-senado-e-destacada-por-prefeito-de-paripueira\/\",\"url\":\"https:\/\/maragoginews.com.br\/portal\/noticias\/geral\/politica\/atuacao-de-renan-calheiros-no-senado-e-destacada-por-prefeito-de-paripueira\/\",\"name\":\"Atua\u00e7\u00e3o de Renan Calheiros no Senado \u00e9 destacada por prefeito de Paripueira - Maragogi News\",\"isPartOf\":{\"@id\":\"https:\/\/maragoginews.com.br\/portal\/#website\"},\"primaryImageOfPage\":{\"@id\":\"https:\/\/maragoginews.com.br\/portal\/noticias\/geral\/politica\/atuacao-de-renan-calheiros-no-senado-e-destacada-por-prefeito-de-paripueira\/#primaryimage\"},\"image\":{\"@id\":\"https:\/\/maragoginews.com.br\/portal\/noticias\/geral\/politica\/atuacao-de-renan-calheiros-no-senado-e-destacada-por-prefeito-de-paripueira\/#primaryimage\"},\"thumbnailUrl\":\"https:\/\/maragoginews.com.br\/portal\/wp-content\/uploads\/2026\/06\/dde2fea3-ab55-4e8a-b8c7-7b9b4833e68d.jpg\",\"datePublished\":\"2026-06-23T11:46:47+00:00\",\"breadcrumb\":{\"@id\":\"https:\/\/maragoginews.com.br\/portal\/noticias\/geral\/politica\/atuacao-de-renan-calheiros-no-senado-e-destacada-por-prefeito-de-paripueira\/#breadcrumb\"},\"inLanguage\":\"pt-BR\",\"potentialAction\":[{\"@type\":\"ReadAction\",\"target\":[\"https:\/\/maragoginews.com.br\/portal\/noticias\/geral\/politica\/atuacao-de-renan-calheiros-no-senado-e-destacada-por-prefeito-de-paripueira\/\"]}]},{\"@type\":\"ImageObject\",\"inLanguage\":\"pt-BR\",\"@id\":\"https:\/\/maragoginews.com.br\/portal\/noticias\/geral\/politica\/atuacao-de-renan-calheiros-no-senado-e-destacada-por-prefeito-de-paripueira\/#primaryimage\",\"url\":\"https:\/\/maragoginews.com.br\/portal\/wp-content\/uploads\/2026\/06\/dde2fea3-ab55-4e8a-b8c7-7b9b4833e68d.jpg\",\"contentUrl\":\"https:\/\/maragoginews.com.br\/portal\/wp-content\/uploads\/2026\/06\/dde2fea3-ab55-4e8a-b8c7-7b9b4833e68d.jpg\",\"width\":970,\"height\":647},{\"@type\":\"BreadcrumbList\",\"@id\":\"https:\/\/maragoginews.com.br\/portal\/noticias\/geral\/politica\/atuacao-de-renan-calheiros-no-senado-e-destacada-por-prefeito-de-paripueira\/#breadcrumb\",\"itemListElement\":[{\"@type\":\"ListItem\",\"position\":1,\"name\":\"In\u00edcio\",\"item\":\"https:\/\/maragoginews.com.br\/portal\/\"},{\"@type\":\"ListItem\",\"position\":2,\"name\":\"Atua\u00e7\u00e3o de Renan Calheiros no Senado \u00e9 destacada por prefeito de Paripueira\"}]},{\"@type\":\"WebSite\",\"@id\":\"https:\/\/maragoginews.com.br\/portal\/#website\",\"url\":\"https:\/\/maragoginews.com.br\/portal\/\",\"name\":\"Maragogi News\",\"description\":\"Portal de Not\u00edcias\",\"publisher\":{\"@id\":\"https:\/\/maragoginews.com.br\/portal\/#organization\"},\"potentialAction\":[{\"@type\":\"SearchAction\",\"target\":{\"@type\":\"EntryPoint\",\"urlTemplate\":\"https:\/\/maragoginews.com.br\/portal\/?s={search_term_string}\"},\"query-input\":{\"@type\":\"PropertyValueSpecification\",\"valueRequired\":true,\"valueName\":\"search_term_string\"}}],\"inLanguage\":\"pt-BR\"},{\"@type\":\"Organization\",\"@id\":\"https:\/\/maragoginews.com.br\/portal\/#organization\",\"name\":\"Maragogi News\",\"url\":\"https:\/\/maragoginews.com.br\/portal\/\",\"logo\":{\"@type\":\"ImageObject\",\"inLanguage\":\"pt-BR\",\"@id\":\"https:\/\/maragoginews.com.br\/portal\/#\/schema\/logo\/image\/\",\"url\":\"https:\/\/maragoginews.com.br\/portal\/wp-content\/uploads\/2020\/10\/mn.png\",\"contentUrl\":\"https:\/\/maragoginews.com.br\/portal\/wp-content\/uploads\/2020\/10\/mn.png\",\"width\":305,\"height\":50,\"caption\":\"Maragogi News\"},\"image\":{\"@id\":\"https:\/\/maragoginews.com.br\/portal\/#\/schema\/logo\/image\/\"}},{\"@type\":\"Person\",\"@id\":\"https:\/\/maragoginews.com.br\/portal\/#\/schema\/person\/a445323773becef66921958b9c97b6e1\",\"name\":\"Reda\u00e7\u00e3o\",\"image\":{\"@type\":\"ImageObject\",\"inLanguage\":\"pt-BR\",\"@id\":\"https:\/\/maragoginews.com.br\/portal\/#\/schema\/person\/image\/\",\"url\":\"https:\/\/maragoginews.com.br\/portal\/wp-content\/uploads\/2020\/12\/redacao.jpg\",\"contentUrl\":\"https:\/\/maragoginews.com.br\/portal\/wp-content\/uploads\/2020\/12\/redacao.jpg\",\"caption\":\"Reda\u00e7\u00e3o\"},\"sameAs\":[\"http:\/\/maragoginews.com.br\/\"],\"url\":\"https:\/\/maragoginews.com.br\/portal\/author\/redacao\/\"}]}<\/script>\n<!-- \/ Yoast SEO plugin. -->","yoast_head_json":{"title":"Atua\u00e7\u00e3o de Renan Calheiros no Senado \u00e9 destacada por prefeito de Paripueira - Maragogi News","robots":{"index":"index","follow":"follow","max-snippet":"max-snippet:-1","max-image-preview":"max-image-preview:large","max-video-preview":"max-video-preview:-1"},"canonical":"https:\/\/maragoginews.com.br\/portal\/noticias\/geral\/politica\/atuacao-de-renan-calheiros-no-senado-e-destacada-por-prefeito-de-paripueira\/","og_locale":"pt_BR","og_type":"article","og_title":"Atua\u00e7\u00e3o de Renan Calheiros no Senado \u00e9 destacada por prefeito de Paripueira - Maragogi News","og_description":"O senador Renan Calheiros (MDB) participou, na noite desta segunda-feira (22), de um encontro com lideran\u00e7as pol\u00edticas e moradores de Paripueira, no Litoral Norte de Alagoas. A agenda reuniu o prefeito Abrah\u00e3o Moura, a pr\u00e9-candidata a deputada estadual Cibele Moura, o pr\u00e9-candidato ao Governo de Alagoas, Renan Filho, al\u00e9m de vereadores e representantes da regi\u00e3o. [&hellip;]","og_url":"https:\/\/maragoginews.com.br\/portal\/noticias\/geral\/politica\/atuacao-de-renan-calheiros-no-senado-e-destacada-por-prefeito-de-paripueira\/","og_site_name":"Maragogi News","article_published_time":"2026-06-23T11:46:47+00:00","og_image":[{"width":970,"height":647,"url":"https:\/\/maragoginews.com.br\/portal\/wp-content\/uploads\/2026\/06\/dde2fea3-ab55-4e8a-b8c7-7b9b4833e68d.jpg","type":"image\/jpeg"}],"author":"Reda\u00e7\u00e3o","twitter_card":"summary_large_image","twitter_misc":{"Escrito por":"Reda\u00e7\u00e3o","Est. tempo de leitura":"2 minutos"},"schema":{"@context":"https:\/\/schema.org","@graph":[{"@type":"Article","@id":"https:\/\/maragoginews.com.br\/portal\/noticias\/geral\/politica\/atuacao-de-renan-calheiros-no-senado-e-destacada-por-prefeito-de-paripueira\/#article","isPartOf":{"@id":"https:\/\/maragoginews.com.br\/portal\/noticias\/geral\/politica\/atuacao-de-renan-calheiros-no-senado-e-destacada-por-prefeito-de-paripueira\/"},"author":{"name":"Reda\u00e7\u00e3o","@id":"https:\/\/maragoginews.com.br\/portal\/#\/schema\/person\/a445323773becef66921958b9c97b6e1"},"headline":"Atua\u00e7\u00e3o de Renan Calheiros no Senado \u00e9 destacada por prefeito de Paripueira","datePublished":"2026-06-23T11:46:47+00:00","mainEntityOfPage":{"@id":"https:\/\/maragoginews.com.br\/portal\/noticias\/geral\/politica\/atuacao-de-renan-calheiros-no-senado-e-destacada-por-prefeito-de-paripueira\/"},"wordCount":344,"commentCount":0,"publisher":{"@id":"https:\/\/maragoginews.com.br\/portal\/#organization"},"image":{"@id":"https:\/\/maragoginews.com.br\/portal\/noticias\/geral\/politica\/atuacao-de-renan-calheiros-no-senado-e-destacada-por-prefeito-de-paripueira\/#primaryimage"},"thumbnailUrl":"https:\/\/maragoginews.com.br\/portal\/wp-content\/uploads\/2026\/06\/dde2fea3-ab55-4e8a-b8c7-7b9b4833e68d.jpg","articleSection":["Pol\u00edtica"],"inLanguage":"pt-BR","potentialAction":[{"@type":"CommentAction","name":"Comment","target":["https:\/\/maragoginews.com.br\/portal\/noticias\/geral\/politica\/atuacao-de-renan-calheiros-no-senado-e-destacada-por-prefeito-de-paripueira\/#respond"]}]},{"@type":"WebPage","@id":"https:\/\/maragoginews.com.br\/portal\/noticias\/geral\/politica\/atuacao-de-renan-calheiros-no-senado-e-destacada-por-prefeito-de-paripueira\/","url":"https:\/\/maragoginews.com.br\/portal\/noticias\/geral\/politica\/atuacao-de-renan-calheiros-no-senado-e-destacada-por-prefeito-de-paripueira\/","name":"Atua\u00e7\u00e3o de Renan Calheiros no Senado \u00e9 destacada por prefeito de Paripueira - Maragogi News","isPartOf":{"@id":"https:\/\/maragoginews.com.br\/portal\/#website"},"primaryImageOfPage":{"@id":"https:\/\/maragoginews.com.br\/portal\/noticias\/geral\/politica\/atuacao-de-renan-calheiros-no-senado-e-destacada-por-prefeito-de-paripueira\/#primaryimage"},"image":{"@id":"https:\/\/maragoginews.com.br\/portal\/noticias\/geral\/politica\/atuacao-de-renan-calheiros-no-senado-e-destacada-por-prefeito-de-paripueira\/#primaryimage"},"thumbnailUrl":"https:\/\/maragoginews.com.br\/portal\/wp-content\/uploads\/2026\/06\/dde2fea3-ab55-4e8a-b8c7-7b9b4833e68d.jpg","datePublished":"2026-06-23T11:46:47+00:00","breadcrumb":{"@id":"https:\/\/maragoginews.com.br\/portal\/noticias\/geral\/politica\/atuacao-de-renan-calheiros-no-senado-e-destacada-por-prefeito-de-paripueira\/#breadcrumb"},"inLanguage":"pt-BR","potentialAction":[{"@type":"ReadAction","target":["https:\/\/maragoginews.com.br\/portal\/noticias\/geral\/politica\/atuacao-de-renan-calheiros-no-senado-e-destacada-por-prefeito-de-paripueira\/"]}]},{"@type":"ImageObject","inLanguage":"pt-BR","@id":"https:\/\/maragoginews.com.br\/portal\/noticias\/geral\/politica\/atuacao-de-renan-calheiros-no-senado-e-destacada-por-prefeito-de-paripueira\/#primaryimage","url":"https:\/\/maragoginews.com.br\/portal\/wp-content\/uploads\/2026\/06\/dde2fea3-ab55-4e8a-b8c7-7b9b4833e68d.jpg","contentUrl":"https:\/\/maragoginews.com.br\/portal\/wp-content\/uploads\/2026\/06\/dde2fea3-ab55-4e8a-b8c7-7b9b4833e68d.jpg","width":970,"height":647},{"@type":"BreadcrumbList","@id":"https:\/\/maragoginews.com.br\/portal\/noticias\/geral\/politica\/atuacao-de-renan-calheiros-no-senado-e-destacada-por-prefeito-de-paripueira\/#breadcrumb","itemListElement":[{"@type":"ListItem","position":1,"name":"In\u00edcio","item":"https:\/\/maragoginews.com.br\/portal\/"},{"@type":"ListItem","position":2,"name":"Atua\u00e7\u00e3o de Renan Calheiros no Senado \u00e9 destacada por prefeito de Paripueira"}]},{"@type":"WebSite","@id":"https:\/\/maragoginews.com.br\/portal\/#website","url":"https:\/\/maragoginews.com.br\/portal\/","name":"Maragogi News","description":"Portal de Not\u00edcias","publisher":{"@id":"https:\/\/maragoginews.com.br\/portal\/#organization"},"potentialAction":[{"@type":"SearchAction","target":{"@type":"EntryPoint","urlTemplate":"https:\/\/maragoginews.com.br\/portal\/?s={search_term_string}"},"query-input":{"@type":"PropertyValueSpecification","valueRequired":true,"valueName":"search_term_string"}}],"inLanguage":"pt-BR"},{"@type":"Organization","@id":"https:\/\/maragoginews.com.br\/portal\/#organization","name":"Maragogi News","url":"https:\/\/maragoginews.com.br\/portal\/","logo":{"@type":"ImageObject","inLanguage":"pt-BR","@id":"https:\/\/maragoginews.com.br\/portal\/#\/schema\/logo\/image\/","url":"https:\/\/maragoginews.com.br\/portal\/wp-content\/uploads\/2020\/10\/mn.png","contentUrl":"https:\/\/maragoginews.com.br\/portal\/wp-content\/uploads\/2020\/10\/mn.png","width":305,"height":50,"caption":"Maragogi News"},"image":{"@id":"https:\/\/maragoginews.com.br\/portal\/#\/schema\/logo\/image\/"}},{"@type":"Person","@id":"https:\/\/maragoginews.com.br\/portal\/#\/schema\/person\/a445323773becef66921958b9c97b6e1","name":"Reda\u00e7\u00e3o","image":{"@type":"ImageObject","inLanguage":"pt-BR","@id":"https:\/\/maragoginews.com.br\/portal\/#\/schema\/person\/image\/","url":"https:\/\/maragoginews.com.br\/portal\/wp-content\/uploads\/2020\/12\/redacao.jpg","contentUrl":"https:\/\/maragoginews.com.br\/portal\/wp-content\/uploads\/2020\/12\/redacao.jpg","caption":"Reda\u00e7\u00e3o"},"sameAs":["http:\/\/maragoginews.com.br\/"],"url":"https:\/\/maragoginews.com.br\/portal\/author\/redacao\/"}]}},"_links":{"self":[{"href":"https:\/\/maragoginews.com.br\/portal\/wp-json\/wp\/v2\/posts\/25446","targetHints":{"allow":["GET"]}}],"collection":[{"href":"https:\/\/maragoginews.com.br\/portal\/wp-json\/wp\/v2\/posts"}],"about":[{"href":"https:\/\/maragoginews.com.br\/portal\/wp-json\/wp\/v2\/types\/post"}],"author":[{"embeddable":true,"href":"https:\/\/maragoginews.com.br\/portal\/wp-json\/wp\/v2\/users\/3"}],"replies":[{"embeddable":true,"href":"https:\/\/maragoginews.com.br\/portal\/wp-json\/wp\/v2\/comments?post=25446"}],"version-history":[{"count":1,"href":"https:\/\/maragoginews.com.br\/portal\/wp-json\/wp\/v2\/posts\/25446\/revisions"}],"predecessor-version":[{"id":25449,"href":"https:\/\/maragoginews.com.br\/portal\/wp-json\/wp\/v2\/posts\/25446\/revisions\/25449"}],"wp:featuredmedia":[{"embeddable":true,"href":"https:\/\/maragoginews.com.br\/portal\/wp-json\/wp\/v2\/media\/25447"}],"wp:attachment":[{"href":"https:\/\/maragoginews.com.br\/portal\/wp-json\/wp\/v2\/media?parent=25446"}],"wp:term":[{"taxonomy":"category","embeddable":true,"href":"https:\/\/maragoginews.com.br\/portal\/wp-json\/wp\/v2\/categories?post=25446"},{"taxonomy":"post_tag","embeddable":true,"href":"https:\/\/maragoginews.com.br\/portal\/wp-json\/wp\/v2\/tags?post=25446"}],"curies":[{"name":"wp","href":"https:\/\/api.w.org\/{rel}","templated":true}]}}