{"id":25472,"date":"2026-06-24T19:59:35","date_gmt":"2026-06-24T22:59:35","guid":{"rendered":"https:\/\/maragoginews.com.br\/portal\/?p=25472"},"modified":"2026-06-26T09:06:13","modified_gmt":"2026-06-26T12:06:13","slug":"renan-filho-anuncia-inicio-dos-testes-do-vlt-de-arapiraca","status":"publish","type":"post","link":"https:\/\/maragoginews.com.br\/portal\/noticias\/geral\/politica\/renan-filho-anuncia-inicio-dos-testes-do-vlt-de-arapiraca\/","title":{"rendered":"Renan Filho anuncia in\u00edcio dos testes do VLT de Arapiraca"},"content":{"rendered":"<p>Arapiraca est\u00e1 mais pr\u00f3xima de entrar na era do transporte sobre trilhos. Durante a inaugura\u00e7\u00e3o da duplica\u00e7\u00e3o da AL-110, nesta quarta-feira (24), o senador e pr\u00e9-candidato ao Governo de Alagoas, Renan Filho (MDB), anunciou que os primeiros testes das locomotivas do Ve\u00edculo Leve sobre Trilhos (VLT) dever\u00e3o come\u00e7ar entre agosto e setembro deste ano.<\/p>\n<p>Segundo Renan Filho, uma parte da linha j\u00e1 est\u00e1 pronta e a pr\u00f3xima etapa da obra prev\u00ea a amplia\u00e7\u00e3o do trajeto at\u00e9 o campus da Universidade Federal de Alagoas (Ufal), consolidando um dos mais importantes projetos de mobilidade urbana em execu\u00e7\u00e3o no interior do Nordeste.<\/p>\n<p>\u201cO VLT j\u00e1 vai ter testes de locomotivas entre agosto e setembro. Uma parte da linha est\u00e1 pronta. Agora vamos iniciar a parte nova da obra, que vai levar a linha existente at\u00e9 a Ufal\u201d, afirmou.<\/p>\n<p>O projeto prev\u00ea a implanta\u00e7\u00e3o de 13 quil\u00f4metros de linha f\u00e9rrea urbana, ampliando as op\u00e7\u00f5es de deslocamento para a popula\u00e7\u00e3o da segunda maior cidade de Alagoas. A iniciativa busca modernizar o transporte p\u00fablico, reduzir o tempo de viagem e oferecer uma alternativa sustent\u00e1vel para milhares de moradores que circulam diariamente entre bairros, \u00e1reas comerciais e institui\u00e7\u00f5es de ensino.<\/p>\n<p>Renan Filho explicou que o empreendimento est\u00e1 dividido em duas etapas. A primeira consiste na recupera\u00e7\u00e3o e moderniza\u00e7\u00e3o da linha f\u00e9rrea existente. J\u00e1 a segunda contempla a expans\u00e3o do sistema, ampliando sua abrang\u00eancia e capacidade de integra\u00e7\u00e3o urbana.<\/p>\n<p>\u201cQuero, at\u00e9 o final do ano, estar com as obras prontas para, com a chegada dos trens, iniciar o funcionamento do VLT. Vai ser um trabalho transformador. A mobilidade urbana em Arapiraca vai ter dois momentos: um antes e outro depois do VLT\u201d, declarou.<\/p>\n<p>O senador destacou ainda que o novo modal facilitar\u00e1 o acesso da popula\u00e7\u00e3o ao com\u00e9rcio, \u00e0 Ufal, ao Lago da Perucaba, aos bairros da cidade e aos equipamentos p\u00fablicos, al\u00e9m de estimular a integra\u00e7\u00e3o com \u00f4nibus, t\u00e1xis, motot\u00e1xis e ciclovias.<\/p>\n<p>Projeto constru\u00eddo em parceria<\/p>\n<p>Ao comentar a origem do projeto, Renan Filho destacou que o VLT nasceu de uma constru\u00e7\u00e3o conjunta com o prefeito Luciano Barbosa, que h\u00e1 anos defendia a implanta\u00e7\u00e3o do sistema em Arapiraca.<\/p>\n<p>\u201cEsse projeto foi desenhado l\u00e1 atr\u00e1s pelo Luciano Barbosa. Em determinado momento n\u00e3o havia condi\u00e7\u00f5es financeiras para execut\u00e1-lo. Mas, quando fui para o Minist\u00e9rio dos Transportes, os astros se alinharam e o VLT saiu do papel\u201d, afirmou.<\/p>\n<p>Segundo o senador, a articula\u00e7\u00e3o entre prefeitura, Governo de Alagoas e Governo Federal permitiu transformar uma proposta antiga em uma obra concreta.<\/p>\n<p>Sonho antigo de Arapiraca<\/p>\n<p>Luciano Barbosa relembrou que o VLT \u00e9 um projeto que acompanha sua trajet\u00f3ria pol\u00edtica h\u00e1 muitos anos e que encontrou viabilidade gra\u00e7as ao apoio de Renan Filho.<\/p>\n<p>\u201cEu tinha esse projeto h\u00e1 muito tempo. Quando Renan Filho voltou ao governo, apresentei novamente a proposta. Depois, j\u00e1 como ministro, ele me ligou e disse: \u2018Luciano, chegou a hora de fazer o VLT de Arapiraca\u2019. Eu respondi: \u2018Vamos fazer, porque isso \u00e9 muito importante para a cidade\u2019\u201d, contou.<\/p>\n<p>Luciano tamb\u00e9m ressaltou que o projeto exigia um volume de investimentos incompat\u00edvel com a capacidade financeira do munic\u00edpio.<\/p>\n<p>\u201cEra um investimento muito grande para ser executado sozinho pela prefeitura. Foi a parceria com Renan Filho que tornou essa obra poss\u00edvel\u201d, declarou.<\/p>\n<p>O prefeito destacou, por fim, que o sistema ser\u00e1 a base da futura rede de transporte p\u00fablico do munic\u00edpio.<\/p>\n<p>\u201cO VLT vai nortear todo o transporte p\u00fablico de Arapiraca. Ele ser\u00e1 a espinha dorsal da nova matriz de transporte da cidade\u201d, afirmou.<\/p>\n","protected":false},"excerpt":{"rendered":"<p>Projeto de R$ 200 milh\u00f5es prev\u00ea 13 quil\u00f4metros de linha f\u00e9rrea urbana e deve transformar a mobilidade da segunda maior cidade de Alagoas<\/p>\n","protected":false},"author":3,"featured_media":25473,"comment_status":"open","ping_status":"open","sticky":false,"template":"","format":"standard","meta":{"footnotes":""},"categories":[31],"tags":[],"class_list":["post-25472","post","type-post","status-publish","format-standard","has-post-thumbnail","hentry","category-politica"],"yoast_head":"<!-- This site is optimized with the Yoast SEO plugin v26.6 - https:\/\/yoast.com\/wordpress\/plugins\/seo\/ -->\n<title>Renan Filho anuncia in\u00edcio dos testes do VLT de Arapiraca - Maragogi News<\/title>\n<meta name=\"robots\" content=\"index, follow, max-snippet:-1, max-image-preview:large, max-video-preview:-1\" \/>\n<link rel=\"canonical\" href=\"https:\/\/maragoginews.com.br\/portal\/noticias\/geral\/politica\/renan-filho-anuncia-inicio-dos-testes-do-vlt-de-arapiraca\/\" \/>\n<meta property=\"og:locale\" content=\"pt_BR\" \/>\n<meta property=\"og:type\" content=\"article\" \/>\n<meta property=\"og:title\" content=\"Renan Filho anuncia in\u00edcio dos testes do VLT de Arapiraca - Maragogi News\" \/>\n<meta property=\"og:description\" content=\"Projeto de R$ 200 milh\u00f5es prev\u00ea 13 quil\u00f4metros de linha f\u00e9rrea urbana e deve transformar a mobilidade da segunda maior cidade de Alagoas\" \/>\n<meta property=\"og:url\" content=\"https:\/\/maragoginews.com.br\/portal\/noticias\/geral\/politica\/renan-filho-anuncia-inicio-dos-testes-do-vlt-de-arapiraca\/\" \/>\n<meta property=\"og:site_name\" content=\"Maragogi News\" \/>\n<meta property=\"article:published_time\" content=\"2026-06-24T22:59:35+00:00\" \/>\n<meta property=\"article:modified_time\" content=\"2026-06-26T12:06:13+00:00\" \/>\n<meta property=\"og:image\" content=\"https:\/\/maragoginews.com.br\/portal\/wp-content\/uploads\/2026\/06\/captura-de-tela-2026-06-24-174348.webp\" \/>\n\t<meta property=\"og:image:width\" content=\"1110\" \/>\n\t<meta property=\"og:image:height\" content=\"650\" \/>\n\t<meta property=\"og:image:type\" content=\"image\/webp\" \/>\n<meta name=\"author\" content=\"Reda\u00e7\u00e3o\" \/>\n<meta name=\"twitter:card\" content=\"summary_large_image\" \/>\n<meta name=\"twitter:label1\" content=\"Escrito por\" \/>\n\t<meta name=\"twitter:data1\" content=\"Reda\u00e7\u00e3o\" \/>\n\t<meta name=\"twitter:label2\" content=\"Est. tempo de leitura\" \/>\n\t<meta name=\"twitter:data2\" content=\"4 minutos\" \/>\n<script type=\"application\/ld+json\" class=\"yoast-schema-graph\">{\"@context\":\"https:\/\/schema.org\",\"@graph\":[{\"@type\":\"Article\",\"@id\":\"https:\/\/maragoginews.com.br\/portal\/noticias\/geral\/politica\/renan-filho-anuncia-inicio-dos-testes-do-vlt-de-arapiraca\/#article\",\"isPartOf\":{\"@id\":\"https:\/\/maragoginews.com.br\/portal\/noticias\/geral\/politica\/renan-filho-anuncia-inicio-dos-testes-do-vlt-de-arapiraca\/\"},\"author\":{\"name\":\"Reda\u00e7\u00e3o\",\"@id\":\"https:\/\/maragoginews.com.br\/portal\/#\/schema\/person\/a445323773becef66921958b9c97b6e1\"},\"headline\":\"Renan Filho anuncia in\u00edcio dos testes do VLT de Arapiraca\",\"datePublished\":\"2026-06-24T22:59:35+00:00\",\"dateModified\":\"2026-06-26T12:06:13+00:00\",\"mainEntityOfPage\":{\"@id\":\"https:\/\/maragoginews.com.br\/portal\/noticias\/geral\/politica\/renan-filho-anuncia-inicio-dos-testes-do-vlt-de-arapiraca\/\"},\"wordCount\":629,\"commentCount\":0,\"publisher\":{\"@id\":\"https:\/\/maragoginews.com.br\/portal\/#organization\"},\"image\":{\"@id\":\"https:\/\/maragoginews.com.br\/portal\/noticias\/geral\/politica\/renan-filho-anuncia-inicio-dos-testes-do-vlt-de-arapiraca\/#primaryimage\"},\"thumbnailUrl\":\"https:\/\/maragoginews.com.br\/portal\/wp-content\/uploads\/2026\/06\/captura-de-tela-2026-06-24-174348.webp\",\"articleSection\":[\"Pol\u00edtica\"],\"inLanguage\":\"pt-BR\",\"potentialAction\":[{\"@type\":\"CommentAction\",\"name\":\"Comment\",\"target\":[\"https:\/\/maragoginews.com.br\/portal\/noticias\/geral\/politica\/renan-filho-anuncia-inicio-dos-testes-do-vlt-de-arapiraca\/#respond\"]}]},{\"@type\":\"WebPage\",\"@id\":\"https:\/\/maragoginews.com.br\/portal\/noticias\/geral\/politica\/renan-filho-anuncia-inicio-dos-testes-do-vlt-de-arapiraca\/\",\"url\":\"https:\/\/maragoginews.com.br\/portal\/noticias\/geral\/politica\/renan-filho-anuncia-inicio-dos-testes-do-vlt-de-arapiraca\/\",\"name\":\"Renan Filho anuncia in\u00edcio dos testes do VLT de Arapiraca - Maragogi News\",\"isPartOf\":{\"@id\":\"https:\/\/maragoginews.com.br\/portal\/#website\"},\"primaryImageOfPage\":{\"@id\":\"https:\/\/maragoginews.com.br\/portal\/noticias\/geral\/politica\/renan-filho-anuncia-inicio-dos-testes-do-vlt-de-arapiraca\/#primaryimage\"},\"image\":{\"@id\":\"https:\/\/maragoginews.com.br\/portal\/noticias\/geral\/politica\/renan-filho-anuncia-inicio-dos-testes-do-vlt-de-arapiraca\/#primaryimage\"},\"thumbnailUrl\":\"https:\/\/maragoginews.com.br\/portal\/wp-content\/uploads\/2026\/06\/captura-de-tela-2026-06-24-174348.webp\",\"datePublished\":\"2026-06-24T22:59:35+00:00\",\"dateModified\":\"2026-06-26T12:06:13+00:00\",\"breadcrumb\":{\"@id\":\"https:\/\/maragoginews.com.br\/portal\/noticias\/geral\/politica\/renan-filho-anuncia-inicio-dos-testes-do-vlt-de-arapiraca\/#breadcrumb\"},\"inLanguage\":\"pt-BR\",\"potentialAction\":[{\"@type\":\"ReadAction\",\"target\":[\"https:\/\/maragoginews.com.br\/portal\/noticias\/geral\/politica\/renan-filho-anuncia-inicio-dos-testes-do-vlt-de-arapiraca\/\"]}]},{\"@type\":\"ImageObject\",\"inLanguage\":\"pt-BR\",\"@id\":\"https:\/\/maragoginews.com.br\/portal\/noticias\/geral\/politica\/renan-filho-anuncia-inicio-dos-testes-do-vlt-de-arapiraca\/#primaryimage\",\"url\":\"https:\/\/maragoginews.com.br\/portal\/wp-content\/uploads\/2026\/06\/captura-de-tela-2026-06-24-174348.webp\",\"contentUrl\":\"https:\/\/maragoginews.com.br\/portal\/wp-content\/uploads\/2026\/06\/captura-de-tela-2026-06-24-174348.webp\",\"width\":1110,\"height\":650},{\"@type\":\"BreadcrumbList\",\"@id\":\"https:\/\/maragoginews.com.br\/portal\/noticias\/geral\/politica\/renan-filho-anuncia-inicio-dos-testes-do-vlt-de-arapiraca\/#breadcrumb\",\"itemListElement\":[{\"@type\":\"ListItem\",\"position\":1,\"name\":\"In\u00edcio\",\"item\":\"https:\/\/maragoginews.com.br\/portal\/\"},{\"@type\":\"ListItem\",\"position\":2,\"name\":\"Renan Filho anuncia in\u00edcio dos testes do VLT de Arapiraca\"}]},{\"@type\":\"WebSite\",\"@id\":\"https:\/\/maragoginews.com.br\/portal\/#website\",\"url\":\"https:\/\/maragoginews.com.br\/portal\/\",\"name\":\"Maragogi News\",\"description\":\"Portal de Not\u00edcias\",\"publisher\":{\"@id\":\"https:\/\/maragoginews.com.br\/portal\/#organization\"},\"potentialAction\":[{\"@type\":\"SearchAction\",\"target\":{\"@type\":\"EntryPoint\",\"urlTemplate\":\"https:\/\/maragoginews.com.br\/portal\/?s={search_term_string}\"},\"query-input\":{\"@type\":\"PropertyValueSpecification\",\"valueRequired\":true,\"valueName\":\"search_term_string\"}}],\"inLanguage\":\"pt-BR\"},{\"@type\":\"Organization\",\"@id\":\"https:\/\/maragoginews.com.br\/portal\/#organization\",\"name\":\"Maragogi News\",\"url\":\"https:\/\/maragoginews.com.br\/portal\/\",\"logo\":{\"@type\":\"ImageObject\",\"inLanguage\":\"pt-BR\",\"@id\":\"https:\/\/maragoginews.com.br\/portal\/#\/schema\/logo\/image\/\",\"url\":\"https:\/\/maragoginews.com.br\/portal\/wp-content\/uploads\/2020\/10\/mn.png\",\"contentUrl\":\"https:\/\/maragoginews.com.br\/portal\/wp-content\/uploads\/2020\/10\/mn.png\",\"width\":305,\"height\":50,\"caption\":\"Maragogi News\"},\"image\":{\"@id\":\"https:\/\/maragoginews.com.br\/portal\/#\/schema\/logo\/image\/\"}},{\"@type\":\"Person\",\"@id\":\"https:\/\/maragoginews.com.br\/portal\/#\/schema\/person\/a445323773becef66921958b9c97b6e1\",\"name\":\"Reda\u00e7\u00e3o\",\"image\":{\"@type\":\"ImageObject\",\"inLanguage\":\"pt-BR\",\"@id\":\"https:\/\/maragoginews.com.br\/portal\/#\/schema\/person\/image\/\",\"url\":\"https:\/\/maragoginews.com.br\/portal\/wp-content\/uploads\/2020\/12\/redacao.jpg\",\"contentUrl\":\"https:\/\/maragoginews.com.br\/portal\/wp-content\/uploads\/2020\/12\/redacao.jpg\",\"caption\":\"Reda\u00e7\u00e3o\"},\"sameAs\":[\"http:\/\/maragoginews.com.br\/\"],\"url\":\"https:\/\/maragoginews.com.br\/portal\/author\/redacao\/\"}]}<\/script>\n<!-- \/ Yoast SEO plugin. -->","yoast_head_json":{"title":"Renan Filho anuncia in\u00edcio dos testes do VLT de Arapiraca - Maragogi News","robots":{"index":"index","follow":"follow","max-snippet":"max-snippet:-1","max-image-preview":"max-image-preview:large","max-video-preview":"max-video-preview:-1"},"canonical":"https:\/\/maragoginews.com.br\/portal\/noticias\/geral\/politica\/renan-filho-anuncia-inicio-dos-testes-do-vlt-de-arapiraca\/","og_locale":"pt_BR","og_type":"article","og_title":"Renan Filho anuncia in\u00edcio dos testes do VLT de Arapiraca - Maragogi News","og_description":"Projeto de R$ 200 milh\u00f5es prev\u00ea 13 quil\u00f4metros de linha f\u00e9rrea urbana e deve transformar a mobilidade da segunda maior cidade de Alagoas","og_url":"https:\/\/maragoginews.com.br\/portal\/noticias\/geral\/politica\/renan-filho-anuncia-inicio-dos-testes-do-vlt-de-arapiraca\/","og_site_name":"Maragogi News","article_published_time":"2026-06-24T22:59:35+00:00","article_modified_time":"2026-06-26T12:06:13+00:00","og_image":[{"width":1110,"height":650,"url":"https:\/\/maragoginews.com.br\/portal\/wp-content\/uploads\/2026\/06\/captura-de-tela-2026-06-24-174348.webp","type":"image\/webp"}],"author":"Reda\u00e7\u00e3o","twitter_card":"summary_large_image","twitter_misc":{"Escrito por":"Reda\u00e7\u00e3o","Est. tempo de leitura":"4 minutos"},"schema":{"@context":"https:\/\/schema.org","@graph":[{"@type":"Article","@id":"https:\/\/maragoginews.com.br\/portal\/noticias\/geral\/politica\/renan-filho-anuncia-inicio-dos-testes-do-vlt-de-arapiraca\/#article","isPartOf":{"@id":"https:\/\/maragoginews.com.br\/portal\/noticias\/geral\/politica\/renan-filho-anuncia-inicio-dos-testes-do-vlt-de-arapiraca\/"},"author":{"name":"Reda\u00e7\u00e3o","@id":"https:\/\/maragoginews.com.br\/portal\/#\/schema\/person\/a445323773becef66921958b9c97b6e1"},"headline":"Renan Filho anuncia in\u00edcio dos testes do VLT de Arapiraca","datePublished":"2026-06-24T22:59:35+00:00","dateModified":"2026-06-26T12:06:13+00:00","mainEntityOfPage":{"@id":"https:\/\/maragoginews.com.br\/portal\/noticias\/geral\/politica\/renan-filho-anuncia-inicio-dos-testes-do-vlt-de-arapiraca\/"},"wordCount":629,"commentCount":0,"publisher":{"@id":"https:\/\/maragoginews.com.br\/portal\/#organization"},"image":{"@id":"https:\/\/maragoginews.com.br\/portal\/noticias\/geral\/politica\/renan-filho-anuncia-inicio-dos-testes-do-vlt-de-arapiraca\/#primaryimage"},"thumbnailUrl":"https:\/\/maragoginews.com.br\/portal\/wp-content\/uploads\/2026\/06\/captura-de-tela-2026-06-24-174348.webp","articleSection":["Pol\u00edtica"],"inLanguage":"pt-BR","potentialAction":[{"@type":"CommentAction","name":"Comment","target":["https:\/\/maragoginews.com.br\/portal\/noticias\/geral\/politica\/renan-filho-anuncia-inicio-dos-testes-do-vlt-de-arapiraca\/#respond"]}]},{"@type":"WebPage","@id":"https:\/\/maragoginews.com.br\/portal\/noticias\/geral\/politica\/renan-filho-anuncia-inicio-dos-testes-do-vlt-de-arapiraca\/","url":"https:\/\/maragoginews.com.br\/portal\/noticias\/geral\/politica\/renan-filho-anuncia-inicio-dos-testes-do-vlt-de-arapiraca\/","name":"Renan Filho anuncia in\u00edcio dos testes do VLT de Arapiraca - Maragogi News","isPartOf":{"@id":"https:\/\/maragoginews.com.br\/portal\/#website"},"primaryImageOfPage":{"@id":"https:\/\/maragoginews.com.br\/portal\/noticias\/geral\/politica\/renan-filho-anuncia-inicio-dos-testes-do-vlt-de-arapiraca\/#primaryimage"},"image":{"@id":"https:\/\/maragoginews.com.br\/portal\/noticias\/geral\/politica\/renan-filho-anuncia-inicio-dos-testes-do-vlt-de-arapiraca\/#primaryimage"},"thumbnailUrl":"https:\/\/maragoginews.com.br\/portal\/wp-content\/uploads\/2026\/06\/captura-de-tela-2026-06-24-174348.webp","datePublished":"2026-06-24T22:59:35+00:00","dateModified":"2026-06-26T12:06:13+00:00","breadcrumb":{"@id":"https:\/\/maragoginews.com.br\/portal\/noticias\/geral\/politica\/renan-filho-anuncia-inicio-dos-testes-do-vlt-de-arapiraca\/#breadcrumb"},"inLanguage":"pt-BR","potentialAction":[{"@type":"ReadAction","target":["https:\/\/maragoginews.com.br\/portal\/noticias\/geral\/politica\/renan-filho-anuncia-inicio-dos-testes-do-vlt-de-arapiraca\/"]}]},{"@type":"ImageObject","inLanguage":"pt-BR","@id":"https:\/\/maragoginews.com.br\/portal\/noticias\/geral\/politica\/renan-filho-anuncia-inicio-dos-testes-do-vlt-de-arapiraca\/#primaryimage","url":"https:\/\/maragoginews.com.br\/portal\/wp-content\/uploads\/2026\/06\/captura-de-tela-2026-06-24-174348.webp","contentUrl":"https:\/\/maragoginews.com.br\/portal\/wp-content\/uploads\/2026\/06\/captura-de-tela-2026-06-24-174348.webp","width":1110,"height":650},{"@type":"BreadcrumbList","@id":"https:\/\/maragoginews.com.br\/portal\/noticias\/geral\/politica\/renan-filho-anuncia-inicio-dos-testes-do-vlt-de-arapiraca\/#breadcrumb","itemListElement":[{"@type":"ListItem","position":1,"name":"In\u00edcio","item":"https:\/\/maragoginews.com.br\/portal\/"},{"@type":"ListItem","position":2,"name":"Renan Filho anuncia in\u00edcio dos testes do VLT de Arapiraca"}]},{"@type":"WebSite","@id":"https:\/\/maragoginews.com.br\/portal\/#website","url":"https:\/\/maragoginews.com.br\/portal\/","name":"Maragogi News","description":"Portal de Not\u00edcias","publisher":{"@id":"https:\/\/maragoginews.com.br\/portal\/#organization"},"potentialAction":[{"@type":"SearchAction","target":{"@type":"EntryPoint","urlTemplate":"https:\/\/maragoginews.com.br\/portal\/?s={search_term_string}"},"query-input":{"@type":"PropertyValueSpecification","valueRequired":true,"valueName":"search_term_string"}}],"inLanguage":"pt-BR"},{"@type":"Organization","@id":"https:\/\/maragoginews.com.br\/portal\/#organization","name":"Maragogi News","url":"https:\/\/maragoginews.com.br\/portal\/","logo":{"@type":"ImageObject","inLanguage":"pt-BR","@id":"https:\/\/maragoginews.com.br\/portal\/#\/schema\/logo\/image\/","url":"https:\/\/maragoginews.com.br\/portal\/wp-content\/uploads\/2020\/10\/mn.png","contentUrl":"https:\/\/maragoginews.com.br\/portal\/wp-content\/uploads\/2020\/10\/mn.png","width":305,"height":50,"caption":"Maragogi News"},"image":{"@id":"https:\/\/maragoginews.com.br\/portal\/#\/schema\/logo\/image\/"}},{"@type":"Person","@id":"https:\/\/maragoginews.com.br\/portal\/#\/schema\/person\/a445323773becef66921958b9c97b6e1","name":"Reda\u00e7\u00e3o","image":{"@type":"ImageObject","inLanguage":"pt-BR","@id":"https:\/\/maragoginews.com.br\/portal\/#\/schema\/person\/image\/","url":"https:\/\/maragoginews.com.br\/portal\/wp-content\/uploads\/2020\/12\/redacao.jpg","contentUrl":"https:\/\/maragoginews.com.br\/portal\/wp-content\/uploads\/2020\/12\/redacao.jpg","caption":"Reda\u00e7\u00e3o"},"sameAs":["http:\/\/maragoginews.com.br\/"],"url":"https:\/\/maragoginews.com.br\/portal\/author\/redacao\/"}]}},"_links":{"self":[{"href":"https:\/\/maragoginews.com.br\/portal\/wp-json\/wp\/v2\/posts\/25472","targetHints":{"allow":["GET"]}}],"collection":[{"href":"https:\/\/maragoginews.com.br\/portal\/wp-json\/wp\/v2\/posts"}],"about":[{"href":"https:\/\/maragoginews.com.br\/portal\/wp-json\/wp\/v2\/types\/post"}],"author":[{"embeddable":true,"href":"https:\/\/maragoginews.com.br\/portal\/wp-json\/wp\/v2\/users\/3"}],"replies":[{"embeddable":true,"href":"https:\/\/maragoginews.com.br\/portal\/wp-json\/wp\/v2\/comments?post=25472"}],"version-history":[{"count":1,"href":"https:\/\/maragoginews.com.br\/portal\/wp-json\/wp\/v2\/posts\/25472\/revisions"}],"predecessor-version":[{"id":25474,"href":"https:\/\/maragoginews.com.br\/portal\/wp-json\/wp\/v2\/posts\/25472\/revisions\/25474"}],"wp:featuredmedia":[{"embeddable":true,"href":"https:\/\/maragoginews.com.br\/portal\/wp-json\/wp\/v2\/media\/25473"}],"wp:attachment":[{"href":"https:\/\/maragoginews.com.br\/portal\/wp-json\/wp\/v2\/media?parent=25472"}],"wp:term":[{"taxonomy":"category","embeddable":true,"href":"https:\/\/maragoginews.com.br\/portal\/wp-json\/wp\/v2\/categories?post=25472"},{"taxonomy":"post_tag","embeddable":true,"href":"https:\/\/maragoginews.com.br\/portal\/wp-json\/wp\/v2\/tags?post=25472"}],"curies":[{"name":"wp","href":"https:\/\/api.w.org\/{rel}","templated":true}]}}