{"id":25806,"date":"2026-07-25T12:02:40","date_gmt":"2026-07-25T15:02:40","guid":{"rendered":"https:\/\/maragoginews.com.br\/portal\/?p=25806"},"modified":"2026-07-25T12:02:40","modified_gmt":"2026-07-25T15:02:40","slug":"renan-filho-recebe-sugestoes-da-populacao-de-palmeira-dos-indios-para-areas-prioritarias-do-plano-de-governo","status":"publish","type":"post","link":"https:\/\/maragoginews.com.br\/portal\/noticias\/geral\/politica\/renan-filho-recebe-sugestoes-da-populacao-de-palmeira-dos-indios-para-areas-prioritarias-do-plano-de-governo\/","title":{"rendered":"Renan Filho recebe sugest\u00f5es da popula\u00e7\u00e3o de Palmeira dos \u00cdndios para \u00e1reas priorit\u00e1rias do plano de governo"},"content":{"rendered":"<p>Moradores apresentaram propostas para sa\u00fade, inclus\u00e3o, desenvolvimento econ\u00f4mico, agricultura e seguran\u00e7a jur\u00eddica durante plen\u00e1ria participativa<\/p>\n<p>A constru\u00e7\u00e3o de um plano de governo alinhado \u00e0s necessidades da popula\u00e7\u00e3o ganhou novas contribui\u00e7\u00f5es na noite desta sexta-feira (24), durante a plen\u00e1ria Voc\u00ea Fala, Renan Filho Escuta, realizada em Palmeira dos \u00cdndios. O encontro reuniu representantes de diversos setores da sociedade, que apresentaram propostas voltadas ao fortalecimento dos servi\u00e7os p\u00fablicos e ao desenvolvimento da regi\u00e3o.<\/p>\n<p>Entre os principais temas debatidos estiveram a amplia\u00e7\u00e3o da sa\u00fade regional, o atendimento \u00e0s crian\u00e7as autistas e \u00e0s m\u00e3es at\u00edpicas, a gera\u00e7\u00e3o de empregos, o incentivo \u00e0 produ\u00e7\u00e3o alagoana e melhorias na infraestrutura da zona rural.<\/p>\n<p>Renan Filho afirmou que todas as contribui\u00e7\u00f5es servir\u00e3o de base para a elabora\u00e7\u00e3o do plano de governo e refor\u00e7ou que a proposta \u00e9 construir um programa com participa\u00e7\u00e3o popular.<\/p>\n<p>Na \u00e1rea econ\u00f4mica, empres\u00e1rios defenderam que o poder p\u00fablico priorize a compra de produtos fabricados em Alagoas, como fardamentos escolares, enxovais hospitalares e outros itens. Segundo Renan Filho, fortalecer a produ\u00e7\u00e3o local significa incentivar a gera\u00e7\u00e3o de emprego e renda no estado.<\/p>\n<p>Na educa\u00e7\u00e3o e na inclus\u00e3o, professores e representantes da sociedade civil sugeriram a amplia\u00e7\u00e3o das salas multifuncionais e da rede de atendimento \u00e0s crian\u00e7as autistas e \u00e0s m\u00e3es at\u00edpicas. Renan Filho respondeu que pretende desenvolver centros especializados em parceria com os munic\u00edpios para ampliar esse atendimento.<\/p>\n<p>A sa\u00fade tamb\u00e9m foi um dos principais temas da plen\u00e1ria. Profissionais da \u00e1rea solicitaram novos servi\u00e7os para o Hospital Regional de Palmeira dos \u00cdndios, incluindo hemodi\u00e1lise, novas especialidades e mais cirurgias. Renan Filho afirmou que pretende fortalecer a regionaliza\u00e7\u00e3o da sa\u00fade para ampliar a oferta de atendimento no interior.<\/p>\n<p>Representantes do Quilombo Tabacaria apresentaram a necessidade de ampliar o abastecimento de \u00e1gua na zona rural. J\u00e1 produtores rurais pediram seguran\u00e7a jur\u00eddica em rela\u00e7\u00e3o \u00e0 demarca\u00e7\u00e3o de terras, enquanto mototaxistas defenderam isen\u00e7\u00e3o de impostos na compra de motocicletas. Tamb\u00e9m foram apresentadas propostas para ampliar a inclus\u00e3o de pessoas com defici\u00eancia no mercado de trabalho e fortalecer as pol\u00edticas de prote\u00e7\u00e3o \u00e0s mulheres.<\/p>\n<p>Ao final do encontro, Renan Filho reafirmou que as sugest\u00f5es apresentadas pela popula\u00e7\u00e3o ser\u00e3o consideradas na constru\u00e7\u00e3o do plano de governo, refor\u00e7ando a proposta de uma gest\u00e3o constru\u00edda em di\u00e1logo com os alagoanos.<\/p>\n","protected":false},"excerpt":{"rendered":"<p>Moradores apresentaram propostas para sa\u00fade, inclus\u00e3o, desenvolvimento econ\u00f4mico, agricultura e seguran\u00e7a jur\u00eddica durante plen\u00e1ria participativa A constru\u00e7\u00e3o de um plano de governo alinhado \u00e0s necessidades da popula\u00e7\u00e3o ganhou novas contribui\u00e7\u00f5es na noite desta sexta-feira (24), durante a plen\u00e1ria Voc\u00ea Fala, Renan Filho Escuta, realizada em Palmeira dos \u00cdndios. O encontro reuniu representantes de diversos setores [&hellip;]<\/p>\n","protected":false},"author":3,"featured_media":25807,"comment_status":"open","ping_status":"open","sticky":false,"template":"","format":"standard","meta":{"footnotes":""},"categories":[31],"tags":[],"class_list":["post-25806","post","type-post","status-publish","format-standard","has-post-thumbnail","hentry","category-politica","posicao_chamadas-destaque-pequeno"],"yoast_head":"<!-- This site is optimized with the Yoast SEO plugin v26.6 - https:\/\/yoast.com\/wordpress\/plugins\/seo\/ -->\n<title>Renan Filho recebe sugest\u00f5es da popula\u00e7\u00e3o de Palmeira dos \u00cdndios para \u00e1reas priorit\u00e1rias do plano de governo - Maragogi News<\/title>\n<meta name=\"robots\" content=\"index, follow, max-snippet:-1, max-image-preview:large, max-video-preview:-1\" \/>\n<link rel=\"canonical\" href=\"https:\/\/maragoginews.com.br\/portal\/noticias\/geral\/politica\/renan-filho-recebe-sugestoes-da-populacao-de-palmeira-dos-indios-para-areas-prioritarias-do-plano-de-governo\/\" \/>\n<meta property=\"og:locale\" content=\"pt_BR\" \/>\n<meta property=\"og:type\" content=\"article\" \/>\n<meta property=\"og:title\" content=\"Renan Filho recebe sugest\u00f5es da popula\u00e7\u00e3o de Palmeira dos \u00cdndios para \u00e1reas priorit\u00e1rias do plano de governo - Maragogi News\" \/>\n<meta property=\"og:description\" content=\"Moradores apresentaram propostas para sa\u00fade, inclus\u00e3o, desenvolvimento econ\u00f4mico, agricultura e seguran\u00e7a jur\u00eddica durante plen\u00e1ria participativa A constru\u00e7\u00e3o de um plano de governo alinhado \u00e0s necessidades da popula\u00e7\u00e3o ganhou novas contribui\u00e7\u00f5es na noite desta sexta-feira (24), durante a plen\u00e1ria Voc\u00ea Fala, Renan Filho Escuta, realizada em Palmeira dos \u00cdndios. O encontro reuniu representantes de diversos setores [&hellip;]\" \/>\n<meta property=\"og:url\" content=\"https:\/\/maragoginews.com.br\/portal\/noticias\/geral\/politica\/renan-filho-recebe-sugestoes-da-populacao-de-palmeira-dos-indios-para-areas-prioritarias-do-plano-de-governo\/\" \/>\n<meta property=\"og:site_name\" content=\"Maragogi News\" \/>\n<meta property=\"article:published_time\" content=\"2026-07-25T15:02:40+00:00\" \/>\n<meta property=\"og:image\" content=\"https:\/\/maragoginews.com.br\/portal\/wp-content\/uploads\/2026\/07\/4caa2531-c649-4114-935a-3c8fac6a139a.jpg\" \/>\n\t<meta property=\"og:image:width\" content=\"970\" \/>\n\t<meta property=\"og:image:height\" content=\"646\" \/>\n\t<meta property=\"og:image:type\" content=\"image\/jpeg\" \/>\n<meta name=\"author\" content=\"Reda\u00e7\u00e3o\" \/>\n<meta name=\"twitter:card\" content=\"summary_large_image\" \/>\n<meta name=\"twitter:label1\" content=\"Escrito por\" \/>\n\t<meta name=\"twitter:data1\" content=\"Reda\u00e7\u00e3o\" \/>\n\t<meta name=\"twitter:label2\" content=\"Est. tempo de leitura\" \/>\n\t<meta name=\"twitter:data2\" content=\"3 minutos\" \/>\n<script type=\"application\/ld+json\" class=\"yoast-schema-graph\">{\"@context\":\"https:\/\/schema.org\",\"@graph\":[{\"@type\":\"Article\",\"@id\":\"https:\/\/maragoginews.com.br\/portal\/noticias\/geral\/politica\/renan-filho-recebe-sugestoes-da-populacao-de-palmeira-dos-indios-para-areas-prioritarias-do-plano-de-governo\/#article\",\"isPartOf\":{\"@id\":\"https:\/\/maragoginews.com.br\/portal\/noticias\/geral\/politica\/renan-filho-recebe-sugestoes-da-populacao-de-palmeira-dos-indios-para-areas-prioritarias-do-plano-de-governo\/\"},\"author\":{\"name\":\"Reda\u00e7\u00e3o\",\"@id\":\"https:\/\/maragoginews.com.br\/portal\/#\/schema\/person\/a445323773becef66921958b9c97b6e1\"},\"headline\":\"Renan Filho recebe sugest\u00f5es da popula\u00e7\u00e3o de Palmeira dos \u00cdndios para \u00e1reas priorit\u00e1rias do plano de governo\",\"datePublished\":\"2026-07-25T15:02:40+00:00\",\"mainEntityOfPage\":{\"@id\":\"https:\/\/maragoginews.com.br\/portal\/noticias\/geral\/politica\/renan-filho-recebe-sugestoes-da-populacao-de-palmeira-dos-indios-para-areas-prioritarias-do-plano-de-governo\/\"},\"wordCount\":446,\"commentCount\":0,\"publisher\":{\"@id\":\"https:\/\/maragoginews.com.br\/portal\/#organization\"},\"image\":{\"@id\":\"https:\/\/maragoginews.com.br\/portal\/noticias\/geral\/politica\/renan-filho-recebe-sugestoes-da-populacao-de-palmeira-dos-indios-para-areas-prioritarias-do-plano-de-governo\/#primaryimage\"},\"thumbnailUrl\":\"https:\/\/maragoginews.com.br\/portal\/wp-content\/uploads\/2026\/07\/4caa2531-c649-4114-935a-3c8fac6a139a.jpg\",\"articleSection\":[\"Pol\u00edtica\"],\"inLanguage\":\"pt-BR\",\"potentialAction\":[{\"@type\":\"CommentAction\",\"name\":\"Comment\",\"target\":[\"https:\/\/maragoginews.com.br\/portal\/noticias\/geral\/politica\/renan-filho-recebe-sugestoes-da-populacao-de-palmeira-dos-indios-para-areas-prioritarias-do-plano-de-governo\/#respond\"]}]},{\"@type\":\"WebPage\",\"@id\":\"https:\/\/maragoginews.com.br\/portal\/noticias\/geral\/politica\/renan-filho-recebe-sugestoes-da-populacao-de-palmeira-dos-indios-para-areas-prioritarias-do-plano-de-governo\/\",\"url\":\"https:\/\/maragoginews.com.br\/portal\/noticias\/geral\/politica\/renan-filho-recebe-sugestoes-da-populacao-de-palmeira-dos-indios-para-areas-prioritarias-do-plano-de-governo\/\",\"name\":\"Renan Filho recebe sugest\u00f5es da popula\u00e7\u00e3o de Palmeira dos \u00cdndios para \u00e1reas priorit\u00e1rias do plano de governo - Maragogi News\",\"isPartOf\":{\"@id\":\"https:\/\/maragoginews.com.br\/portal\/#website\"},\"primaryImageOfPage\":{\"@id\":\"https:\/\/maragoginews.com.br\/portal\/noticias\/geral\/politica\/renan-filho-recebe-sugestoes-da-populacao-de-palmeira-dos-indios-para-areas-prioritarias-do-plano-de-governo\/#primaryimage\"},\"image\":{\"@id\":\"https:\/\/maragoginews.com.br\/portal\/noticias\/geral\/politica\/renan-filho-recebe-sugestoes-da-populacao-de-palmeira-dos-indios-para-areas-prioritarias-do-plano-de-governo\/#primaryimage\"},\"thumbnailUrl\":\"https:\/\/maragoginews.com.br\/portal\/wp-content\/uploads\/2026\/07\/4caa2531-c649-4114-935a-3c8fac6a139a.jpg\",\"datePublished\":\"2026-07-25T15:02:40+00:00\",\"breadcrumb\":{\"@id\":\"https:\/\/maragoginews.com.br\/portal\/noticias\/geral\/politica\/renan-filho-recebe-sugestoes-da-populacao-de-palmeira-dos-indios-para-areas-prioritarias-do-plano-de-governo\/#breadcrumb\"},\"inLanguage\":\"pt-BR\",\"potentialAction\":[{\"@type\":\"ReadAction\",\"target\":[\"https:\/\/maragoginews.com.br\/portal\/noticias\/geral\/politica\/renan-filho-recebe-sugestoes-da-populacao-de-palmeira-dos-indios-para-areas-prioritarias-do-plano-de-governo\/\"]}]},{\"@type\":\"ImageObject\",\"inLanguage\":\"pt-BR\",\"@id\":\"https:\/\/maragoginews.com.br\/portal\/noticias\/geral\/politica\/renan-filho-recebe-sugestoes-da-populacao-de-palmeira-dos-indios-para-areas-prioritarias-do-plano-de-governo\/#primaryimage\",\"url\":\"https:\/\/maragoginews.com.br\/portal\/wp-content\/uploads\/2026\/07\/4caa2531-c649-4114-935a-3c8fac6a139a.jpg\",\"contentUrl\":\"https:\/\/maragoginews.com.br\/portal\/wp-content\/uploads\/2026\/07\/4caa2531-c649-4114-935a-3c8fac6a139a.jpg\",\"width\":970,\"height\":646},{\"@type\":\"BreadcrumbList\",\"@id\":\"https:\/\/maragoginews.com.br\/portal\/noticias\/geral\/politica\/renan-filho-recebe-sugestoes-da-populacao-de-palmeira-dos-indios-para-areas-prioritarias-do-plano-de-governo\/#breadcrumb\",\"itemListElement\":[{\"@type\":\"ListItem\",\"position\":1,\"name\":\"In\u00edcio\",\"item\":\"https:\/\/maragoginews.com.br\/portal\/\"},{\"@type\":\"ListItem\",\"position\":2,\"name\":\"Renan Filho recebe sugest\u00f5es da popula\u00e7\u00e3o de Palmeira dos \u00cdndios para \u00e1reas priorit\u00e1rias do plano de governo\"}]},{\"@type\":\"WebSite\",\"@id\":\"https:\/\/maragoginews.com.br\/portal\/#website\",\"url\":\"https:\/\/maragoginews.com.br\/portal\/\",\"name\":\"Maragogi News\",\"description\":\"Portal de Not\u00edcias\",\"publisher\":{\"@id\":\"https:\/\/maragoginews.com.br\/portal\/#organization\"},\"potentialAction\":[{\"@type\":\"SearchAction\",\"target\":{\"@type\":\"EntryPoint\",\"urlTemplate\":\"https:\/\/maragoginews.com.br\/portal\/?s={search_term_string}\"},\"query-input\":{\"@type\":\"PropertyValueSpecification\",\"valueRequired\":true,\"valueName\":\"search_term_string\"}}],\"inLanguage\":\"pt-BR\"},{\"@type\":\"Organization\",\"@id\":\"https:\/\/maragoginews.com.br\/portal\/#organization\",\"name\":\"Maragogi News\",\"url\":\"https:\/\/maragoginews.com.br\/portal\/\",\"logo\":{\"@type\":\"ImageObject\",\"inLanguage\":\"pt-BR\",\"@id\":\"https:\/\/maragoginews.com.br\/portal\/#\/schema\/logo\/image\/\",\"url\":\"https:\/\/maragoginews.com.br\/portal\/wp-content\/uploads\/2020\/10\/mn.png\",\"contentUrl\":\"https:\/\/maragoginews.com.br\/portal\/wp-content\/uploads\/2020\/10\/mn.png\",\"width\":305,\"height\":50,\"caption\":\"Maragogi News\"},\"image\":{\"@id\":\"https:\/\/maragoginews.com.br\/portal\/#\/schema\/logo\/image\/\"}},{\"@type\":\"Person\",\"@id\":\"https:\/\/maragoginews.com.br\/portal\/#\/schema\/person\/a445323773becef66921958b9c97b6e1\",\"name\":\"Reda\u00e7\u00e3o\",\"image\":{\"@type\":\"ImageObject\",\"inLanguage\":\"pt-BR\",\"@id\":\"https:\/\/maragoginews.com.br\/portal\/#\/schema\/person\/image\/\",\"url\":\"https:\/\/maragoginews.com.br\/portal\/wp-content\/uploads\/2020\/12\/redacao.jpg\",\"contentUrl\":\"https:\/\/maragoginews.com.br\/portal\/wp-content\/uploads\/2020\/12\/redacao.jpg\",\"caption\":\"Reda\u00e7\u00e3o\"},\"sameAs\":[\"http:\/\/maragoginews.com.br\/\"],\"url\":\"https:\/\/maragoginews.com.br\/portal\/author\/redacao\/\"}]}<\/script>\n<!-- \/ Yoast SEO plugin. -->","yoast_head_json":{"title":"Renan Filho recebe sugest\u00f5es da popula\u00e7\u00e3o de Palmeira dos \u00cdndios para \u00e1reas priorit\u00e1rias do plano de governo - Maragogi News","robots":{"index":"index","follow":"follow","max-snippet":"max-snippet:-1","max-image-preview":"max-image-preview:large","max-video-preview":"max-video-preview:-1"},"canonical":"https:\/\/maragoginews.com.br\/portal\/noticias\/geral\/politica\/renan-filho-recebe-sugestoes-da-populacao-de-palmeira-dos-indios-para-areas-prioritarias-do-plano-de-governo\/","og_locale":"pt_BR","og_type":"article","og_title":"Renan Filho recebe sugest\u00f5es da popula\u00e7\u00e3o de Palmeira dos \u00cdndios para \u00e1reas priorit\u00e1rias do plano de governo - Maragogi News","og_description":"Moradores apresentaram propostas para sa\u00fade, inclus\u00e3o, desenvolvimento econ\u00f4mico, agricultura e seguran\u00e7a jur\u00eddica durante plen\u00e1ria participativa A constru\u00e7\u00e3o de um plano de governo alinhado \u00e0s necessidades da popula\u00e7\u00e3o ganhou novas contribui\u00e7\u00f5es na noite desta sexta-feira (24), durante a plen\u00e1ria Voc\u00ea Fala, Renan Filho Escuta, realizada em Palmeira dos \u00cdndios. O encontro reuniu representantes de diversos setores [&hellip;]","og_url":"https:\/\/maragoginews.com.br\/portal\/noticias\/geral\/politica\/renan-filho-recebe-sugestoes-da-populacao-de-palmeira-dos-indios-para-areas-prioritarias-do-plano-de-governo\/","og_site_name":"Maragogi News","article_published_time":"2026-07-25T15:02:40+00:00","og_image":[{"width":970,"height":646,"url":"https:\/\/maragoginews.com.br\/portal\/wp-content\/uploads\/2026\/07\/4caa2531-c649-4114-935a-3c8fac6a139a.jpg","type":"image\/jpeg"}],"author":"Reda\u00e7\u00e3o","twitter_card":"summary_large_image","twitter_misc":{"Escrito por":"Reda\u00e7\u00e3o","Est. tempo de leitura":"3 minutos"},"schema":{"@context":"https:\/\/schema.org","@graph":[{"@type":"Article","@id":"https:\/\/maragoginews.com.br\/portal\/noticias\/geral\/politica\/renan-filho-recebe-sugestoes-da-populacao-de-palmeira-dos-indios-para-areas-prioritarias-do-plano-de-governo\/#article","isPartOf":{"@id":"https:\/\/maragoginews.com.br\/portal\/noticias\/geral\/politica\/renan-filho-recebe-sugestoes-da-populacao-de-palmeira-dos-indios-para-areas-prioritarias-do-plano-de-governo\/"},"author":{"name":"Reda\u00e7\u00e3o","@id":"https:\/\/maragoginews.com.br\/portal\/#\/schema\/person\/a445323773becef66921958b9c97b6e1"},"headline":"Renan Filho recebe sugest\u00f5es da popula\u00e7\u00e3o de Palmeira dos \u00cdndios para \u00e1reas priorit\u00e1rias do plano de governo","datePublished":"2026-07-25T15:02:40+00:00","mainEntityOfPage":{"@id":"https:\/\/maragoginews.com.br\/portal\/noticias\/geral\/politica\/renan-filho-recebe-sugestoes-da-populacao-de-palmeira-dos-indios-para-areas-prioritarias-do-plano-de-governo\/"},"wordCount":446,"commentCount":0,"publisher":{"@id":"https:\/\/maragoginews.com.br\/portal\/#organization"},"image":{"@id":"https:\/\/maragoginews.com.br\/portal\/noticias\/geral\/politica\/renan-filho-recebe-sugestoes-da-populacao-de-palmeira-dos-indios-para-areas-prioritarias-do-plano-de-governo\/#primaryimage"},"thumbnailUrl":"https:\/\/maragoginews.com.br\/portal\/wp-content\/uploads\/2026\/07\/4caa2531-c649-4114-935a-3c8fac6a139a.jpg","articleSection":["Pol\u00edtica"],"inLanguage":"pt-BR","potentialAction":[{"@type":"CommentAction","name":"Comment","target":["https:\/\/maragoginews.com.br\/portal\/noticias\/geral\/politica\/renan-filho-recebe-sugestoes-da-populacao-de-palmeira-dos-indios-para-areas-prioritarias-do-plano-de-governo\/#respond"]}]},{"@type":"WebPage","@id":"https:\/\/maragoginews.com.br\/portal\/noticias\/geral\/politica\/renan-filho-recebe-sugestoes-da-populacao-de-palmeira-dos-indios-para-areas-prioritarias-do-plano-de-governo\/","url":"https:\/\/maragoginews.com.br\/portal\/noticias\/geral\/politica\/renan-filho-recebe-sugestoes-da-populacao-de-palmeira-dos-indios-para-areas-prioritarias-do-plano-de-governo\/","name":"Renan Filho recebe sugest\u00f5es da popula\u00e7\u00e3o de Palmeira dos \u00cdndios para \u00e1reas priorit\u00e1rias do plano de governo - Maragogi News","isPartOf":{"@id":"https:\/\/maragoginews.com.br\/portal\/#website"},"primaryImageOfPage":{"@id":"https:\/\/maragoginews.com.br\/portal\/noticias\/geral\/politica\/renan-filho-recebe-sugestoes-da-populacao-de-palmeira-dos-indios-para-areas-prioritarias-do-plano-de-governo\/#primaryimage"},"image":{"@id":"https:\/\/maragoginews.com.br\/portal\/noticias\/geral\/politica\/renan-filho-recebe-sugestoes-da-populacao-de-palmeira-dos-indios-para-areas-prioritarias-do-plano-de-governo\/#primaryimage"},"thumbnailUrl":"https:\/\/maragoginews.com.br\/portal\/wp-content\/uploads\/2026\/07\/4caa2531-c649-4114-935a-3c8fac6a139a.jpg","datePublished":"2026-07-25T15:02:40+00:00","breadcrumb":{"@id":"https:\/\/maragoginews.com.br\/portal\/noticias\/geral\/politica\/renan-filho-recebe-sugestoes-da-populacao-de-palmeira-dos-indios-para-areas-prioritarias-do-plano-de-governo\/#breadcrumb"},"inLanguage":"pt-BR","potentialAction":[{"@type":"ReadAction","target":["https:\/\/maragoginews.com.br\/portal\/noticias\/geral\/politica\/renan-filho-recebe-sugestoes-da-populacao-de-palmeira-dos-indios-para-areas-prioritarias-do-plano-de-governo\/"]}]},{"@type":"ImageObject","inLanguage":"pt-BR","@id":"https:\/\/maragoginews.com.br\/portal\/noticias\/geral\/politica\/renan-filho-recebe-sugestoes-da-populacao-de-palmeira-dos-indios-para-areas-prioritarias-do-plano-de-governo\/#primaryimage","url":"https:\/\/maragoginews.com.br\/portal\/wp-content\/uploads\/2026\/07\/4caa2531-c649-4114-935a-3c8fac6a139a.jpg","contentUrl":"https:\/\/maragoginews.com.br\/portal\/wp-content\/uploads\/2026\/07\/4caa2531-c649-4114-935a-3c8fac6a139a.jpg","width":970,"height":646},{"@type":"BreadcrumbList","@id":"https:\/\/maragoginews.com.br\/portal\/noticias\/geral\/politica\/renan-filho-recebe-sugestoes-da-populacao-de-palmeira-dos-indios-para-areas-prioritarias-do-plano-de-governo\/#breadcrumb","itemListElement":[{"@type":"ListItem","position":1,"name":"In\u00edcio","item":"https:\/\/maragoginews.com.br\/portal\/"},{"@type":"ListItem","position":2,"name":"Renan Filho recebe sugest\u00f5es da popula\u00e7\u00e3o de Palmeira dos \u00cdndios para \u00e1reas priorit\u00e1rias do plano de governo"}]},{"@type":"WebSite","@id":"https:\/\/maragoginews.com.br\/portal\/#website","url":"https:\/\/maragoginews.com.br\/portal\/","name":"Maragogi News","description":"Portal de Not\u00edcias","publisher":{"@id":"https:\/\/maragoginews.com.br\/portal\/#organization"},"potentialAction":[{"@type":"SearchAction","target":{"@type":"EntryPoint","urlTemplate":"https:\/\/maragoginews.com.br\/portal\/?s={search_term_string}"},"query-input":{"@type":"PropertyValueSpecification","valueRequired":true,"valueName":"search_term_string"}}],"inLanguage":"pt-BR"},{"@type":"Organization","@id":"https:\/\/maragoginews.com.br\/portal\/#organization","name":"Maragogi News","url":"https:\/\/maragoginews.com.br\/portal\/","logo":{"@type":"ImageObject","inLanguage":"pt-BR","@id":"https:\/\/maragoginews.com.br\/portal\/#\/schema\/logo\/image\/","url":"https:\/\/maragoginews.com.br\/portal\/wp-content\/uploads\/2020\/10\/mn.png","contentUrl":"https:\/\/maragoginews.com.br\/portal\/wp-content\/uploads\/2020\/10\/mn.png","width":305,"height":50,"caption":"Maragogi News"},"image":{"@id":"https:\/\/maragoginews.com.br\/portal\/#\/schema\/logo\/image\/"}},{"@type":"Person","@id":"https:\/\/maragoginews.com.br\/portal\/#\/schema\/person\/a445323773becef66921958b9c97b6e1","name":"Reda\u00e7\u00e3o","image":{"@type":"ImageObject","inLanguage":"pt-BR","@id":"https:\/\/maragoginews.com.br\/portal\/#\/schema\/person\/image\/","url":"https:\/\/maragoginews.com.br\/portal\/wp-content\/uploads\/2020\/12\/redacao.jpg","contentUrl":"https:\/\/maragoginews.com.br\/portal\/wp-content\/uploads\/2020\/12\/redacao.jpg","caption":"Reda\u00e7\u00e3o"},"sameAs":["http:\/\/maragoginews.com.br\/"],"url":"https:\/\/maragoginews.com.br\/portal\/author\/redacao\/"}]}},"_links":{"self":[{"href":"https:\/\/maragoginews.com.br\/portal\/wp-json\/wp\/v2\/posts\/25806","targetHints":{"allow":["GET"]}}],"collection":[{"href":"https:\/\/maragoginews.com.br\/portal\/wp-json\/wp\/v2\/posts"}],"about":[{"href":"https:\/\/maragoginews.com.br\/portal\/wp-json\/wp\/v2\/types\/post"}],"author":[{"embeddable":true,"href":"https:\/\/maragoginews.com.br\/portal\/wp-json\/wp\/v2\/users\/3"}],"replies":[{"embeddable":true,"href":"https:\/\/maragoginews.com.br\/portal\/wp-json\/wp\/v2\/comments?post=25806"}],"version-history":[{"count":1,"href":"https:\/\/maragoginews.com.br\/portal\/wp-json\/wp\/v2\/posts\/25806\/revisions"}],"predecessor-version":[{"id":25808,"href":"https:\/\/maragoginews.com.br\/portal\/wp-json\/wp\/v2\/posts\/25806\/revisions\/25808"}],"wp:featuredmedia":[{"embeddable":true,"href":"https:\/\/maragoginews.com.br\/portal\/wp-json\/wp\/v2\/media\/25807"}],"wp:attachment":[{"href":"https:\/\/maragoginews.com.br\/portal\/wp-json\/wp\/v2\/media?parent=25806"}],"wp:term":[{"taxonomy":"category","embeddable":true,"href":"https:\/\/maragoginews.com.br\/portal\/wp-json\/wp\/v2\/categories?post=25806"},{"taxonomy":"post_tag","embeddable":true,"href":"https:\/\/maragoginews.com.br\/portal\/wp-json\/wp\/v2\/tags?post=25806"}],"curies":[{"name":"wp","href":"https:\/\/api.w.org\/{rel}","templated":true}]}}