{"id":25810,"date":"2026-07-25T20:38:55","date_gmt":"2026-07-25T23:38:55","guid":{"rendered":"https:\/\/maragoginews.com.br\/portal\/?p=25810"},"modified":"2026-07-25T20:38:55","modified_gmt":"2026-07-25T23:38:55","slug":"renan-filho-anuncia-bolsa-por-merito-para-alunos-da-rede-estadual-e-reforca-compromisso-com-a-educacao","status":"publish","type":"post","link":"https:\/\/maragoginews.com.br\/portal\/noticias\/geral\/politica\/renan-filho-anuncia-bolsa-por-merito-para-alunos-da-rede-estadual-e-reforca-compromisso-com-a-educacao\/","title":{"rendered":"Renan Filho anuncia bolsa por m\u00e9rito para alunos da rede estadual e refor\u00e7a compromisso com a educa\u00e7\u00e3o"},"content":{"rendered":"<p>O senador e pr\u00e9-candidato ao Governo de Alagoas, Renan Filho (MDB), anunciou neste s\u00e1bado (25) uma proposta para criar uma bolsa por m\u00e9rito destinada aos estudantes da rede p\u00fablica estadual que alcan\u00e7arem bom desempenho escolar.<\/p>\n<p>O an\u00fancio foi feito durante o lan\u00e7amento da pr\u00e9-candidatura \u00e0 reelei\u00e7\u00e3o do deputado federal Rafael Brito (MDB). De acordo com Renan, o novo benef\u00edcio ser\u00e1 pago aos alunos com boas notas e funcionar\u00e1 como complemento ao Cart\u00e3o Escola 10, programa voltado ao incentivo da frequ\u00eancia escolar.<\/p>\n<p>\u201cN\u00f3s vamos garantir uma bolsa adicional para o aluno que tira nota boa. O nosso desafio agora \u00e9 fazer de Alagoas a melhor educa\u00e7\u00e3o p\u00fablica, gratuita e de qualidade do Brasil\u201d, afirmou.<\/p>\n<p>Al\u00e9m da nova proposta, Renan anunciou que pretende retomar o programa Professor Mentor, com valoriza\u00e7\u00e3o da remunera\u00e7\u00e3o dos docentes, ampliar os investimentos na infraestrutura das escolas e fortalecer projetos que integrem educa\u00e7\u00e3o, esporte e cultura. O plano tamb\u00e9m prev\u00ea a constru\u00e7\u00e3o de novos centros esportivos em Macei\u00f3 e no interior.<\/p>\n<p>Durante o evento, o senador destacou a parceria com Rafael Brito e afirmou que o deputado tem contribu\u00eddo para ampliar os investimentos na educa\u00e7\u00e3o alagoana por meio da atua\u00e7\u00e3o no Congresso Nacional.<\/p>\n<p>Ao apresentar as propostas, Renan relembrou as a\u00e7\u00f5es implementadas durante sua gest\u00e3o \u00e0 frente do Governo de Alagoas, destacando a reorganiza\u00e7\u00e3o da rede estadual de ensino, a valoriza\u00e7\u00e3o dos professores e a cria\u00e7\u00e3o de programas voltados aos estudantes.<\/p>\n<p>\u201cA mudan\u00e7a aconteceu quando valorizamos os professores, reorganizamos a rede e colocamos o aluno no centro das pol\u00edticas p\u00fablicas\u201d, disse.<\/p>\n<p>Segundo o pr\u00e9-candidato, a meta \u00e9 dar continuidade aos avan\u00e7os conquistados e implantar novas pol\u00edticas para elevar a qualidade do ensino p\u00fablico.<\/p>\n<p>\u201cQueremos que Alagoas continue avan\u00e7ando e se torne refer\u00eancia nacional em educa\u00e7\u00e3o, premiando o esfor\u00e7o dos estudantes e valorizando quem faz a educa\u00e7\u00e3o acontecer\u201d, concluiu.<\/p>\n","protected":false},"excerpt":{"rendered":"<p>O senador e pr\u00e9-candidato ao Governo de Alagoas, Renan Filho (MDB), anunciou neste s\u00e1bado (25) uma proposta para criar uma bolsa por m\u00e9rito destinada aos estudantes da rede p\u00fablica estadual que alcan\u00e7arem bom desempenho escolar. O an\u00fancio foi feito durante o lan\u00e7amento da pr\u00e9-candidatura \u00e0 reelei\u00e7\u00e3o do deputado federal Rafael Brito (MDB). De acordo com [&hellip;]<\/p>\n","protected":false},"author":3,"featured_media":25811,"comment_status":"open","ping_status":"open","sticky":false,"template":"","format":"standard","meta":{"footnotes":""},"categories":[31],"tags":[],"class_list":["post-25810","post","type-post","status-publish","format-standard","has-post-thumbnail","hentry","category-politica"],"yoast_head":"<!-- This site is optimized with the Yoast SEO plugin v26.6 - https:\/\/yoast.com\/wordpress\/plugins\/seo\/ -->\n<title>Renan Filho anuncia bolsa por m\u00e9rito para alunos da rede estadual e refor\u00e7a compromisso com a educa\u00e7\u00e3o - Maragogi News<\/title>\n<meta name=\"robots\" content=\"index, follow, max-snippet:-1, max-image-preview:large, max-video-preview:-1\" \/>\n<link rel=\"canonical\" href=\"https:\/\/maragoginews.com.br\/portal\/noticias\/geral\/politica\/renan-filho-anuncia-bolsa-por-merito-para-alunos-da-rede-estadual-e-reforca-compromisso-com-a-educacao\/\" \/>\n<meta property=\"og:locale\" content=\"pt_BR\" \/>\n<meta property=\"og:type\" content=\"article\" \/>\n<meta property=\"og:title\" content=\"Renan Filho anuncia bolsa por m\u00e9rito para alunos da rede estadual e refor\u00e7a compromisso com a educa\u00e7\u00e3o - Maragogi News\" \/>\n<meta property=\"og:description\" content=\"O senador e pr\u00e9-candidato ao Governo de Alagoas, Renan Filho (MDB), anunciou neste s\u00e1bado (25) uma proposta para criar uma bolsa por m\u00e9rito destinada aos estudantes da rede p\u00fablica estadual que alcan\u00e7arem bom desempenho escolar. O an\u00fancio foi feito durante o lan\u00e7amento da pr\u00e9-candidatura \u00e0 reelei\u00e7\u00e3o do deputado federal Rafael Brito (MDB). De acordo com [&hellip;]\" \/>\n<meta property=\"og:url\" content=\"https:\/\/maragoginews.com.br\/portal\/noticias\/geral\/politica\/renan-filho-anuncia-bolsa-por-merito-para-alunos-da-rede-estadual-e-reforca-compromisso-com-a-educacao\/\" \/>\n<meta property=\"og:site_name\" content=\"Maragogi News\" \/>\n<meta property=\"article:published_time\" content=\"2026-07-25T23:38:55+00:00\" \/>\n<meta property=\"og:image\" content=\"https:\/\/maragoginews.com.br\/portal\/wp-content\/uploads\/2026\/07\/01fc0f12-5186-4574-92a0-b389831b043c.jpg\" \/>\n\t<meta property=\"og:image:width\" content=\"970\" \/>\n\t<meta property=\"og:image:height\" content=\"647\" \/>\n\t<meta property=\"og:image:type\" content=\"image\/jpeg\" \/>\n<meta name=\"author\" content=\"Reda\u00e7\u00e3o\" \/>\n<meta name=\"twitter:card\" content=\"summary_large_image\" \/>\n<meta name=\"twitter:label1\" content=\"Escrito por\" \/>\n\t<meta name=\"twitter:data1\" content=\"Reda\u00e7\u00e3o\" \/>\n\t<meta name=\"twitter:label2\" content=\"Est. tempo de leitura\" \/>\n\t<meta name=\"twitter:data2\" content=\"2 minutos\" \/>\n<script type=\"application\/ld+json\" class=\"yoast-schema-graph\">{\"@context\":\"https:\/\/schema.org\",\"@graph\":[{\"@type\":\"Article\",\"@id\":\"https:\/\/maragoginews.com.br\/portal\/noticias\/geral\/politica\/renan-filho-anuncia-bolsa-por-merito-para-alunos-da-rede-estadual-e-reforca-compromisso-com-a-educacao\/#article\",\"isPartOf\":{\"@id\":\"https:\/\/maragoginews.com.br\/portal\/noticias\/geral\/politica\/renan-filho-anuncia-bolsa-por-merito-para-alunos-da-rede-estadual-e-reforca-compromisso-com-a-educacao\/\"},\"author\":{\"name\":\"Reda\u00e7\u00e3o\",\"@id\":\"https:\/\/maragoginews.com.br\/portal\/#\/schema\/person\/a445323773becef66921958b9c97b6e1\"},\"headline\":\"Renan Filho anuncia bolsa por m\u00e9rito para alunos da rede estadual e refor\u00e7a compromisso com a educa\u00e7\u00e3o\",\"datePublished\":\"2026-07-25T23:38:55+00:00\",\"mainEntityOfPage\":{\"@id\":\"https:\/\/maragoginews.com.br\/portal\/noticias\/geral\/politica\/renan-filho-anuncia-bolsa-por-merito-para-alunos-da-rede-estadual-e-reforca-compromisso-com-a-educacao\/\"},\"wordCount\":355,\"commentCount\":0,\"publisher\":{\"@id\":\"https:\/\/maragoginews.com.br\/portal\/#organization\"},\"image\":{\"@id\":\"https:\/\/maragoginews.com.br\/portal\/noticias\/geral\/politica\/renan-filho-anuncia-bolsa-por-merito-para-alunos-da-rede-estadual-e-reforca-compromisso-com-a-educacao\/#primaryimage\"},\"thumbnailUrl\":\"https:\/\/maragoginews.com.br\/portal\/wp-content\/uploads\/2026\/07\/01fc0f12-5186-4574-92a0-b389831b043c.jpg\",\"articleSection\":[\"Pol\u00edtica\"],\"inLanguage\":\"pt-BR\",\"potentialAction\":[{\"@type\":\"CommentAction\",\"name\":\"Comment\",\"target\":[\"https:\/\/maragoginews.com.br\/portal\/noticias\/geral\/politica\/renan-filho-anuncia-bolsa-por-merito-para-alunos-da-rede-estadual-e-reforca-compromisso-com-a-educacao\/#respond\"]}]},{\"@type\":\"WebPage\",\"@id\":\"https:\/\/maragoginews.com.br\/portal\/noticias\/geral\/politica\/renan-filho-anuncia-bolsa-por-merito-para-alunos-da-rede-estadual-e-reforca-compromisso-com-a-educacao\/\",\"url\":\"https:\/\/maragoginews.com.br\/portal\/noticias\/geral\/politica\/renan-filho-anuncia-bolsa-por-merito-para-alunos-da-rede-estadual-e-reforca-compromisso-com-a-educacao\/\",\"name\":\"Renan Filho anuncia bolsa por m\u00e9rito para alunos da rede estadual e refor\u00e7a compromisso com a educa\u00e7\u00e3o - Maragogi News\",\"isPartOf\":{\"@id\":\"https:\/\/maragoginews.com.br\/portal\/#website\"},\"primaryImageOfPage\":{\"@id\":\"https:\/\/maragoginews.com.br\/portal\/noticias\/geral\/politica\/renan-filho-anuncia-bolsa-por-merito-para-alunos-da-rede-estadual-e-reforca-compromisso-com-a-educacao\/#primaryimage\"},\"image\":{\"@id\":\"https:\/\/maragoginews.com.br\/portal\/noticias\/geral\/politica\/renan-filho-anuncia-bolsa-por-merito-para-alunos-da-rede-estadual-e-reforca-compromisso-com-a-educacao\/#primaryimage\"},\"thumbnailUrl\":\"https:\/\/maragoginews.com.br\/portal\/wp-content\/uploads\/2026\/07\/01fc0f12-5186-4574-92a0-b389831b043c.jpg\",\"datePublished\":\"2026-07-25T23:38:55+00:00\",\"breadcrumb\":{\"@id\":\"https:\/\/maragoginews.com.br\/portal\/noticias\/geral\/politica\/renan-filho-anuncia-bolsa-por-merito-para-alunos-da-rede-estadual-e-reforca-compromisso-com-a-educacao\/#breadcrumb\"},\"inLanguage\":\"pt-BR\",\"potentialAction\":[{\"@type\":\"ReadAction\",\"target\":[\"https:\/\/maragoginews.com.br\/portal\/noticias\/geral\/politica\/renan-filho-anuncia-bolsa-por-merito-para-alunos-da-rede-estadual-e-reforca-compromisso-com-a-educacao\/\"]}]},{\"@type\":\"ImageObject\",\"inLanguage\":\"pt-BR\",\"@id\":\"https:\/\/maragoginews.com.br\/portal\/noticias\/geral\/politica\/renan-filho-anuncia-bolsa-por-merito-para-alunos-da-rede-estadual-e-reforca-compromisso-com-a-educacao\/#primaryimage\",\"url\":\"https:\/\/maragoginews.com.br\/portal\/wp-content\/uploads\/2026\/07\/01fc0f12-5186-4574-92a0-b389831b043c.jpg\",\"contentUrl\":\"https:\/\/maragoginews.com.br\/portal\/wp-content\/uploads\/2026\/07\/01fc0f12-5186-4574-92a0-b389831b043c.jpg\",\"width\":970,\"height\":647},{\"@type\":\"BreadcrumbList\",\"@id\":\"https:\/\/maragoginews.com.br\/portal\/noticias\/geral\/politica\/renan-filho-anuncia-bolsa-por-merito-para-alunos-da-rede-estadual-e-reforca-compromisso-com-a-educacao\/#breadcrumb\",\"itemListElement\":[{\"@type\":\"ListItem\",\"position\":1,\"name\":\"In\u00edcio\",\"item\":\"https:\/\/maragoginews.com.br\/portal\/\"},{\"@type\":\"ListItem\",\"position\":2,\"name\":\"Renan Filho anuncia bolsa por m\u00e9rito para alunos da rede estadual e refor\u00e7a compromisso com a educa\u00e7\u00e3o\"}]},{\"@type\":\"WebSite\",\"@id\":\"https:\/\/maragoginews.com.br\/portal\/#website\",\"url\":\"https:\/\/maragoginews.com.br\/portal\/\",\"name\":\"Maragogi News\",\"description\":\"Portal de Not\u00edcias\",\"publisher\":{\"@id\":\"https:\/\/maragoginews.com.br\/portal\/#organization\"},\"potentialAction\":[{\"@type\":\"SearchAction\",\"target\":{\"@type\":\"EntryPoint\",\"urlTemplate\":\"https:\/\/maragoginews.com.br\/portal\/?s={search_term_string}\"},\"query-input\":{\"@type\":\"PropertyValueSpecification\",\"valueRequired\":true,\"valueName\":\"search_term_string\"}}],\"inLanguage\":\"pt-BR\"},{\"@type\":\"Organization\",\"@id\":\"https:\/\/maragoginews.com.br\/portal\/#organization\",\"name\":\"Maragogi News\",\"url\":\"https:\/\/maragoginews.com.br\/portal\/\",\"logo\":{\"@type\":\"ImageObject\",\"inLanguage\":\"pt-BR\",\"@id\":\"https:\/\/maragoginews.com.br\/portal\/#\/schema\/logo\/image\/\",\"url\":\"https:\/\/maragoginews.com.br\/portal\/wp-content\/uploads\/2020\/10\/mn.png\",\"contentUrl\":\"https:\/\/maragoginews.com.br\/portal\/wp-content\/uploads\/2020\/10\/mn.png\",\"width\":305,\"height\":50,\"caption\":\"Maragogi News\"},\"image\":{\"@id\":\"https:\/\/maragoginews.com.br\/portal\/#\/schema\/logo\/image\/\"}},{\"@type\":\"Person\",\"@id\":\"https:\/\/maragoginews.com.br\/portal\/#\/schema\/person\/a445323773becef66921958b9c97b6e1\",\"name\":\"Reda\u00e7\u00e3o\",\"image\":{\"@type\":\"ImageObject\",\"inLanguage\":\"pt-BR\",\"@id\":\"https:\/\/maragoginews.com.br\/portal\/#\/schema\/person\/image\/\",\"url\":\"https:\/\/maragoginews.com.br\/portal\/wp-content\/uploads\/2020\/12\/redacao.jpg\",\"contentUrl\":\"https:\/\/maragoginews.com.br\/portal\/wp-content\/uploads\/2020\/12\/redacao.jpg\",\"caption\":\"Reda\u00e7\u00e3o\"},\"sameAs\":[\"http:\/\/maragoginews.com.br\/\"],\"url\":\"https:\/\/maragoginews.com.br\/portal\/author\/redacao\/\"}]}<\/script>\n<!-- \/ Yoast SEO plugin. -->","yoast_head_json":{"title":"Renan Filho anuncia bolsa por m\u00e9rito para alunos da rede estadual e refor\u00e7a compromisso com a educa\u00e7\u00e3o - Maragogi News","robots":{"index":"index","follow":"follow","max-snippet":"max-snippet:-1","max-image-preview":"max-image-preview:large","max-video-preview":"max-video-preview:-1"},"canonical":"https:\/\/maragoginews.com.br\/portal\/noticias\/geral\/politica\/renan-filho-anuncia-bolsa-por-merito-para-alunos-da-rede-estadual-e-reforca-compromisso-com-a-educacao\/","og_locale":"pt_BR","og_type":"article","og_title":"Renan Filho anuncia bolsa por m\u00e9rito para alunos da rede estadual e refor\u00e7a compromisso com a educa\u00e7\u00e3o - Maragogi News","og_description":"O senador e pr\u00e9-candidato ao Governo de Alagoas, Renan Filho (MDB), anunciou neste s\u00e1bado (25) uma proposta para criar uma bolsa por m\u00e9rito destinada aos estudantes da rede p\u00fablica estadual que alcan\u00e7arem bom desempenho escolar. O an\u00fancio foi feito durante o lan\u00e7amento da pr\u00e9-candidatura \u00e0 reelei\u00e7\u00e3o do deputado federal Rafael Brito (MDB). De acordo com [&hellip;]","og_url":"https:\/\/maragoginews.com.br\/portal\/noticias\/geral\/politica\/renan-filho-anuncia-bolsa-por-merito-para-alunos-da-rede-estadual-e-reforca-compromisso-com-a-educacao\/","og_site_name":"Maragogi News","article_published_time":"2026-07-25T23:38:55+00:00","og_image":[{"width":970,"height":647,"url":"https:\/\/maragoginews.com.br\/portal\/wp-content\/uploads\/2026\/07\/01fc0f12-5186-4574-92a0-b389831b043c.jpg","type":"image\/jpeg"}],"author":"Reda\u00e7\u00e3o","twitter_card":"summary_large_image","twitter_misc":{"Escrito por":"Reda\u00e7\u00e3o","Est. tempo de leitura":"2 minutos"},"schema":{"@context":"https:\/\/schema.org","@graph":[{"@type":"Article","@id":"https:\/\/maragoginews.com.br\/portal\/noticias\/geral\/politica\/renan-filho-anuncia-bolsa-por-merito-para-alunos-da-rede-estadual-e-reforca-compromisso-com-a-educacao\/#article","isPartOf":{"@id":"https:\/\/maragoginews.com.br\/portal\/noticias\/geral\/politica\/renan-filho-anuncia-bolsa-por-merito-para-alunos-da-rede-estadual-e-reforca-compromisso-com-a-educacao\/"},"author":{"name":"Reda\u00e7\u00e3o","@id":"https:\/\/maragoginews.com.br\/portal\/#\/schema\/person\/a445323773becef66921958b9c97b6e1"},"headline":"Renan Filho anuncia bolsa por m\u00e9rito para alunos da rede estadual e refor\u00e7a compromisso com a educa\u00e7\u00e3o","datePublished":"2026-07-25T23:38:55+00:00","mainEntityOfPage":{"@id":"https:\/\/maragoginews.com.br\/portal\/noticias\/geral\/politica\/renan-filho-anuncia-bolsa-por-merito-para-alunos-da-rede-estadual-e-reforca-compromisso-com-a-educacao\/"},"wordCount":355,"commentCount":0,"publisher":{"@id":"https:\/\/maragoginews.com.br\/portal\/#organization"},"image":{"@id":"https:\/\/maragoginews.com.br\/portal\/noticias\/geral\/politica\/renan-filho-anuncia-bolsa-por-merito-para-alunos-da-rede-estadual-e-reforca-compromisso-com-a-educacao\/#primaryimage"},"thumbnailUrl":"https:\/\/maragoginews.com.br\/portal\/wp-content\/uploads\/2026\/07\/01fc0f12-5186-4574-92a0-b389831b043c.jpg","articleSection":["Pol\u00edtica"],"inLanguage":"pt-BR","potentialAction":[{"@type":"CommentAction","name":"Comment","target":["https:\/\/maragoginews.com.br\/portal\/noticias\/geral\/politica\/renan-filho-anuncia-bolsa-por-merito-para-alunos-da-rede-estadual-e-reforca-compromisso-com-a-educacao\/#respond"]}]},{"@type":"WebPage","@id":"https:\/\/maragoginews.com.br\/portal\/noticias\/geral\/politica\/renan-filho-anuncia-bolsa-por-merito-para-alunos-da-rede-estadual-e-reforca-compromisso-com-a-educacao\/","url":"https:\/\/maragoginews.com.br\/portal\/noticias\/geral\/politica\/renan-filho-anuncia-bolsa-por-merito-para-alunos-da-rede-estadual-e-reforca-compromisso-com-a-educacao\/","name":"Renan Filho anuncia bolsa por m\u00e9rito para alunos da rede estadual e refor\u00e7a compromisso com a educa\u00e7\u00e3o - Maragogi News","isPartOf":{"@id":"https:\/\/maragoginews.com.br\/portal\/#website"},"primaryImageOfPage":{"@id":"https:\/\/maragoginews.com.br\/portal\/noticias\/geral\/politica\/renan-filho-anuncia-bolsa-por-merito-para-alunos-da-rede-estadual-e-reforca-compromisso-com-a-educacao\/#primaryimage"},"image":{"@id":"https:\/\/maragoginews.com.br\/portal\/noticias\/geral\/politica\/renan-filho-anuncia-bolsa-por-merito-para-alunos-da-rede-estadual-e-reforca-compromisso-com-a-educacao\/#primaryimage"},"thumbnailUrl":"https:\/\/maragoginews.com.br\/portal\/wp-content\/uploads\/2026\/07\/01fc0f12-5186-4574-92a0-b389831b043c.jpg","datePublished":"2026-07-25T23:38:55+00:00","breadcrumb":{"@id":"https:\/\/maragoginews.com.br\/portal\/noticias\/geral\/politica\/renan-filho-anuncia-bolsa-por-merito-para-alunos-da-rede-estadual-e-reforca-compromisso-com-a-educacao\/#breadcrumb"},"inLanguage":"pt-BR","potentialAction":[{"@type":"ReadAction","target":["https:\/\/maragoginews.com.br\/portal\/noticias\/geral\/politica\/renan-filho-anuncia-bolsa-por-merito-para-alunos-da-rede-estadual-e-reforca-compromisso-com-a-educacao\/"]}]},{"@type":"ImageObject","inLanguage":"pt-BR","@id":"https:\/\/maragoginews.com.br\/portal\/noticias\/geral\/politica\/renan-filho-anuncia-bolsa-por-merito-para-alunos-da-rede-estadual-e-reforca-compromisso-com-a-educacao\/#primaryimage","url":"https:\/\/maragoginews.com.br\/portal\/wp-content\/uploads\/2026\/07\/01fc0f12-5186-4574-92a0-b389831b043c.jpg","contentUrl":"https:\/\/maragoginews.com.br\/portal\/wp-content\/uploads\/2026\/07\/01fc0f12-5186-4574-92a0-b389831b043c.jpg","width":970,"height":647},{"@type":"BreadcrumbList","@id":"https:\/\/maragoginews.com.br\/portal\/noticias\/geral\/politica\/renan-filho-anuncia-bolsa-por-merito-para-alunos-da-rede-estadual-e-reforca-compromisso-com-a-educacao\/#breadcrumb","itemListElement":[{"@type":"ListItem","position":1,"name":"In\u00edcio","item":"https:\/\/maragoginews.com.br\/portal\/"},{"@type":"ListItem","position":2,"name":"Renan Filho anuncia bolsa por m\u00e9rito para alunos da rede estadual e refor\u00e7a compromisso com a educa\u00e7\u00e3o"}]},{"@type":"WebSite","@id":"https:\/\/maragoginews.com.br\/portal\/#website","url":"https:\/\/maragoginews.com.br\/portal\/","name":"Maragogi News","description":"Portal de Not\u00edcias","publisher":{"@id":"https:\/\/maragoginews.com.br\/portal\/#organization"},"potentialAction":[{"@type":"SearchAction","target":{"@type":"EntryPoint","urlTemplate":"https:\/\/maragoginews.com.br\/portal\/?s={search_term_string}"},"query-input":{"@type":"PropertyValueSpecification","valueRequired":true,"valueName":"search_term_string"}}],"inLanguage":"pt-BR"},{"@type":"Organization","@id":"https:\/\/maragoginews.com.br\/portal\/#organization","name":"Maragogi News","url":"https:\/\/maragoginews.com.br\/portal\/","logo":{"@type":"ImageObject","inLanguage":"pt-BR","@id":"https:\/\/maragoginews.com.br\/portal\/#\/schema\/logo\/image\/","url":"https:\/\/maragoginews.com.br\/portal\/wp-content\/uploads\/2020\/10\/mn.png","contentUrl":"https:\/\/maragoginews.com.br\/portal\/wp-content\/uploads\/2020\/10\/mn.png","width":305,"height":50,"caption":"Maragogi News"},"image":{"@id":"https:\/\/maragoginews.com.br\/portal\/#\/schema\/logo\/image\/"}},{"@type":"Person","@id":"https:\/\/maragoginews.com.br\/portal\/#\/schema\/person\/a445323773becef66921958b9c97b6e1","name":"Reda\u00e7\u00e3o","image":{"@type":"ImageObject","inLanguage":"pt-BR","@id":"https:\/\/maragoginews.com.br\/portal\/#\/schema\/person\/image\/","url":"https:\/\/maragoginews.com.br\/portal\/wp-content\/uploads\/2020\/12\/redacao.jpg","contentUrl":"https:\/\/maragoginews.com.br\/portal\/wp-content\/uploads\/2020\/12\/redacao.jpg","caption":"Reda\u00e7\u00e3o"},"sameAs":["http:\/\/maragoginews.com.br\/"],"url":"https:\/\/maragoginews.com.br\/portal\/author\/redacao\/"}]}},"_links":{"self":[{"href":"https:\/\/maragoginews.com.br\/portal\/wp-json\/wp\/v2\/posts\/25810","targetHints":{"allow":["GET"]}}],"collection":[{"href":"https:\/\/maragoginews.com.br\/portal\/wp-json\/wp\/v2\/posts"}],"about":[{"href":"https:\/\/maragoginews.com.br\/portal\/wp-json\/wp\/v2\/types\/post"}],"author":[{"embeddable":true,"href":"https:\/\/maragoginews.com.br\/portal\/wp-json\/wp\/v2\/users\/3"}],"replies":[{"embeddable":true,"href":"https:\/\/maragoginews.com.br\/portal\/wp-json\/wp\/v2\/comments?post=25810"}],"version-history":[{"count":1,"href":"https:\/\/maragoginews.com.br\/portal\/wp-json\/wp\/v2\/posts\/25810\/revisions"}],"predecessor-version":[{"id":25812,"href":"https:\/\/maragoginews.com.br\/portal\/wp-json\/wp\/v2\/posts\/25810\/revisions\/25812"}],"wp:featuredmedia":[{"embeddable":true,"href":"https:\/\/maragoginews.com.br\/portal\/wp-json\/wp\/v2\/media\/25811"}],"wp:attachment":[{"href":"https:\/\/maragoginews.com.br\/portal\/wp-json\/wp\/v2\/media?parent=25810"}],"wp:term":[{"taxonomy":"category","embeddable":true,"href":"https:\/\/maragoginews.com.br\/portal\/wp-json\/wp\/v2\/categories?post=25810"},{"taxonomy":"post_tag","embeddable":true,"href":"https:\/\/maragoginews.com.br\/portal\/wp-json\/wp\/v2\/tags?post=25810"}],"curies":[{"name":"wp","href":"https:\/\/api.w.org\/{rel}","templated":true}]}}