{"id":25934,"date":"2026-08-08T10:16:12","date_gmt":"2026-08-08T13:16:12","guid":{"rendered":"https:\/\/maragoginews.com.br\/portal\/?p=25934"},"modified":"2026-08-08T10:16:12","modified_gmt":"2026-08-08T13:16:12","slug":"5a-corrida-do-dia-dos-pais-reune-600-participantes-neste-domingo-em-maragogi","status":"publish","type":"post","link":"https:\/\/maragoginews.com.br\/portal\/noticias\/geral\/5a-corrida-do-dia-dos-pais-reune-600-participantes-neste-domingo-em-maragogi\/","title":{"rendered":"5\u00aa Corrida do Dia dos Pais re\u00fane 600 participantes neste domingo em Maragogi"},"content":{"rendered":"<p>Maragogi recebe, neste domingo (9), a 5\u00aa edi\u00e7\u00e3o da Corrida do Dia dos Pais, evento esportivo organizado pela Equipe Vencedores por Cristo. A programa\u00e7\u00e3o deve reunir cerca de 600 participantes e promete movimentar as principais ruas da cidade em uma manh\u00e3 dedicada ao esporte, \u00e0 sa\u00fade e \u00e0 confraterniza\u00e7\u00e3o.<\/p>\n<p>A concentra\u00e7\u00e3o dos atletas est\u00e1 marcada para as 5h30, na Pra\u00e7a de Eventos, orla mar\u00edtima, onde tamb\u00e9m ocorrer\u00e3o a largada e a chegada da prova. A corrida principal ter\u00e1 in\u00edcio \u00e0s 6h30, com um percurso de 5 quil\u00f4metros pelas principais ruas de Maragogi.<\/p>\n<p>A programa\u00e7\u00e3o tamb\u00e9m contar\u00e1 com a Corrida Kids, com largada prevista para as 7h30, proporcionando um momento de participa\u00e7\u00e3o para as crian\u00e7as e ampliando o car\u00e1ter familiar do evento.<\/p>\n<p><img fetchpriority=\"high\" decoding=\"async\" class=\"aligncenter wp-image-25936 size-full\" src=\"https:\/\/maragoginews.com.br\/portal\/wp-content\/uploads\/2026\/08\/394de656-b8b6-461f-bd55-d7917b867ebe-scaled.jpg\" alt=\"\" width=\"970\" height=\"728\" srcset=\"https:\/\/maragoginews.com.br\/portal\/wp-content\/uploads\/2026\/08\/394de656-b8b6-461f-bd55-d7917b867ebe-scaled.jpg 970w, https:\/\/maragoginews.com.br\/portal\/wp-content\/uploads\/2026\/08\/394de656-b8b6-461f-bd55-d7917b867ebe-400x300.jpg 400w, https:\/\/maragoginews.com.br\/portal\/wp-content\/uploads\/2026\/08\/394de656-b8b6-461f-bd55-d7917b867ebe-780x585.jpg 780w, https:\/\/maragoginews.com.br\/portal\/wp-content\/uploads\/2026\/08\/394de656-b8b6-461f-bd55-d7917b867ebe-150x113.jpg 150w, https:\/\/maragoginews.com.br\/portal\/wp-content\/uploads\/2026\/08\/394de656-b8b6-461f-bd55-d7917b867ebe-768x576.jpg 768w, https:\/\/maragoginews.com.br\/portal\/wp-content\/uploads\/2026\/08\/394de656-b8b6-461f-bd55-d7917b867ebe-1536x1152.jpg 1536w, https:\/\/maragoginews.com.br\/portal\/wp-content\/uploads\/2026\/08\/394de656-b8b6-461f-bd55-d7917b867ebe-2048x1536.jpg 2048w\" sizes=\"(max-width: 970px) 100vw, 970px\" \/><\/p>\n<h3>Premia\u00e7\u00e3o<\/h3>\n<p>A competi\u00e7\u00e3o ter\u00e1 premia\u00e7\u00e3o nas categorias geral, local e por faixa et\u00e1ria, contemplando participantes dos g\u00eaneros masculino e feminino.<\/p>\n<p>Ao todo, ser\u00e3o distribu\u00eddos 42 trof\u00e9us. Tamb\u00e9m haver\u00e1 premia\u00e7\u00e3o em dinheiro para as categorias geral e local, contemplando os tr\u00eas primeiros colocados de cada uma delas, do 1\u00ba ao 3\u00ba lugar.<\/p>\n<p>Com cinco edi\u00e7\u00f5es, a Corrida do Dia dos Pais se consolida como uma das atividades esportivas que integram a programa\u00e7\u00e3o do munic\u00edpio e re\u00fane corredores profissionais e amadores em um percurso que passa por diferentes pontos de Maragogi.<\/p>\n<p>A organiza\u00e7\u00e3o espera que a quinta edi\u00e7\u00e3o mantenha o esp\u00edrito das anteriores, promovendo esporte, integra\u00e7\u00e3o e participa\u00e7\u00e3o das fam\u00edlias em uma celebra\u00e7\u00e3o especial pelo Dia dos Pais.<\/p>\n","protected":false},"excerpt":{"rendered":"<p>Evento organizado pela Equipe Vencedores por Cristo ter\u00e1 percurso de 5 km pelas principais ruas da cidade e contar\u00e1 tamb\u00e9m com corrida kids<\/p>\n","protected":false},"author":3,"featured_media":25935,"comment_status":"open","ping_status":"open","sticky":false,"template":"","format":"standard","meta":{"footnotes":""},"categories":[21],"tags":[],"class_list":["post-25934","post","type-post","status-publish","format-standard","has-post-thumbnail","hentry","category-geral","posicao_chamadas-destaque-grande"],"yoast_head":"<!-- This site is optimized with the Yoast SEO plugin v26.6 - https:\/\/yoast.com\/wordpress\/plugins\/seo\/ -->\n<title>5\u00aa Corrida do Dia dos Pais re\u00fane 600 participantes neste domingo em Maragogi - Maragogi News<\/title>\n<meta name=\"robots\" content=\"index, follow, max-snippet:-1, max-image-preview:large, max-video-preview:-1\" \/>\n<link rel=\"canonical\" href=\"https:\/\/maragoginews.com.br\/portal\/noticias\/geral\/5a-corrida-do-dia-dos-pais-reune-600-participantes-neste-domingo-em-maragogi\/\" \/>\n<meta property=\"og:locale\" content=\"pt_BR\" \/>\n<meta property=\"og:type\" content=\"article\" \/>\n<meta property=\"og:title\" content=\"5\u00aa Corrida do Dia dos Pais re\u00fane 600 participantes neste domingo em Maragogi - Maragogi News\" \/>\n<meta property=\"og:description\" content=\"Evento organizado pela Equipe Vencedores por Cristo ter\u00e1 percurso de 5 km pelas principais ruas da cidade e contar\u00e1 tamb\u00e9m com corrida kids\" \/>\n<meta property=\"og:url\" content=\"https:\/\/maragoginews.com.br\/portal\/noticias\/geral\/5a-corrida-do-dia-dos-pais-reune-600-participantes-neste-domingo-em-maragogi\/\" \/>\n<meta property=\"og:site_name\" content=\"Maragogi News\" \/>\n<meta property=\"article:published_time\" content=\"2026-08-08T13:16:12+00:00\" \/>\n<meta property=\"og:image\" content=\"https:\/\/maragoginews.com.br\/portal\/wp-content\/uploads\/2026\/08\/fe8a5354-2622-47aa-97af-d346699755b4.jpg\" \/>\n\t<meta property=\"og:image:width\" content=\"1024\" \/>\n\t<meta property=\"og:image:height\" content=\"1536\" \/>\n\t<meta property=\"og:image:type\" content=\"image\/jpeg\" \/>\n<meta name=\"author\" content=\"Reda\u00e7\u00e3o\" \/>\n<meta name=\"twitter:card\" content=\"summary_large_image\" \/>\n<meta name=\"twitter:label1\" content=\"Escrito por\" \/>\n\t<meta name=\"twitter:data1\" content=\"Reda\u00e7\u00e3o\" \/>\n\t<meta name=\"twitter:label2\" content=\"Est. tempo de leitura\" \/>\n\t<meta name=\"twitter:data2\" content=\"2 minutos\" \/>\n<script type=\"application\/ld+json\" class=\"yoast-schema-graph\">{\"@context\":\"https:\/\/schema.org\",\"@graph\":[{\"@type\":\"Article\",\"@id\":\"https:\/\/maragoginews.com.br\/portal\/noticias\/geral\/5a-corrida-do-dia-dos-pais-reune-600-participantes-neste-domingo-em-maragogi\/#article\",\"isPartOf\":{\"@id\":\"https:\/\/maragoginews.com.br\/portal\/noticias\/geral\/5a-corrida-do-dia-dos-pais-reune-600-participantes-neste-domingo-em-maragogi\/\"},\"author\":{\"name\":\"Reda\u00e7\u00e3o\",\"@id\":\"https:\/\/maragoginews.com.br\/portal\/#\/schema\/person\/a445323773becef66921958b9c97b6e1\"},\"headline\":\"5\u00aa Corrida do Dia dos Pais re\u00fane 600 participantes neste domingo em Maragogi\",\"datePublished\":\"2026-08-08T13:16:12+00:00\",\"mainEntityOfPage\":{\"@id\":\"https:\/\/maragoginews.com.br\/portal\/noticias\/geral\/5a-corrida-do-dia-dos-pais-reune-600-participantes-neste-domingo-em-maragogi\/\"},\"wordCount\":278,\"commentCount\":0,\"publisher\":{\"@id\":\"https:\/\/maragoginews.com.br\/portal\/#organization\"},\"image\":{\"@id\":\"https:\/\/maragoginews.com.br\/portal\/noticias\/geral\/5a-corrida-do-dia-dos-pais-reune-600-participantes-neste-domingo-em-maragogi\/#primaryimage\"},\"thumbnailUrl\":\"https:\/\/maragoginews.com.br\/portal\/wp-content\/uploads\/2026\/08\/fe8a5354-2622-47aa-97af-d346699755b4.jpg\",\"articleSection\":[\"Geral\"],\"inLanguage\":\"pt-BR\",\"potentialAction\":[{\"@type\":\"CommentAction\",\"name\":\"Comment\",\"target\":[\"https:\/\/maragoginews.com.br\/portal\/noticias\/geral\/5a-corrida-do-dia-dos-pais-reune-600-participantes-neste-domingo-em-maragogi\/#respond\"]}]},{\"@type\":\"WebPage\",\"@id\":\"https:\/\/maragoginews.com.br\/portal\/noticias\/geral\/5a-corrida-do-dia-dos-pais-reune-600-participantes-neste-domingo-em-maragogi\/\",\"url\":\"https:\/\/maragoginews.com.br\/portal\/noticias\/geral\/5a-corrida-do-dia-dos-pais-reune-600-participantes-neste-domingo-em-maragogi\/\",\"name\":\"5\u00aa Corrida do Dia dos Pais re\u00fane 600 participantes neste domingo em Maragogi - Maragogi News\",\"isPartOf\":{\"@id\":\"https:\/\/maragoginews.com.br\/portal\/#website\"},\"primaryImageOfPage\":{\"@id\":\"https:\/\/maragoginews.com.br\/portal\/noticias\/geral\/5a-corrida-do-dia-dos-pais-reune-600-participantes-neste-domingo-em-maragogi\/#primaryimage\"},\"image\":{\"@id\":\"https:\/\/maragoginews.com.br\/portal\/noticias\/geral\/5a-corrida-do-dia-dos-pais-reune-600-participantes-neste-domingo-em-maragogi\/#primaryimage\"},\"thumbnailUrl\":\"https:\/\/maragoginews.com.br\/portal\/wp-content\/uploads\/2026\/08\/fe8a5354-2622-47aa-97af-d346699755b4.jpg\",\"datePublished\":\"2026-08-08T13:16:12+00:00\",\"breadcrumb\":{\"@id\":\"https:\/\/maragoginews.com.br\/portal\/noticias\/geral\/5a-corrida-do-dia-dos-pais-reune-600-participantes-neste-domingo-em-maragogi\/#breadcrumb\"},\"inLanguage\":\"pt-BR\",\"potentialAction\":[{\"@type\":\"ReadAction\",\"target\":[\"https:\/\/maragoginews.com.br\/portal\/noticias\/geral\/5a-corrida-do-dia-dos-pais-reune-600-participantes-neste-domingo-em-maragogi\/\"]}]},{\"@type\":\"ImageObject\",\"inLanguage\":\"pt-BR\",\"@id\":\"https:\/\/maragoginews.com.br\/portal\/noticias\/geral\/5a-corrida-do-dia-dos-pais-reune-600-participantes-neste-domingo-em-maragogi\/#primaryimage\",\"url\":\"https:\/\/maragoginews.com.br\/portal\/wp-content\/uploads\/2026\/08\/fe8a5354-2622-47aa-97af-d346699755b4.jpg\",\"contentUrl\":\"https:\/\/maragoginews.com.br\/portal\/wp-content\/uploads\/2026\/08\/fe8a5354-2622-47aa-97af-d346699755b4.jpg\",\"width\":1024,\"height\":1536},{\"@type\":\"BreadcrumbList\",\"@id\":\"https:\/\/maragoginews.com.br\/portal\/noticias\/geral\/5a-corrida-do-dia-dos-pais-reune-600-participantes-neste-domingo-em-maragogi\/#breadcrumb\",\"itemListElement\":[{\"@type\":\"ListItem\",\"position\":1,\"name\":\"In\u00edcio\",\"item\":\"https:\/\/maragoginews.com.br\/portal\/\"},{\"@type\":\"ListItem\",\"position\":2,\"name\":\"5\u00aa Corrida do Dia dos Pais re\u00fane 600 participantes neste domingo em Maragogi\"}]},{\"@type\":\"WebSite\",\"@id\":\"https:\/\/maragoginews.com.br\/portal\/#website\",\"url\":\"https:\/\/maragoginews.com.br\/portal\/\",\"name\":\"Maragogi News\",\"description\":\"Portal de Not\u00edcias\",\"publisher\":{\"@id\":\"https:\/\/maragoginews.com.br\/portal\/#organization\"},\"potentialAction\":[{\"@type\":\"SearchAction\",\"target\":{\"@type\":\"EntryPoint\",\"urlTemplate\":\"https:\/\/maragoginews.com.br\/portal\/?s={search_term_string}\"},\"query-input\":{\"@type\":\"PropertyValueSpecification\",\"valueRequired\":true,\"valueName\":\"search_term_string\"}}],\"inLanguage\":\"pt-BR\"},{\"@type\":\"Organization\",\"@id\":\"https:\/\/maragoginews.com.br\/portal\/#organization\",\"name\":\"Maragogi News\",\"url\":\"https:\/\/maragoginews.com.br\/portal\/\",\"logo\":{\"@type\":\"ImageObject\",\"inLanguage\":\"pt-BR\",\"@id\":\"https:\/\/maragoginews.com.br\/portal\/#\/schema\/logo\/image\/\",\"url\":\"https:\/\/maragoginews.com.br\/portal\/wp-content\/uploads\/2020\/10\/mn.png\",\"contentUrl\":\"https:\/\/maragoginews.com.br\/portal\/wp-content\/uploads\/2020\/10\/mn.png\",\"width\":305,\"height\":50,\"caption\":\"Maragogi News\"},\"image\":{\"@id\":\"https:\/\/maragoginews.com.br\/portal\/#\/schema\/logo\/image\/\"}},{\"@type\":\"Person\",\"@id\":\"https:\/\/maragoginews.com.br\/portal\/#\/schema\/person\/a445323773becef66921958b9c97b6e1\",\"name\":\"Reda\u00e7\u00e3o\",\"image\":{\"@type\":\"ImageObject\",\"inLanguage\":\"pt-BR\",\"@id\":\"https:\/\/maragoginews.com.br\/portal\/#\/schema\/person\/image\/\",\"url\":\"https:\/\/maragoginews.com.br\/portal\/wp-content\/uploads\/2020\/12\/redacao.jpg\",\"contentUrl\":\"https:\/\/maragoginews.com.br\/portal\/wp-content\/uploads\/2020\/12\/redacao.jpg\",\"caption\":\"Reda\u00e7\u00e3o\"},\"sameAs\":[\"http:\/\/maragoginews.com.br\/\"],\"url\":\"https:\/\/maragoginews.com.br\/portal\/author\/redacao\/\"}]}<\/script>\n<!-- \/ Yoast SEO plugin. -->","yoast_head_json":{"title":"5\u00aa Corrida do Dia dos Pais re\u00fane 600 participantes neste domingo em Maragogi - Maragogi News","robots":{"index":"index","follow":"follow","max-snippet":"max-snippet:-1","max-image-preview":"max-image-preview:large","max-video-preview":"max-video-preview:-1"},"canonical":"https:\/\/maragoginews.com.br\/portal\/noticias\/geral\/5a-corrida-do-dia-dos-pais-reune-600-participantes-neste-domingo-em-maragogi\/","og_locale":"pt_BR","og_type":"article","og_title":"5\u00aa Corrida do Dia dos Pais re\u00fane 600 participantes neste domingo em Maragogi - Maragogi News","og_description":"Evento organizado pela Equipe Vencedores por Cristo ter\u00e1 percurso de 5 km pelas principais ruas da cidade e contar\u00e1 tamb\u00e9m com corrida kids","og_url":"https:\/\/maragoginews.com.br\/portal\/noticias\/geral\/5a-corrida-do-dia-dos-pais-reune-600-participantes-neste-domingo-em-maragogi\/","og_site_name":"Maragogi News","article_published_time":"2026-08-08T13:16:12+00:00","og_image":[{"width":1024,"height":1536,"url":"https:\/\/maragoginews.com.br\/portal\/wp-content\/uploads\/2026\/08\/fe8a5354-2622-47aa-97af-d346699755b4.jpg","type":"image\/jpeg"}],"author":"Reda\u00e7\u00e3o","twitter_card":"summary_large_image","twitter_misc":{"Escrito por":"Reda\u00e7\u00e3o","Est. tempo de leitura":"2 minutos"},"schema":{"@context":"https:\/\/schema.org","@graph":[{"@type":"Article","@id":"https:\/\/maragoginews.com.br\/portal\/noticias\/geral\/5a-corrida-do-dia-dos-pais-reune-600-participantes-neste-domingo-em-maragogi\/#article","isPartOf":{"@id":"https:\/\/maragoginews.com.br\/portal\/noticias\/geral\/5a-corrida-do-dia-dos-pais-reune-600-participantes-neste-domingo-em-maragogi\/"},"author":{"name":"Reda\u00e7\u00e3o","@id":"https:\/\/maragoginews.com.br\/portal\/#\/schema\/person\/a445323773becef66921958b9c97b6e1"},"headline":"5\u00aa Corrida do Dia dos Pais re\u00fane 600 participantes neste domingo em Maragogi","datePublished":"2026-08-08T13:16:12+00:00","mainEntityOfPage":{"@id":"https:\/\/maragoginews.com.br\/portal\/noticias\/geral\/5a-corrida-do-dia-dos-pais-reune-600-participantes-neste-domingo-em-maragogi\/"},"wordCount":278,"commentCount":0,"publisher":{"@id":"https:\/\/maragoginews.com.br\/portal\/#organization"},"image":{"@id":"https:\/\/maragoginews.com.br\/portal\/noticias\/geral\/5a-corrida-do-dia-dos-pais-reune-600-participantes-neste-domingo-em-maragogi\/#primaryimage"},"thumbnailUrl":"https:\/\/maragoginews.com.br\/portal\/wp-content\/uploads\/2026\/08\/fe8a5354-2622-47aa-97af-d346699755b4.jpg","articleSection":["Geral"],"inLanguage":"pt-BR","potentialAction":[{"@type":"CommentAction","name":"Comment","target":["https:\/\/maragoginews.com.br\/portal\/noticias\/geral\/5a-corrida-do-dia-dos-pais-reune-600-participantes-neste-domingo-em-maragogi\/#respond"]}]},{"@type":"WebPage","@id":"https:\/\/maragoginews.com.br\/portal\/noticias\/geral\/5a-corrida-do-dia-dos-pais-reune-600-participantes-neste-domingo-em-maragogi\/","url":"https:\/\/maragoginews.com.br\/portal\/noticias\/geral\/5a-corrida-do-dia-dos-pais-reune-600-participantes-neste-domingo-em-maragogi\/","name":"5\u00aa Corrida do Dia dos Pais re\u00fane 600 participantes neste domingo em Maragogi - Maragogi News","isPartOf":{"@id":"https:\/\/maragoginews.com.br\/portal\/#website"},"primaryImageOfPage":{"@id":"https:\/\/maragoginews.com.br\/portal\/noticias\/geral\/5a-corrida-do-dia-dos-pais-reune-600-participantes-neste-domingo-em-maragogi\/#primaryimage"},"image":{"@id":"https:\/\/maragoginews.com.br\/portal\/noticias\/geral\/5a-corrida-do-dia-dos-pais-reune-600-participantes-neste-domingo-em-maragogi\/#primaryimage"},"thumbnailUrl":"https:\/\/maragoginews.com.br\/portal\/wp-content\/uploads\/2026\/08\/fe8a5354-2622-47aa-97af-d346699755b4.jpg","datePublished":"2026-08-08T13:16:12+00:00","breadcrumb":{"@id":"https:\/\/maragoginews.com.br\/portal\/noticias\/geral\/5a-corrida-do-dia-dos-pais-reune-600-participantes-neste-domingo-em-maragogi\/#breadcrumb"},"inLanguage":"pt-BR","potentialAction":[{"@type":"ReadAction","target":["https:\/\/maragoginews.com.br\/portal\/noticias\/geral\/5a-corrida-do-dia-dos-pais-reune-600-participantes-neste-domingo-em-maragogi\/"]}]},{"@type":"ImageObject","inLanguage":"pt-BR","@id":"https:\/\/maragoginews.com.br\/portal\/noticias\/geral\/5a-corrida-do-dia-dos-pais-reune-600-participantes-neste-domingo-em-maragogi\/#primaryimage","url":"https:\/\/maragoginews.com.br\/portal\/wp-content\/uploads\/2026\/08\/fe8a5354-2622-47aa-97af-d346699755b4.jpg","contentUrl":"https:\/\/maragoginews.com.br\/portal\/wp-content\/uploads\/2026\/08\/fe8a5354-2622-47aa-97af-d346699755b4.jpg","width":1024,"height":1536},{"@type":"BreadcrumbList","@id":"https:\/\/maragoginews.com.br\/portal\/noticias\/geral\/5a-corrida-do-dia-dos-pais-reune-600-participantes-neste-domingo-em-maragogi\/#breadcrumb","itemListElement":[{"@type":"ListItem","position":1,"name":"In\u00edcio","item":"https:\/\/maragoginews.com.br\/portal\/"},{"@type":"ListItem","position":2,"name":"5\u00aa Corrida do Dia dos Pais re\u00fane 600 participantes neste domingo em Maragogi"}]},{"@type":"WebSite","@id":"https:\/\/maragoginews.com.br\/portal\/#website","url":"https:\/\/maragoginews.com.br\/portal\/","name":"Maragogi News","description":"Portal de Not\u00edcias","publisher":{"@id":"https:\/\/maragoginews.com.br\/portal\/#organization"},"potentialAction":[{"@type":"SearchAction","target":{"@type":"EntryPoint","urlTemplate":"https:\/\/maragoginews.com.br\/portal\/?s={search_term_string}"},"query-input":{"@type":"PropertyValueSpecification","valueRequired":true,"valueName":"search_term_string"}}],"inLanguage":"pt-BR"},{"@type":"Organization","@id":"https:\/\/maragoginews.com.br\/portal\/#organization","name":"Maragogi News","url":"https:\/\/maragoginews.com.br\/portal\/","logo":{"@type":"ImageObject","inLanguage":"pt-BR","@id":"https:\/\/maragoginews.com.br\/portal\/#\/schema\/logo\/image\/","url":"https:\/\/maragoginews.com.br\/portal\/wp-content\/uploads\/2020\/10\/mn.png","contentUrl":"https:\/\/maragoginews.com.br\/portal\/wp-content\/uploads\/2020\/10\/mn.png","width":305,"height":50,"caption":"Maragogi News"},"image":{"@id":"https:\/\/maragoginews.com.br\/portal\/#\/schema\/logo\/image\/"}},{"@type":"Person","@id":"https:\/\/maragoginews.com.br\/portal\/#\/schema\/person\/a445323773becef66921958b9c97b6e1","name":"Reda\u00e7\u00e3o","image":{"@type":"ImageObject","inLanguage":"pt-BR","@id":"https:\/\/maragoginews.com.br\/portal\/#\/schema\/person\/image\/","url":"https:\/\/maragoginews.com.br\/portal\/wp-content\/uploads\/2020\/12\/redacao.jpg","contentUrl":"https:\/\/maragoginews.com.br\/portal\/wp-content\/uploads\/2020\/12\/redacao.jpg","caption":"Reda\u00e7\u00e3o"},"sameAs":["http:\/\/maragoginews.com.br\/"],"url":"https:\/\/maragoginews.com.br\/portal\/author\/redacao\/"}]}},"_links":{"self":[{"href":"https:\/\/maragoginews.com.br\/portal\/wp-json\/wp\/v2\/posts\/25934","targetHints":{"allow":["GET"]}}],"collection":[{"href":"https:\/\/maragoginews.com.br\/portal\/wp-json\/wp\/v2\/posts"}],"about":[{"href":"https:\/\/maragoginews.com.br\/portal\/wp-json\/wp\/v2\/types\/post"}],"author":[{"embeddable":true,"href":"https:\/\/maragoginews.com.br\/portal\/wp-json\/wp\/v2\/users\/3"}],"replies":[{"embeddable":true,"href":"https:\/\/maragoginews.com.br\/portal\/wp-json\/wp\/v2\/comments?post=25934"}],"version-history":[{"count":1,"href":"https:\/\/maragoginews.com.br\/portal\/wp-json\/wp\/v2\/posts\/25934\/revisions"}],"predecessor-version":[{"id":25937,"href":"https:\/\/maragoginews.com.br\/portal\/wp-json\/wp\/v2\/posts\/25934\/revisions\/25937"}],"wp:featuredmedia":[{"embeddable":true,"href":"https:\/\/maragoginews.com.br\/portal\/wp-json\/wp\/v2\/media\/25935"}],"wp:attachment":[{"href":"https:\/\/maragoginews.com.br\/portal\/wp-json\/wp\/v2\/media?parent=25934"}],"wp:term":[{"taxonomy":"category","embeddable":true,"href":"https:\/\/maragoginews.com.br\/portal\/wp-json\/wp\/v2\/categories?post=25934"},{"taxonomy":"post_tag","embeddable":true,"href":"https:\/\/maragoginews.com.br\/portal\/wp-json\/wp\/v2\/tags?post=25934"}],"curies":[{"name":"wp","href":"https:\/\/api.w.org\/{rel}","templated":true}]}}