{"id":26160,"date":"2026-08-30T10:29:49","date_gmt":"2026-08-30T13:29:49","guid":{"rendered":"https:\/\/maragoginews.com.br\/portal\/?p=26160"},"modified":"2026-08-30T10:29:49","modified_gmt":"2026-08-30T13:29:49","slug":"homem-apontado-como-integrante-do-trafico-morre-apos-confronto-com-a-pm-em-maragogi","status":"publish","type":"post","link":"https:\/\/maragoginews.com.br\/portal\/noticias\/geral\/policia\/homem-apontado-como-integrante-do-trafico-morre-apos-confronto-com-a-pm-em-maragogi\/","title":{"rendered":"Homem apontado como integrante do tr\u00e1fico morre ap\u00f3s confronto com a PM em Maragogi"},"content":{"rendered":"<p>Um homem conhecido pelo vulgo de \u201cLukinha\u201d morreu ap\u00f3s um confronto com policiais militares, na tarde deste s\u00e1bado (29), na regi\u00e3o de Ponta de Mangue, em Maragogi, no Litoral Norte de Alagoas.<\/p>\n<p>De acordo com as informa\u00e7\u00f5es registradas na ocorr\u00eancia, uma guarni\u00e7\u00e3o da RP 02 realizava patrulhamento pela regi\u00e3o quando recebeu relatos de moradores sobre disparos de arma de fogo provenientes de uma \u00e1rea de mata.<\/p>\n<p>Os policiais foram at\u00e9 o local para averiguar a den\u00fancia e localizaram um suspeito. Conforme o relato da equipe, o homem teria efetuado disparos contra os militares, que reagiram. Durante o confronto, ele foi atingido.<\/p>\n<p>O suspeito ainda foi socorrido com vida e encaminhado para a Unidade de Pronto Atendimento (UPA) de Maragogi, mas n\u00e3o resistiu aos ferimentos e morreu posteriormente.<\/p>\n<p>Segundo informa\u00e7\u00f5es preliminares repassadas \u00e0 pol\u00edcia, \u201cLukinha\u201d seria apontado como integrante do tr\u00e1fico de drogas na regi\u00e3o e tamb\u00e9m seria suspeito de envolvimento em homic\u00eddios. As acusa\u00e7\u00f5es dever\u00e3o ser investigadas e confirmadas pelas autoridades respons\u00e1veis.<\/p>\n<p>Durante a ocorr\u00eancia, os policiais apreenderam um rev\u00f3lver Ross calibre .38 e aproximadamente 424 gramas de maconha.<\/p>\n<p>A ocorr\u00eancia foi apresentada no CISP de Matriz de Camaragibe, onde foram realizados os procedimentos legais.<\/p>\n","protected":false},"excerpt":{"rendered":"<p>Suspeito, conhecido pelo vulgo de \u201cLukinha\u201d, teria atirado contra policiais durante abordagem em uma \u00e1rea de mata, na regi\u00e3o de Ponta de Mangue<\/p>\n","protected":false},"author":3,"featured_media":26161,"comment_status":"open","ping_status":"open","sticky":false,"template":"","format":"standard","meta":{"footnotes":""},"categories":[32],"tags":[],"class_list":["post-26160","post","type-post","status-publish","format-standard","has-post-thumbnail","hentry","category-policia","posicao_chamadas-destaque-pequeno"],"yoast_head":"<!-- This site is optimized with the Yoast SEO plugin v26.6 - https:\/\/yoast.com\/wordpress\/plugins\/seo\/ -->\n<title>Homem apontado como integrante do tr\u00e1fico morre ap\u00f3s confronto com a PM em Maragogi - Maragogi News<\/title>\n<meta name=\"robots\" content=\"index, follow, max-snippet:-1, max-image-preview:large, max-video-preview:-1\" \/>\n<link rel=\"canonical\" href=\"https:\/\/maragoginews.com.br\/portal\/noticias\/geral\/policia\/homem-apontado-como-integrante-do-trafico-morre-apos-confronto-com-a-pm-em-maragogi\/\" \/>\n<meta property=\"og:locale\" content=\"pt_BR\" \/>\n<meta property=\"og:type\" content=\"article\" \/>\n<meta property=\"og:title\" content=\"Homem apontado como integrante do tr\u00e1fico morre ap\u00f3s confronto com a PM em Maragogi - Maragogi News\" \/>\n<meta property=\"og:description\" content=\"Suspeito, conhecido pelo vulgo de \u201cLukinha\u201d, teria atirado contra policiais durante abordagem em uma \u00e1rea de mata, na regi\u00e3o de Ponta de Mangue\" \/>\n<meta property=\"og:url\" content=\"https:\/\/maragoginews.com.br\/portal\/noticias\/geral\/policia\/homem-apontado-como-integrante-do-trafico-morre-apos-confronto-com-a-pm-em-maragogi\/\" \/>\n<meta property=\"og:site_name\" content=\"Maragogi News\" \/>\n<meta property=\"article:published_time\" content=\"2026-08-30T13:29:49+00:00\" \/>\n<meta property=\"og:image\" content=\"https:\/\/maragoginews.com.br\/portal\/wp-content\/uploads\/2026\/08\/captura-da-web-19-7-2022-8573-g1globo-com-768x508-3.webp\" \/>\n\t<meta property=\"og:image:width\" content=\"825\" \/>\n\t<meta property=\"og:image:height\" content=\"545\" \/>\n\t<meta property=\"og:image:type\" content=\"image\/webp\" \/>\n<meta name=\"author\" content=\"Reda\u00e7\u00e3o\" \/>\n<meta name=\"twitter:card\" content=\"summary_large_image\" \/>\n<meta name=\"twitter:label1\" content=\"Escrito por\" \/>\n\t<meta name=\"twitter:data1\" content=\"Reda\u00e7\u00e3o\" \/>\n\t<meta name=\"twitter:label2\" content=\"Est. tempo de leitura\" \/>\n\t<meta name=\"twitter:data2\" content=\"2 minutos\" \/>\n<script type=\"application\/ld+json\" class=\"yoast-schema-graph\">{\"@context\":\"https:\/\/schema.org\",\"@graph\":[{\"@type\":\"Article\",\"@id\":\"https:\/\/maragoginews.com.br\/portal\/noticias\/geral\/policia\/homem-apontado-como-integrante-do-trafico-morre-apos-confronto-com-a-pm-em-maragogi\/#article\",\"isPartOf\":{\"@id\":\"https:\/\/maragoginews.com.br\/portal\/noticias\/geral\/policia\/homem-apontado-como-integrante-do-trafico-morre-apos-confronto-com-a-pm-em-maragogi\/\"},\"author\":{\"name\":\"Reda\u00e7\u00e3o\",\"@id\":\"https:\/\/maragoginews.com.br\/portal\/#\/schema\/person\/a445323773becef66921958b9c97b6e1\"},\"headline\":\"Homem apontado como integrante do tr\u00e1fico morre ap\u00f3s confronto com a PM em Maragogi\",\"datePublished\":\"2026-08-30T13:29:49+00:00\",\"mainEntityOfPage\":{\"@id\":\"https:\/\/maragoginews.com.br\/portal\/noticias\/geral\/policia\/homem-apontado-como-integrante-do-trafico-morre-apos-confronto-com-a-pm-em-maragogi\/\"},\"wordCount\":227,\"commentCount\":0,\"publisher\":{\"@id\":\"https:\/\/maragoginews.com.br\/portal\/#organization\"},\"image\":{\"@id\":\"https:\/\/maragoginews.com.br\/portal\/noticias\/geral\/policia\/homem-apontado-como-integrante-do-trafico-morre-apos-confronto-com-a-pm-em-maragogi\/#primaryimage\"},\"thumbnailUrl\":\"https:\/\/maragoginews.com.br\/portal\/wp-content\/uploads\/2026\/08\/captura-da-web-19-7-2022-8573-g1globo-com-768x508-3.webp\",\"articleSection\":[\"Pol\u00edcia\"],\"inLanguage\":\"pt-BR\",\"potentialAction\":[{\"@type\":\"CommentAction\",\"name\":\"Comment\",\"target\":[\"https:\/\/maragoginews.com.br\/portal\/noticias\/geral\/policia\/homem-apontado-como-integrante-do-trafico-morre-apos-confronto-com-a-pm-em-maragogi\/#respond\"]}]},{\"@type\":\"WebPage\",\"@id\":\"https:\/\/maragoginews.com.br\/portal\/noticias\/geral\/policia\/homem-apontado-como-integrante-do-trafico-morre-apos-confronto-com-a-pm-em-maragogi\/\",\"url\":\"https:\/\/maragoginews.com.br\/portal\/noticias\/geral\/policia\/homem-apontado-como-integrante-do-trafico-morre-apos-confronto-com-a-pm-em-maragogi\/\",\"name\":\"Homem apontado como integrante do tr\u00e1fico morre ap\u00f3s confronto com a PM em Maragogi - Maragogi News\",\"isPartOf\":{\"@id\":\"https:\/\/maragoginews.com.br\/portal\/#website\"},\"primaryImageOfPage\":{\"@id\":\"https:\/\/maragoginews.com.br\/portal\/noticias\/geral\/policia\/homem-apontado-como-integrante-do-trafico-morre-apos-confronto-com-a-pm-em-maragogi\/#primaryimage\"},\"image\":{\"@id\":\"https:\/\/maragoginews.com.br\/portal\/noticias\/geral\/policia\/homem-apontado-como-integrante-do-trafico-morre-apos-confronto-com-a-pm-em-maragogi\/#primaryimage\"},\"thumbnailUrl\":\"https:\/\/maragoginews.com.br\/portal\/wp-content\/uploads\/2026\/08\/captura-da-web-19-7-2022-8573-g1globo-com-768x508-3.webp\",\"datePublished\":\"2026-08-30T13:29:49+00:00\",\"breadcrumb\":{\"@id\":\"https:\/\/maragoginews.com.br\/portal\/noticias\/geral\/policia\/homem-apontado-como-integrante-do-trafico-morre-apos-confronto-com-a-pm-em-maragogi\/#breadcrumb\"},\"inLanguage\":\"pt-BR\",\"potentialAction\":[{\"@type\":\"ReadAction\",\"target\":[\"https:\/\/maragoginews.com.br\/portal\/noticias\/geral\/policia\/homem-apontado-como-integrante-do-trafico-morre-apos-confronto-com-a-pm-em-maragogi\/\"]}]},{\"@type\":\"ImageObject\",\"inLanguage\":\"pt-BR\",\"@id\":\"https:\/\/maragoginews.com.br\/portal\/noticias\/geral\/policia\/homem-apontado-como-integrante-do-trafico-morre-apos-confronto-com-a-pm-em-maragogi\/#primaryimage\",\"url\":\"https:\/\/maragoginews.com.br\/portal\/wp-content\/uploads\/2026\/08\/captura-da-web-19-7-2022-8573-g1globo-com-768x508-3.webp\",\"contentUrl\":\"https:\/\/maragoginews.com.br\/portal\/wp-content\/uploads\/2026\/08\/captura-da-web-19-7-2022-8573-g1globo-com-768x508-3.webp\",\"width\":825,\"height\":545},{\"@type\":\"BreadcrumbList\",\"@id\":\"https:\/\/maragoginews.com.br\/portal\/noticias\/geral\/policia\/homem-apontado-como-integrante-do-trafico-morre-apos-confronto-com-a-pm-em-maragogi\/#breadcrumb\",\"itemListElement\":[{\"@type\":\"ListItem\",\"position\":1,\"name\":\"In\u00edcio\",\"item\":\"https:\/\/maragoginews.com.br\/portal\/\"},{\"@type\":\"ListItem\",\"position\":2,\"name\":\"Homem apontado como integrante do tr\u00e1fico morre ap\u00f3s confronto com a PM em Maragogi\"}]},{\"@type\":\"WebSite\",\"@id\":\"https:\/\/maragoginews.com.br\/portal\/#website\",\"url\":\"https:\/\/maragoginews.com.br\/portal\/\",\"name\":\"Maragogi News\",\"description\":\"Portal de Not\u00edcias\",\"publisher\":{\"@id\":\"https:\/\/maragoginews.com.br\/portal\/#organization\"},\"potentialAction\":[{\"@type\":\"SearchAction\",\"target\":{\"@type\":\"EntryPoint\",\"urlTemplate\":\"https:\/\/maragoginews.com.br\/portal\/?s={search_term_string}\"},\"query-input\":{\"@type\":\"PropertyValueSpecification\",\"valueRequired\":true,\"valueName\":\"search_term_string\"}}],\"inLanguage\":\"pt-BR\"},{\"@type\":\"Organization\",\"@id\":\"https:\/\/maragoginews.com.br\/portal\/#organization\",\"name\":\"Maragogi News\",\"url\":\"https:\/\/maragoginews.com.br\/portal\/\",\"logo\":{\"@type\":\"ImageObject\",\"inLanguage\":\"pt-BR\",\"@id\":\"https:\/\/maragoginews.com.br\/portal\/#\/schema\/logo\/image\/\",\"url\":\"https:\/\/maragoginews.com.br\/portal\/wp-content\/uploads\/2020\/10\/mn.png\",\"contentUrl\":\"https:\/\/maragoginews.com.br\/portal\/wp-content\/uploads\/2020\/10\/mn.png\",\"width\":305,\"height\":50,\"caption\":\"Maragogi News\"},\"image\":{\"@id\":\"https:\/\/maragoginews.com.br\/portal\/#\/schema\/logo\/image\/\"}},{\"@type\":\"Person\",\"@id\":\"https:\/\/maragoginews.com.br\/portal\/#\/schema\/person\/a445323773becef66921958b9c97b6e1\",\"name\":\"Reda\u00e7\u00e3o\",\"image\":{\"@type\":\"ImageObject\",\"inLanguage\":\"pt-BR\",\"@id\":\"https:\/\/maragoginews.com.br\/portal\/#\/schema\/person\/image\/\",\"url\":\"https:\/\/maragoginews.com.br\/portal\/wp-content\/uploads\/2020\/12\/redacao.jpg\",\"contentUrl\":\"https:\/\/maragoginews.com.br\/portal\/wp-content\/uploads\/2020\/12\/redacao.jpg\",\"caption\":\"Reda\u00e7\u00e3o\"},\"sameAs\":[\"http:\/\/maragoginews.com.br\/\"],\"url\":\"https:\/\/maragoginews.com.br\/portal\/author\/redacao\/\"}]}<\/script>\n<!-- \/ Yoast SEO plugin. -->","yoast_head_json":{"title":"Homem apontado como integrante do tr\u00e1fico morre ap\u00f3s confronto com a PM em Maragogi - Maragogi News","robots":{"index":"index","follow":"follow","max-snippet":"max-snippet:-1","max-image-preview":"max-image-preview:large","max-video-preview":"max-video-preview:-1"},"canonical":"https:\/\/maragoginews.com.br\/portal\/noticias\/geral\/policia\/homem-apontado-como-integrante-do-trafico-morre-apos-confronto-com-a-pm-em-maragogi\/","og_locale":"pt_BR","og_type":"article","og_title":"Homem apontado como integrante do tr\u00e1fico morre ap\u00f3s confronto com a PM em Maragogi - Maragogi News","og_description":"Suspeito, conhecido pelo vulgo de \u201cLukinha\u201d, teria atirado contra policiais durante abordagem em uma \u00e1rea de mata, na regi\u00e3o de Ponta de Mangue","og_url":"https:\/\/maragoginews.com.br\/portal\/noticias\/geral\/policia\/homem-apontado-como-integrante-do-trafico-morre-apos-confronto-com-a-pm-em-maragogi\/","og_site_name":"Maragogi News","article_published_time":"2026-08-30T13:29:49+00:00","og_image":[{"width":825,"height":545,"url":"https:\/\/maragoginews.com.br\/portal\/wp-content\/uploads\/2026\/08\/captura-da-web-19-7-2022-8573-g1globo-com-768x508-3.webp","type":"image\/webp"}],"author":"Reda\u00e7\u00e3o","twitter_card":"summary_large_image","twitter_misc":{"Escrito por":"Reda\u00e7\u00e3o","Est. tempo de leitura":"2 minutos"},"schema":{"@context":"https:\/\/schema.org","@graph":[{"@type":"Article","@id":"https:\/\/maragoginews.com.br\/portal\/noticias\/geral\/policia\/homem-apontado-como-integrante-do-trafico-morre-apos-confronto-com-a-pm-em-maragogi\/#article","isPartOf":{"@id":"https:\/\/maragoginews.com.br\/portal\/noticias\/geral\/policia\/homem-apontado-como-integrante-do-trafico-morre-apos-confronto-com-a-pm-em-maragogi\/"},"author":{"name":"Reda\u00e7\u00e3o","@id":"https:\/\/maragoginews.com.br\/portal\/#\/schema\/person\/a445323773becef66921958b9c97b6e1"},"headline":"Homem apontado como integrante do tr\u00e1fico morre ap\u00f3s confronto com a PM em Maragogi","datePublished":"2026-08-30T13:29:49+00:00","mainEntityOfPage":{"@id":"https:\/\/maragoginews.com.br\/portal\/noticias\/geral\/policia\/homem-apontado-como-integrante-do-trafico-morre-apos-confronto-com-a-pm-em-maragogi\/"},"wordCount":227,"commentCount":0,"publisher":{"@id":"https:\/\/maragoginews.com.br\/portal\/#organization"},"image":{"@id":"https:\/\/maragoginews.com.br\/portal\/noticias\/geral\/policia\/homem-apontado-como-integrante-do-trafico-morre-apos-confronto-com-a-pm-em-maragogi\/#primaryimage"},"thumbnailUrl":"https:\/\/maragoginews.com.br\/portal\/wp-content\/uploads\/2026\/08\/captura-da-web-19-7-2022-8573-g1globo-com-768x508-3.webp","articleSection":["Pol\u00edcia"],"inLanguage":"pt-BR","potentialAction":[{"@type":"CommentAction","name":"Comment","target":["https:\/\/maragoginews.com.br\/portal\/noticias\/geral\/policia\/homem-apontado-como-integrante-do-trafico-morre-apos-confronto-com-a-pm-em-maragogi\/#respond"]}]},{"@type":"WebPage","@id":"https:\/\/maragoginews.com.br\/portal\/noticias\/geral\/policia\/homem-apontado-como-integrante-do-trafico-morre-apos-confronto-com-a-pm-em-maragogi\/","url":"https:\/\/maragoginews.com.br\/portal\/noticias\/geral\/policia\/homem-apontado-como-integrante-do-trafico-morre-apos-confronto-com-a-pm-em-maragogi\/","name":"Homem apontado como integrante do tr\u00e1fico morre ap\u00f3s confronto com a PM em Maragogi - Maragogi News","isPartOf":{"@id":"https:\/\/maragoginews.com.br\/portal\/#website"},"primaryImageOfPage":{"@id":"https:\/\/maragoginews.com.br\/portal\/noticias\/geral\/policia\/homem-apontado-como-integrante-do-trafico-morre-apos-confronto-com-a-pm-em-maragogi\/#primaryimage"},"image":{"@id":"https:\/\/maragoginews.com.br\/portal\/noticias\/geral\/policia\/homem-apontado-como-integrante-do-trafico-morre-apos-confronto-com-a-pm-em-maragogi\/#primaryimage"},"thumbnailUrl":"https:\/\/maragoginews.com.br\/portal\/wp-content\/uploads\/2026\/08\/captura-da-web-19-7-2022-8573-g1globo-com-768x508-3.webp","datePublished":"2026-08-30T13:29:49+00:00","breadcrumb":{"@id":"https:\/\/maragoginews.com.br\/portal\/noticias\/geral\/policia\/homem-apontado-como-integrante-do-trafico-morre-apos-confronto-com-a-pm-em-maragogi\/#breadcrumb"},"inLanguage":"pt-BR","potentialAction":[{"@type":"ReadAction","target":["https:\/\/maragoginews.com.br\/portal\/noticias\/geral\/policia\/homem-apontado-como-integrante-do-trafico-morre-apos-confronto-com-a-pm-em-maragogi\/"]}]},{"@type":"ImageObject","inLanguage":"pt-BR","@id":"https:\/\/maragoginews.com.br\/portal\/noticias\/geral\/policia\/homem-apontado-como-integrante-do-trafico-morre-apos-confronto-com-a-pm-em-maragogi\/#primaryimage","url":"https:\/\/maragoginews.com.br\/portal\/wp-content\/uploads\/2026\/08\/captura-da-web-19-7-2022-8573-g1globo-com-768x508-3.webp","contentUrl":"https:\/\/maragoginews.com.br\/portal\/wp-content\/uploads\/2026\/08\/captura-da-web-19-7-2022-8573-g1globo-com-768x508-3.webp","width":825,"height":545},{"@type":"BreadcrumbList","@id":"https:\/\/maragoginews.com.br\/portal\/noticias\/geral\/policia\/homem-apontado-como-integrante-do-trafico-morre-apos-confronto-com-a-pm-em-maragogi\/#breadcrumb","itemListElement":[{"@type":"ListItem","position":1,"name":"In\u00edcio","item":"https:\/\/maragoginews.com.br\/portal\/"},{"@type":"ListItem","position":2,"name":"Homem apontado como integrante do tr\u00e1fico morre ap\u00f3s confronto com a PM em Maragogi"}]},{"@type":"WebSite","@id":"https:\/\/maragoginews.com.br\/portal\/#website","url":"https:\/\/maragoginews.com.br\/portal\/","name":"Maragogi News","description":"Portal de Not\u00edcias","publisher":{"@id":"https:\/\/maragoginews.com.br\/portal\/#organization"},"potentialAction":[{"@type":"SearchAction","target":{"@type":"EntryPoint","urlTemplate":"https:\/\/maragoginews.com.br\/portal\/?s={search_term_string}"},"query-input":{"@type":"PropertyValueSpecification","valueRequired":true,"valueName":"search_term_string"}}],"inLanguage":"pt-BR"},{"@type":"Organization","@id":"https:\/\/maragoginews.com.br\/portal\/#organization","name":"Maragogi News","url":"https:\/\/maragoginews.com.br\/portal\/","logo":{"@type":"ImageObject","inLanguage":"pt-BR","@id":"https:\/\/maragoginews.com.br\/portal\/#\/schema\/logo\/image\/","url":"https:\/\/maragoginews.com.br\/portal\/wp-content\/uploads\/2020\/10\/mn.png","contentUrl":"https:\/\/maragoginews.com.br\/portal\/wp-content\/uploads\/2020\/10\/mn.png","width":305,"height":50,"caption":"Maragogi News"},"image":{"@id":"https:\/\/maragoginews.com.br\/portal\/#\/schema\/logo\/image\/"}},{"@type":"Person","@id":"https:\/\/maragoginews.com.br\/portal\/#\/schema\/person\/a445323773becef66921958b9c97b6e1","name":"Reda\u00e7\u00e3o","image":{"@type":"ImageObject","inLanguage":"pt-BR","@id":"https:\/\/maragoginews.com.br\/portal\/#\/schema\/person\/image\/","url":"https:\/\/maragoginews.com.br\/portal\/wp-content\/uploads\/2020\/12\/redacao.jpg","contentUrl":"https:\/\/maragoginews.com.br\/portal\/wp-content\/uploads\/2020\/12\/redacao.jpg","caption":"Reda\u00e7\u00e3o"},"sameAs":["http:\/\/maragoginews.com.br\/"],"url":"https:\/\/maragoginews.com.br\/portal\/author\/redacao\/"}]}},"_links":{"self":[{"href":"https:\/\/maragoginews.com.br\/portal\/wp-json\/wp\/v2\/posts\/26160","targetHints":{"allow":["GET"]}}],"collection":[{"href":"https:\/\/maragoginews.com.br\/portal\/wp-json\/wp\/v2\/posts"}],"about":[{"href":"https:\/\/maragoginews.com.br\/portal\/wp-json\/wp\/v2\/types\/post"}],"author":[{"embeddable":true,"href":"https:\/\/maragoginews.com.br\/portal\/wp-json\/wp\/v2\/users\/3"}],"replies":[{"embeddable":true,"href":"https:\/\/maragoginews.com.br\/portal\/wp-json\/wp\/v2\/comments?post=26160"}],"version-history":[{"count":1,"href":"https:\/\/maragoginews.com.br\/portal\/wp-json\/wp\/v2\/posts\/26160\/revisions"}],"predecessor-version":[{"id":26162,"href":"https:\/\/maragoginews.com.br\/portal\/wp-json\/wp\/v2\/posts\/26160\/revisions\/26162"}],"wp:featuredmedia":[{"embeddable":true,"href":"https:\/\/maragoginews.com.br\/portal\/wp-json\/wp\/v2\/media\/26161"}],"wp:attachment":[{"href":"https:\/\/maragoginews.com.br\/portal\/wp-json\/wp\/v2\/media?parent=26160"}],"wp:term":[{"taxonomy":"category","embeddable":true,"href":"https:\/\/maragoginews.com.br\/portal\/wp-json\/wp\/v2\/categories?post=26160"},{"taxonomy":"post_tag","embeddable":true,"href":"https:\/\/maragoginews.com.br\/portal\/wp-json\/wp\/v2\/tags?post=26160"}],"curies":[{"name":"wp","href":"https:\/\/api.w.org\/{rel}","templated":true}]}}