{"id":26166,"date":"2026-08-31T11:31:55","date_gmt":"2026-08-31T14:31:55","guid":{"rendered":"https:\/\/maragoginews.com.br\/portal\/?p=26166"},"modified":"2026-08-31T20:16:22","modified_gmt":"2026-08-31T23:16:22","slug":"obras-investimentos-e-programas-sociais-marcam-os-dois-governos-de-renan-filho-em-alagoas","status":"publish","type":"post","link":"https:\/\/maragoginews.com.br\/portal\/noticias\/geral\/especial\/obras-investimentos-e-programas-sociais-marcam-os-dois-governos-de-renan-filho-em-alagoas\/","title":{"rendered":"Obras, investimentos e programas sociais marcaram os dois governos de Renan Filho em Alagoas"},"content":{"rendered":"<p>A transforma\u00e7\u00e3o da infraestrutura p\u00fablica, a interioriza\u00e7\u00e3o dos servi\u00e7os de sa\u00fade, a expans\u00e3o da rede estadual de ensino e a cria\u00e7\u00e3o de programas de transfer\u00eancia de renda est\u00e3o entre as principais marcas dos sete anos e tr\u00eas meses em que Renan Filho esteve \u00e0 frente do Governo de Alagoas. Eleito em 2014 e reeleito em 2018, o ent\u00e3o governador deixou o cargo em abril de 2022 para disputar uma vaga no Senado Federal, encerrando um per\u00edodo marcado por forte volume de investimentos e por mudan\u00e7as em \u00e1reas consideradas estrat\u00e9gicas para o Estado.<\/p>\n<p>Um dos principais eixos da administra\u00e7\u00e3o foi a infraestrutura. Ao longo dos dois mandatos, o Governo de Alagoas ampliou a recupera\u00e7\u00e3o e implanta\u00e7\u00e3o de rodovias, pavimentou acessos a munic\u00edpios e comunidades e avan\u00e7ou na constru\u00e7\u00e3o de obras destinadas a melhorar a integra\u00e7\u00e3o entre diferentes regi\u00f5es. O objetivo era reduzir o isolamento de localidades do interior e criar melhores condi\u00e7\u00f5es para o deslocamento de pessoas, o escoamento da produ\u00e7\u00e3o e a circula\u00e7\u00e3o de mercadorias.<\/p>\n<p>Entre as obras de maior dimens\u00e3o esteve a continuidade da expans\u00e3o do Canal do Sert\u00e3o, projeto considerado estrat\u00e9gico para a seguran\u00e7a h\u00eddrica e para o desenvolvimento econ\u00f4mico do Semi\u00e1rido. A gest\u00e3o tamb\u00e9m avan\u00e7ou na implanta\u00e7\u00e3o e recupera\u00e7\u00e3o de estradas estaduais e em obras de mobilidade urbana realizadas em parceria com munic\u00edpios.<\/p>\n<figure id=\"attachment_26171\" aria-describedby=\"caption-attachment-26171\" style=\"width: 970px\" class=\"wp-caption aligncenter\"><img fetchpriority=\"high\" decoding=\"async\" class=\"wp-image-26171 size-full\" src=\"https:\/\/maragoginews.com.br\/portal\/wp-content\/uploads\/2026\/08\/9KqP8GDU2ow8Xs_7xL3LzTBaOVxMbZwzFnBMPCbtcVXUGLHsn0BeyWMtfP-XnrNtAokNF43Jz0P8zFbX1rnlr-qVH6B4uKv9r1VlYh1ZYyB_H1RGCNye_RPf-nUx9q33uJwp0kywBgmTqxvjhq-rRo-o6Qoz7ZvIw4FVpekgZRoMAi3uXGlMU26.jpg\" alt=\"\" width=\"970\" height=\"728\" srcset=\"https:\/\/maragoginews.com.br\/portal\/wp-content\/uploads\/2026\/08\/9KqP8GDU2ow8Xs_7xL3LzTBaOVxMbZwzFnBMPCbtcVXUGLHsn0BeyWMtfP-XnrNtAokNF43Jz0P8zFbX1rnlr-qVH6B4uKv9r1VlYh1ZYyB_H1RGCNye_RPf-nUx9q33uJwp0kywBgmTqxvjhq-rRo-o6Qoz7ZvIw4FVpekgZRoMAi3uXGlMU26.jpg 970w, https:\/\/maragoginews.com.br\/portal\/wp-content\/uploads\/2026\/08\/9KqP8GDU2ow8Xs_7xL3LzTBaOVxMbZwzFnBMPCbtcVXUGLHsn0BeyWMtfP-XnrNtAokNF43Jz0P8zFbX1rnlr-qVH6B4uKv9r1VlYh1ZYyB_H1RGCNye_RPf-nUx9q33uJwp0kywBgmTqxvjhq-rRo-o6Qoz7ZvIw4FVpekgZRoMAi3uXGlMU26-400x300.jpg 400w, https:\/\/maragoginews.com.br\/portal\/wp-content\/uploads\/2026\/08\/9KqP8GDU2ow8Xs_7xL3LzTBaOVxMbZwzFnBMPCbtcVXUGLHsn0BeyWMtfP-XnrNtAokNF43Jz0P8zFbX1rnlr-qVH6B4uKv9r1VlYh1ZYyB_H1RGCNye_RPf-nUx9q33uJwp0kywBgmTqxvjhq-rRo-o6Qoz7ZvIw4FVpekgZRoMAi3uXGlMU26-780x585.jpg 780w, https:\/\/maragoginews.com.br\/portal\/wp-content\/uploads\/2026\/08\/9KqP8GDU2ow8Xs_7xL3LzTBaOVxMbZwzFnBMPCbtcVXUGLHsn0BeyWMtfP-XnrNtAokNF43Jz0P8zFbX1rnlr-qVH6B4uKv9r1VlYh1ZYyB_H1RGCNye_RPf-nUx9q33uJwp0kywBgmTqxvjhq-rRo-o6Qoz7ZvIw4FVpekgZRoMAi3uXGlMU26-150x113.jpg 150w, https:\/\/maragoginews.com.br\/portal\/wp-content\/uploads\/2026\/08\/9KqP8GDU2ow8Xs_7xL3LzTBaOVxMbZwzFnBMPCbtcVXUGLHsn0BeyWMtfP-XnrNtAokNF43Jz0P8zFbX1rnlr-qVH6B4uKv9r1VlYh1ZYyB_H1RGCNye_RPf-nUx9q33uJwp0kywBgmTqxvjhq-rRo-o6Qoz7ZvIw4FVpekgZRoMAi3uXGlMU26-768x576.jpg 768w\" sizes=\"(max-width: 970px) 100vw, 970px\" \/><figcaption id=\"caption-attachment-26171\" class=\"wp-caption-text\">Canal do Sert\u00e3o: obra estrat\u00e9gica para a seguran\u00e7a h\u00eddrica e o desenvolvimento do interior de Alagoas.<\/figcaption><\/figure>\n<p>A infraestrutura, por\u00e9m, n\u00e3o ficou restrita \u00e0s estradas. Durante o per\u00edodo, o governo promoveu a interioriza\u00e7\u00e3o do g\u00e1s natural, com a expans\u00e3o da rede para Arapiraca, ampliando a infraestrutura energ\u00e9tica dispon\u00edvel fora da capital. O tema chegou a ser destacado em pronunciamento no Senado como uma das a\u00e7\u00f5es realizadas durante a administra\u00e7\u00e3o.<\/p>\n<p>Na sa\u00fade, a principal mudan\u00e7a foi a estrat\u00e9gia de descentraliza\u00e7\u00e3o. A constru\u00e7\u00e3o e entrega de hospitais, UPAs e outras unidades permitiu ampliar a oferta de atendimento especializado em diferentes regi\u00f5es e reduzir a depend\u00eancia da popula\u00e7\u00e3o do interior em rela\u00e7\u00e3o \u00e0 estrutura concentrada em Macei\u00f3.<\/p>\n<p>Entre os equipamentos entregues durante o per\u00edodo est\u00e3o o Hospital da Mulher, em Macei\u00f3, o Hospital Metropolitano e hospitais regionais, al\u00e9m de novas Unidades de Pronto Atendimento. O governo tamb\u00e9m investiu na estrutura do Servi\u00e7o de Atendimento M\u00f3vel de Urg\u00eancia (Samu), incluindo o resgate a\u00e9reo, que foi apresentado pela pr\u00f3pria administra\u00e7\u00e3o como uma refer\u00eancia nacional.<\/p>\n<figure id=\"attachment_26167\" aria-describedby=\"caption-attachment-26167\" style=\"width: 970px\" class=\"wp-caption aligncenter\"><img decoding=\"async\" class=\"wp-image-26167 size-full lazyload\" data-src=\"https:\/\/maragoginews.com.br\/portal\/wp-content\/uploads\/2026\/08\/lyDDpW6409VSc34b_No7g07FRQEvky2rxoqZxPBV_i00OzKJ8ZCrNTV6BwQg8uQbk6dEm09yPMoANgkEOpry9lz266AK-nVu0uNJ_M7D_6uMV7xOBvUvj0ceAXIPJY6yX72bjACGnYNsi5MjNjxUWrHal40EBTzZsdfDlXjcDhY32npIFllWkqO-scaled.jpg\" alt=\"\" width=\"970\" height=\"647\" data-srcset=\"https:\/\/maragoginews.com.br\/portal\/wp-content\/uploads\/2026\/08\/lyDDpW6409VSc34b_No7g07FRQEvky2rxoqZxPBV_i00OzKJ8ZCrNTV6BwQg8uQbk6dEm09yPMoANgkEOpry9lz266AK-nVu0uNJ_M7D_6uMV7xOBvUvj0ceAXIPJY6yX72bjACGnYNsi5MjNjxUWrHal40EBTzZsdfDlXjcDhY32npIFllWkqO-scaled.jpg 970w, https:\/\/maragoginews.com.br\/portal\/wp-content\/uploads\/2026\/08\/lyDDpW6409VSc34b_No7g07FRQEvky2rxoqZxPBV_i00OzKJ8ZCrNTV6BwQg8uQbk6dEm09yPMoANgkEOpry9lz266AK-nVu0uNJ_M7D_6uMV7xOBvUvj0ceAXIPJY6yX72bjACGnYNsi5MjNjxUWrHal40EBTzZsdfDlXjcDhY32npIFllWkqO-400x267.jpg 400w, https:\/\/maragoginews.com.br\/portal\/wp-content\/uploads\/2026\/08\/lyDDpW6409VSc34b_No7g07FRQEvky2rxoqZxPBV_i00OzKJ8ZCrNTV6BwQg8uQbk6dEm09yPMoANgkEOpry9lz266AK-nVu0uNJ_M7D_6uMV7xOBvUvj0ceAXIPJY6yX72bjACGnYNsi5MjNjxUWrHal40EBTzZsdfDlXjcDhY32npIFllWkqO-780x520.jpg 780w, https:\/\/maragoginews.com.br\/portal\/wp-content\/uploads\/2026\/08\/lyDDpW6409VSc34b_No7g07FRQEvky2rxoqZxPBV_i00OzKJ8ZCrNTV6BwQg8uQbk6dEm09yPMoANgkEOpry9lz266AK-nVu0uNJ_M7D_6uMV7xOBvUvj0ceAXIPJY6yX72bjACGnYNsi5MjNjxUWrHal40EBTzZsdfDlXjcDhY32npIFllWkqO-150x100.jpg 150w, https:\/\/maragoginews.com.br\/portal\/wp-content\/uploads\/2026\/08\/lyDDpW6409VSc34b_No7g07FRQEvky2rxoqZxPBV_i00OzKJ8ZCrNTV6BwQg8uQbk6dEm09yPMoANgkEOpry9lz266AK-nVu0uNJ_M7D_6uMV7xOBvUvj0ceAXIPJY6yX72bjACGnYNsi5MjNjxUWrHal40EBTzZsdfDlXjcDhY32npIFllWkqO-768x512.jpg 768w, https:\/\/maragoginews.com.br\/portal\/wp-content\/uploads\/2026\/08\/lyDDpW6409VSc34b_No7g07FRQEvky2rxoqZxPBV_i00OzKJ8ZCrNTV6BwQg8uQbk6dEm09yPMoANgkEOpry9lz266AK-nVu0uNJ_M7D_6uMV7xOBvUvj0ceAXIPJY6yX72bjACGnYNsi5MjNjxUWrHal40EBTzZsdfDlXjcDhY32npIFllWkqO-1536x1024.jpg 1536w, https:\/\/maragoginews.com.br\/portal\/wp-content\/uploads\/2026\/08\/lyDDpW6409VSc34b_No7g07FRQEvky2rxoqZxPBV_i00OzKJ8ZCrNTV6BwQg8uQbk6dEm09yPMoANgkEOpry9lz266AK-nVu0uNJ_M7D_6uMV7xOBvUvj0ceAXIPJY6yX72bjACGnYNsi5MjNjxUWrHal40EBTzZsdfDlXjcDhY32npIFllWkqO-2048x1365.jpg 2048w\" data-sizes=\"(max-width: 970px) 100vw, 970px\" src=\"data:image\/svg+xml;base64,PHN2ZyB3aWR0aD0iMSIgaGVpZ2h0PSIxIiB4bWxucz0iaHR0cDovL3d3dy53My5vcmcvMjAwMC9zdmciPjwvc3ZnPg==\" style=\"--smush-placeholder-width: 970px; --smush-placeholder-aspect-ratio: 970\/647;\" \/><figcaption id=\"caption-attachment-26167\" class=\"wp-caption-text\">Sa\u00fade: Hospital Regional do Alto Sert\u00e3o, em Delmiro Gouveia, foi uma das unidades constru\u00eddas durante a gest\u00e3o de Renan Filho como governador.<\/figcaption><\/figure>\n<p>A seguran\u00e7a p\u00fablica foi outro setor que recebeu forte investimento. A constru\u00e7\u00e3o e implanta\u00e7\u00e3o de dezenas de Centros Integrados de Seguran\u00e7a P\u00fablica (CISPs) ampliou a presen\u00e7a das for\u00e7as policiais no interior, enquanto programas como o Ronda no Bairro e a For\u00e7a Tarefa passaram a integrar a estrat\u00e9gia de combate \u00e0 criminalidade.<\/p>\n<p>Tamb\u00e9m foram criadas ou ampliadas estruturas especializadas, entre elas a Patrulha Maria da Penha, voltada \u00e0 prote\u00e7\u00e3o de mulheres v\u00edtimas de viol\u00eancia. A combina\u00e7\u00e3o entre investimentos em infraestrutura, equipamentos, tecnologia e efetivo ajudou a modificar o cen\u00e1rio da seguran\u00e7a p\u00fablica alagoana ao longo dos anos.<\/p>\n<p>Na educa\u00e7\u00e3o, a gest\u00e3o apostou tanto na amplia\u00e7\u00e3o da estrutura f\u00edsica quanto em programas voltados diretamente aos estudantes. O <strong>Programa Escola 10<\/strong> tornou-se uma das principais pol\u00edticas educacionais do per\u00edodo, com a\u00e7\u00f5es destinadas \u00e0 melhoria da aprendizagem e dos indicadores educacionais. Posteriormente, o <strong>Cart\u00e3o Escola 10<\/strong> acrescentou um componente de transfer\u00eancia de renda, oferecendo incentivo financeiro a estudantes da rede p\u00fablica e buscando combater a evas\u00e3o escolar. O programa passou a ser apontado como uma das marcas da pol\u00edtica educacional do Estado.<\/p>\n<figure id=\"attachment_26178\" aria-describedby=\"caption-attachment-26178\" style=\"width: 970px\" class=\"wp-caption aligncenter\"><img decoding=\"async\" class=\"size-full wp-image-26178 lazyload\" data-src=\"https:\/\/maragoginews.com.br\/portal\/wp-content\/uploads\/2026\/08\/gXxf6DieRpOa11SkCNKGFtGoFKO7nl5-ChWtbOedQTz8p7CyrcA7UzdCP541SiAqeMXJe3qkVquEiexLFTP3nrvP1lpUPKfgLHYhlxDSX61g7Z6kQJNIVWxiFT6Wrhu4zg_yUZe3Utg1VplhZxgiyt3Yfvmx8GjiXvYgV7zSTbHc4Nv3XyWHevT-scaled.jpg\" alt=\"\" width=\"970\" height=\"647\" data-srcset=\"https:\/\/maragoginews.com.br\/portal\/wp-content\/uploads\/2026\/08\/gXxf6DieRpOa11SkCNKGFtGoFKO7nl5-ChWtbOedQTz8p7CyrcA7UzdCP541SiAqeMXJe3qkVquEiexLFTP3nrvP1lpUPKfgLHYhlxDSX61g7Z6kQJNIVWxiFT6Wrhu4zg_yUZe3Utg1VplhZxgiyt3Yfvmx8GjiXvYgV7zSTbHc4Nv3XyWHevT-scaled.jpg 970w, https:\/\/maragoginews.com.br\/portal\/wp-content\/uploads\/2026\/08\/gXxf6DieRpOa11SkCNKGFtGoFKO7nl5-ChWtbOedQTz8p7CyrcA7UzdCP541SiAqeMXJe3qkVquEiexLFTP3nrvP1lpUPKfgLHYhlxDSX61g7Z6kQJNIVWxiFT6Wrhu4zg_yUZe3Utg1VplhZxgiyt3Yfvmx8GjiXvYgV7zSTbHc4Nv3XyWHevT-400x267.jpg 400w, https:\/\/maragoginews.com.br\/portal\/wp-content\/uploads\/2026\/08\/gXxf6DieRpOa11SkCNKGFtGoFKO7nl5-ChWtbOedQTz8p7CyrcA7UzdCP541SiAqeMXJe3qkVquEiexLFTP3nrvP1lpUPKfgLHYhlxDSX61g7Z6kQJNIVWxiFT6Wrhu4zg_yUZe3Utg1VplhZxgiyt3Yfvmx8GjiXvYgV7zSTbHc4Nv3XyWHevT-780x520.jpg 780w, https:\/\/maragoginews.com.br\/portal\/wp-content\/uploads\/2026\/08\/gXxf6DieRpOa11SkCNKGFtGoFKO7nl5-ChWtbOedQTz8p7CyrcA7UzdCP541SiAqeMXJe3qkVquEiexLFTP3nrvP1lpUPKfgLHYhlxDSX61g7Z6kQJNIVWxiFT6Wrhu4zg_yUZe3Utg1VplhZxgiyt3Yfvmx8GjiXvYgV7zSTbHc4Nv3XyWHevT-150x100.jpg 150w, https:\/\/maragoginews.com.br\/portal\/wp-content\/uploads\/2026\/08\/gXxf6DieRpOa11SkCNKGFtGoFKO7nl5-ChWtbOedQTz8p7CyrcA7UzdCP541SiAqeMXJe3qkVquEiexLFTP3nrvP1lpUPKfgLHYhlxDSX61g7Z6kQJNIVWxiFT6Wrhu4zg_yUZe3Utg1VplhZxgiyt3Yfvmx8GjiXvYgV7zSTbHc4Nv3XyWHevT-768x512.jpg 768w, https:\/\/maragoginews.com.br\/portal\/wp-content\/uploads\/2026\/08\/gXxf6DieRpOa11SkCNKGFtGoFKO7nl5-ChWtbOedQTz8p7CyrcA7UzdCP541SiAqeMXJe3qkVquEiexLFTP3nrvP1lpUPKfgLHYhlxDSX61g7Z6kQJNIVWxiFT6Wrhu4zg_yUZe3Utg1VplhZxgiyt3Yfvmx8GjiXvYgV7zSTbHc4Nv3XyWHevT-1536x1025.jpg 1536w, https:\/\/maragoginews.com.br\/portal\/wp-content\/uploads\/2026\/08\/gXxf6DieRpOa11SkCNKGFtGoFKO7nl5-ChWtbOedQTz8p7CyrcA7UzdCP541SiAqeMXJe3qkVquEiexLFTP3nrvP1lpUPKfgLHYhlxDSX61g7Z6kQJNIVWxiFT6Wrhu4zg_yUZe3Utg1VplhZxgiyt3Yfvmx8GjiXvYgV7zSTbHc4Nv3XyWHevT-2048x1366.jpg 2048w\" data-sizes=\"(max-width: 970px) 100vw, 970px\" src=\"data:image\/svg+xml;base64,PHN2ZyB3aWR0aD0iMSIgaGVpZ2h0PSIxIiB4bWxucz0iaHR0cDovL3d3dy53My5vcmcvMjAwMC9zdmciPjwvc3ZnPg==\" style=\"--smush-placeholder-width: 970px; --smush-placeholder-aspect-ratio: 970\/647;\" \/><figcaption id=\"caption-attachment-26178\" class=\"wp-caption-text\">Educa\u00e7\u00e3o: estudantes da rede p\u00fablica de Alagoas com materiais do Programa Escola 10.<\/figcaption><\/figure>\n<p>A rede f\u00edsica tamb\u00e9m foi ampliada e modernizada. Centenas de escolas receberam interven\u00e7\u00f5es e novos investimentos, enquanto a expans\u00e3o do ensino em tempo integral passou a fazer parte da estrat\u00e9gia de melhoria da educa\u00e7\u00e3o p\u00fablica. A gest\u00e3o tamb\u00e9m realizou concursos, promoveu a\u00e7\u00f5es de valoriza\u00e7\u00e3o profissional e descentralizou recursos para as escolas.<\/p>\n<p>Na primeira inf\u00e2ncia, o <strong>Programa Crian\u00e7a Alagoana (CRIA)<\/strong> tornou-se outra pol\u00edtica de grande alcance. Al\u00e9m da constru\u00e7\u00e3o de creches, o programa passou a oferecer transfer\u00eancia de renda por meio do Cart\u00e3o CRIA, articulando a\u00e7\u00f5es nas \u00e1reas de educa\u00e7\u00e3o, sa\u00fade e assist\u00eancia social. A expans\u00e3o das creches levou novas unidades a munic\u00edpios do interior, ampliando o atendimento \u00e0s crian\u00e7as e dando suporte \u00e0s fam\u00edlias.<\/p>\n<figure id=\"attachment_26175\" aria-describedby=\"caption-attachment-26175\" style=\"width: 970px\" class=\"wp-caption aligncenter\"><img decoding=\"async\" class=\"wp-image-26175 size-full lazyload\" data-src=\"https:\/\/maragoginews.com.br\/portal\/wp-content\/uploads\/2026\/08\/4A4A0CJMrdQi1YSBkN6-QsoVgldq1fY1Yrm_r5Gm3X8QQ3UCHFKBLrOhG6y5WEIt5JSYEbCR64WStxk31vfUbU_NkC-azCcetOZu3456omtCHkUfsk0GVIwEWWbMEISAB-pZyyNbiF63NtOLMw6cu88ltETswAw2Lkz9sTycr4DejB_4F4VrL_O.jpg\" alt=\"\" width=\"970\" height=\"647\" data-srcset=\"https:\/\/maragoginews.com.br\/portal\/wp-content\/uploads\/2026\/08\/4A4A0CJMrdQi1YSBkN6-QsoVgldq1fY1Yrm_r5Gm3X8QQ3UCHFKBLrOhG6y5WEIt5JSYEbCR64WStxk31vfUbU_NkC-azCcetOZu3456omtCHkUfsk0GVIwEWWbMEISAB-pZyyNbiF63NtOLMw6cu88ltETswAw2Lkz9sTycr4DejB_4F4VrL_O.jpg 970w, https:\/\/maragoginews.com.br\/portal\/wp-content\/uploads\/2026\/08\/4A4A0CJMrdQi1YSBkN6-QsoVgldq1fY1Yrm_r5Gm3X8QQ3UCHFKBLrOhG6y5WEIt5JSYEbCR64WStxk31vfUbU_NkC-azCcetOZu3456omtCHkUfsk0GVIwEWWbMEISAB-pZyyNbiF63NtOLMw6cu88ltETswAw2Lkz9sTycr4DejB_4F4VrL_O-400x267.jpg 400w, https:\/\/maragoginews.com.br\/portal\/wp-content\/uploads\/2026\/08\/4A4A0CJMrdQi1YSBkN6-QsoVgldq1fY1Yrm_r5Gm3X8QQ3UCHFKBLrOhG6y5WEIt5JSYEbCR64WStxk31vfUbU_NkC-azCcetOZu3456omtCHkUfsk0GVIwEWWbMEISAB-pZyyNbiF63NtOLMw6cu88ltETswAw2Lkz9sTycr4DejB_4F4VrL_O-780x520.jpg 780w, https:\/\/maragoginews.com.br\/portal\/wp-content\/uploads\/2026\/08\/4A4A0CJMrdQi1YSBkN6-QsoVgldq1fY1Yrm_r5Gm3X8QQ3UCHFKBLrOhG6y5WEIt5JSYEbCR64WStxk31vfUbU_NkC-azCcetOZu3456omtCHkUfsk0GVIwEWWbMEISAB-pZyyNbiF63NtOLMw6cu88ltETswAw2Lkz9sTycr4DejB_4F4VrL_O-150x100.jpg 150w, https:\/\/maragoginews.com.br\/portal\/wp-content\/uploads\/2026\/08\/4A4A0CJMrdQi1YSBkN6-QsoVgldq1fY1Yrm_r5Gm3X8QQ3UCHFKBLrOhG6y5WEIt5JSYEbCR64WStxk31vfUbU_NkC-azCcetOZu3456omtCHkUfsk0GVIwEWWbMEISAB-pZyyNbiF63NtOLMw6cu88ltETswAw2Lkz9sTycr4DejB_4F4VrL_O-768x512.jpg 768w, https:\/\/maragoginews.com.br\/portal\/wp-content\/uploads\/2026\/08\/4A4A0CJMrdQi1YSBkN6-QsoVgldq1fY1Yrm_r5Gm3X8QQ3UCHFKBLrOhG6y5WEIt5JSYEbCR64WStxk31vfUbU_NkC-azCcetOZu3456omtCHkUfsk0GVIwEWWbMEISAB-pZyyNbiF63NtOLMw6cu88ltETswAw2Lkz9sTycr4DejB_4F4VrL_O-1536x1024.jpg 1536w\" data-sizes=\"(max-width: 970px) 100vw, 970px\" src=\"data:image\/svg+xml;base64,PHN2ZyB3aWR0aD0iMSIgaGVpZ2h0PSIxIiB4bWxucz0iaHR0cDovL3d3dy53My5vcmcvMjAwMC9zdmciPjwvc3ZnPg==\" style=\"--smush-placeholder-width: 970px; --smush-placeholder-aspect-ratio: 970\/647;\" \/><figcaption id=\"caption-attachment-26175\" class=\"wp-caption-text\">Primeira inf\u00e2ncia: o programa Creche CRIA ampliou a oferta de educa\u00e7\u00e3o infantil em Alagoas.<\/figcaption><\/figure>\n<p>A \u00e1rea social ganhou, assim, uma dimens\u00e3o diferente da tradicional pol\u00edtica assistencial. Em vez de concentrar a\u00e7\u00f5es apenas em benef\u00edcios emergenciais, o governo passou a associar transfer\u00eancia de renda a pol\u00edticas de educa\u00e7\u00e3o e primeira inf\u00e2ncia. O Cart\u00e3o Escola 10 e o Cart\u00e3o CRIA se transformaram em dois dos principais exemplos dessa estrat\u00e9gia.<\/p>\n<p>Outro aspecto frequentemente associado ao per\u00edodo foi a condu\u00e7\u00e3o das contas p\u00fablicas. No in\u00edcio da administra\u00e7\u00e3o, foram realizadas reformas administrativas, tribut\u00e1rias e medidas de ajuste fiscal. A estrat\u00e9gia buscou recuperar a capacidade de investimento do Estado e, posteriormente, ampliar o volume de recursos destinados a obras e servi\u00e7os p\u00fablicos. Em balan\u00e7o apresentado \u00e0 Assembleia Legislativa, Renan Filho atribuiu ao equil\u00edbrio fiscal a possibilidade de Alagoas ampliar os investimentos com recursos pr\u00f3prios.<\/p>\n<p>A combina\u00e7\u00e3o entre ajuste das contas e amplia\u00e7\u00e3o dos investimentos tornou-se uma das caracter\u00edsticas mais destacadas da gest\u00e3o. Em um per\u00edodo marcado por dificuldades financeiras enfrentadas por diversos estados brasileiros, Alagoas passou a apresentar capacidade de executar obras estruturantes e manter programas p\u00fablicos de maior alcance.<\/p>\n<figure id=\"attachment_26173\" aria-describedby=\"caption-attachment-26173\" style=\"width: 970px\" class=\"wp-caption aligncenter\"><img decoding=\"async\" class=\"wp-image-26173 size-full lazyload\" data-src=\"https:\/\/maragoginews.com.br\/portal\/wp-content\/uploads\/2026\/08\/48BMAaV-Bn4OFLPe-7GrJcZ41leqLJ4xbB7TT9ZqMcuLsciyR3ZQMg3-1ZUz4_F6WekztK8un2qyDJU4HthEc89E4JywbUL6KxEL_Qn_GSSNWkvfmFtxM4ZC59p67KPGM60NYqi8MNBj80LXljhoajvU0PMQRVRSuFIEKwBuL_3dMfQRZo-TjIv.jpg\" alt=\"\" width=\"970\" height=\"568\" data-srcset=\"https:\/\/maragoginews.com.br\/portal\/wp-content\/uploads\/2026\/08\/48BMAaV-Bn4OFLPe-7GrJcZ41leqLJ4xbB7TT9ZqMcuLsciyR3ZQMg3-1ZUz4_F6WekztK8un2qyDJU4HthEc89E4JywbUL6KxEL_Qn_GSSNWkvfmFtxM4ZC59p67KPGM60NYqi8MNBj80LXljhoajvU0PMQRVRSuFIEKwBuL_3dMfQRZo-TjIv.jpg 970w, https:\/\/maragoginews.com.br\/portal\/wp-content\/uploads\/2026\/08\/48BMAaV-Bn4OFLPe-7GrJcZ41leqLJ4xbB7TT9ZqMcuLsciyR3ZQMg3-1ZUz4_F6WekztK8un2qyDJU4HthEc89E4JywbUL6KxEL_Qn_GSSNWkvfmFtxM4ZC59p67KPGM60NYqi8MNBj80LXljhoajvU0PMQRVRSuFIEKwBuL_3dMfQRZo-TjIv-400x234.jpg 400w, https:\/\/maragoginews.com.br\/portal\/wp-content\/uploads\/2026\/08\/48BMAaV-Bn4OFLPe-7GrJcZ41leqLJ4xbB7TT9ZqMcuLsciyR3ZQMg3-1ZUz4_F6WekztK8un2qyDJU4HthEc89E4JywbUL6KxEL_Qn_GSSNWkvfmFtxM4ZC59p67KPGM60NYqi8MNBj80LXljhoajvU0PMQRVRSuFIEKwBuL_3dMfQRZo-TjIv-780x457.jpg 780w, https:\/\/maragoginews.com.br\/portal\/wp-content\/uploads\/2026\/08\/48BMAaV-Bn4OFLPe-7GrJcZ41leqLJ4xbB7TT9ZqMcuLsciyR3ZQMg3-1ZUz4_F6WekztK8un2qyDJU4HthEc89E4JywbUL6KxEL_Qn_GSSNWkvfmFtxM4ZC59p67KPGM60NYqi8MNBj80LXljhoajvU0PMQRVRSuFIEKwBuL_3dMfQRZo-TjIv-150x88.jpg 150w, https:\/\/maragoginews.com.br\/portal\/wp-content\/uploads\/2026\/08\/48BMAaV-Bn4OFLPe-7GrJcZ41leqLJ4xbB7TT9ZqMcuLsciyR3ZQMg3-1ZUz4_F6WekztK8un2qyDJU4HthEc89E4JywbUL6KxEL_Qn_GSSNWkvfmFtxM4ZC59p67KPGM60NYqi8MNBj80LXljhoajvU0PMQRVRSuFIEKwBuL_3dMfQRZo-TjIv-768x450.jpg 768w\" data-sizes=\"(max-width: 970px) 100vw, 970px\" src=\"data:image\/svg+xml;base64,PHN2ZyB3aWR0aD0iMSIgaGVpZ2h0PSIxIiB4bWxucz0iaHR0cDovL3d3dy53My5vcmcvMjAwMC9zdmciPjwvc3ZnPg==\" style=\"--smush-placeholder-width: 970px; --smush-placeholder-aspect-ratio: 970\/568;\" \/><figcaption id=\"caption-attachment-26173\" class=\"wp-caption-text\">Seguran\u00e7a p\u00fablica: Renan Filho durante a inaugura\u00e7\u00e3o do Centro Integrado de Seguran\u00e7a P\u00fablica (CISP) de Cra\u00edbas, em 2021, uma das unidades implantadas para refor\u00e7ar a presen\u00e7a das for\u00e7as de seguran\u00e7a no interior de Alagoas.<\/figcaption><\/figure>\n<p>Outro desafio enfrentado pelo governo foi a pandemia de Covid-19. A administra\u00e7\u00e3o estadual precisou ampliar a estrutura de atendimento hospitalar, organizar a\u00e7\u00f5es de enfrentamento \u00e0 emerg\u00eancia sanit\u00e1ria e coordenar a vacina\u00e7\u00e3o em parceria com os munic\u00edpios. O per\u00edodo tamb\u00e9m exigiu medidas econ\u00f4micas e sociais para amenizar os efeitos da crise sobre a popula\u00e7\u00e3o.<\/p>\n<p>Ao final de sua passagem pelo Governo de Alagoas, o conjunto de a\u00e7\u00f5es deixou uma presen\u00e7a f\u00edsica percept\u00edvel em diferentes regi\u00f5es do Estado: estradas recuperadas ou implantadas, hospitais e UPAs, unidades de seguran\u00e7a, escolas modernizadas, creches, programas de transfer\u00eancia de renda e novas estruturas de atendimento p\u00fablico.<\/p>\n<figure id=\"attachment_26176\" aria-describedby=\"caption-attachment-26176\" style=\"width: 760px\" class=\"wp-caption aligncenter\"><img decoding=\"async\" class=\"size-full wp-image-26176 lazyload\" data-src=\"https:\/\/maragoginews.com.br\/portal\/wp-content\/uploads\/2026\/08\/csm_Samu-ae-ro-me-dico-u-nico-do-pai-s-foto-Carla-Cleto-17_65a752b12b.jpg\" alt=\"\" width=\"760\" height=\"505\" data-srcset=\"https:\/\/maragoginews.com.br\/portal\/wp-content\/uploads\/2026\/08\/csm_Samu-ae-ro-me-dico-u-nico-do-pai-s-foto-Carla-Cleto-17_65a752b12b.jpg 760w, https:\/\/maragoginews.com.br\/portal\/wp-content\/uploads\/2026\/08\/csm_Samu-ae-ro-me-dico-u-nico-do-pai-s-foto-Carla-Cleto-17_65a752b12b-400x266.jpg 400w, https:\/\/maragoginews.com.br\/portal\/wp-content\/uploads\/2026\/08\/csm_Samu-ae-ro-me-dico-u-nico-do-pai-s-foto-Carla-Cleto-17_65a752b12b-150x100.jpg 150w\" data-sizes=\"(max-width: 760px) 100vw, 760px\" src=\"data:image\/svg+xml;base64,PHN2ZyB3aWR0aD0iMSIgaGVpZ2h0PSIxIiB4bWxucz0iaHR0cDovL3d3dy53My5vcmcvMjAwMC9zdmciPjwvc3ZnPg==\" style=\"--smush-placeholder-width: 760px; --smush-placeholder-aspect-ratio: 760\/505;\" \/><figcaption id=\"caption-attachment-26176\" class=\"wp-caption-text\">SAMU Aerom\u00e9dico: helic\u00f3ptero Falc\u00e3o 05, utilizado pelo Servi\u00e7o de Atendimento M\u00f3vel de Urg\u00eancia de Alagoas em salvamentos e resgates aerom\u00e9dicos. Foto: Carla Cleto\/Ag\u00eancia Alagoas.<\/figcaption><\/figure>\n<p>O legado pol\u00edtico de uma administra\u00e7\u00e3o, naturalmente, n\u00e3o \u00e9 medido apenas pelo n\u00famero de obras entregues. H\u00e1 cr\u00edticas, prioridades questionadas e diferentes interpreta\u00e7\u00f5es sobre os resultados alcan\u00e7ados. Mas os n\u00fameros e a quantidade de programas implantados ajudam a explicar por que os dois mandatos de Renan Filho passaram a ocupar espa\u00e7o relevante na hist\u00f3ria administrativa recente de Alagoas.<\/p>\n<p>Mais do que uma sucess\u00e3o de obras isoladas, o per\u00edodo foi marcado por uma tentativa de combinar <strong>infraestrutura, equil\u00edbrio fiscal, expans\u00e3o dos servi\u00e7os p\u00fablicos e pol\u00edticas sociais<\/strong>. \u00c9 esse conjunto de a\u00e7\u00f5es que sustenta a avalia\u00e7\u00e3o de aliados, gestores e parte da popula\u00e7\u00e3o de que os anos de 2015 a 2022 representaram um dos mais intensos ciclos de investimentos p\u00fablicos j\u00e1 vividos pelo Estado.<\/p>\n","protected":false},"excerpt":{"rendered":"<p>De rodovias e hospitais \u00e0 expans\u00e3o da educa\u00e7\u00e3o e cria\u00e7\u00e3o de programas de transfer\u00eancia de renda, gest\u00e3o promoveu um ciclo de investimentos que alcan\u00e7ou diferentes regi\u00f5es do Estado<\/p>\n","protected":false},"author":3,"featured_media":26170,"comment_status":"open","ping_status":"open","sticky":false,"template":"","format":"standard","meta":{"footnotes":""},"categories":[5],"tags":[],"class_list":["post-26166","post","type-post","status-publish","format-standard","has-post-thumbnail","hentry","category-especial","posicao_chamadas-destaque-pequeno"],"yoast_head":"<!-- This site is optimized with the Yoast SEO plugin v26.6 - https:\/\/yoast.com\/wordpress\/plugins\/seo\/ -->\n<title>Obras, investimentos e programas sociais marcaram os dois governos de Renan Filho em Alagoas - Maragogi News<\/title>\n<meta name=\"robots\" content=\"index, follow, max-snippet:-1, max-image-preview:large, max-video-preview:-1\" \/>\n<link rel=\"canonical\" href=\"https:\/\/maragoginews.com.br\/portal\/noticias\/geral\/especial\/obras-investimentos-e-programas-sociais-marcam-os-dois-governos-de-renan-filho-em-alagoas\/\" \/>\n<meta property=\"og:locale\" content=\"pt_BR\" \/>\n<meta property=\"og:type\" content=\"article\" \/>\n<meta property=\"og:title\" content=\"Obras, investimentos e programas sociais marcaram os dois governos de Renan Filho em Alagoas - Maragogi News\" \/>\n<meta property=\"og:description\" content=\"De rodovias e hospitais \u00e0 expans\u00e3o da educa\u00e7\u00e3o e cria\u00e7\u00e3o de programas de transfer\u00eancia de renda, gest\u00e3o promoveu um ciclo de investimentos que alcan\u00e7ou diferentes regi\u00f5es do Estado\" \/>\n<meta property=\"og:url\" content=\"https:\/\/maragoginews.com.br\/portal\/noticias\/geral\/especial\/obras-investimentos-e-programas-sociais-marcam-os-dois-governos-de-renan-filho-em-alagoas\/\" \/>\n<meta property=\"og:site_name\" content=\"Maragogi News\" \/>\n<meta property=\"article:published_time\" content=\"2026-08-31T14:31:55+00:00\" \/>\n<meta property=\"article:modified_time\" content=\"2026-08-31T23:16:22+00:00\" \/>\n<meta property=\"og:image\" content=\"https:\/\/maragoginews.com.br\/portal\/wp-content\/uploads\/2026\/08\/CrNjLxnS8VwrJICrV37GutF54L_brtRZYjLICxSV387HXTK9yWg0UFDblmi7-CXcKcLbjoymYQUWzFe0n8fSf4YgpNdeHmZh2lVjB_IViQc_uuyaZ9Gn_9f0h9uGKj-K3UApJLbqIEyynq9CxauInFGfkSeFUdvMJtGap9uT6fGw9lU0gqAJCnW.jpg\" \/>\n\t<meta property=\"og:image:width\" content=\"970\" \/>\n\t<meta property=\"og:image:height\" content=\"509\" \/>\n\t<meta property=\"og:image:type\" content=\"image\/jpeg\" \/>\n<meta name=\"author\" content=\"Reda\u00e7\u00e3o\" \/>\n<meta name=\"twitter:card\" content=\"summary_large_image\" \/>\n<meta name=\"twitter:label1\" content=\"Escrito por\" \/>\n\t<meta name=\"twitter:data1\" content=\"Reda\u00e7\u00e3o\" \/>\n\t<meta name=\"twitter:label2\" content=\"Est. tempo de leitura\" \/>\n\t<meta name=\"twitter:data2\" content=\"9 minutos\" \/>\n<script type=\"application\/ld+json\" class=\"yoast-schema-graph\">{\"@context\":\"https:\/\/schema.org\",\"@graph\":[{\"@type\":\"Article\",\"@id\":\"https:\/\/maragoginews.com.br\/portal\/noticias\/geral\/especial\/obras-investimentos-e-programas-sociais-marcam-os-dois-governos-de-renan-filho-em-alagoas\/#article\",\"isPartOf\":{\"@id\":\"https:\/\/maragoginews.com.br\/portal\/noticias\/geral\/especial\/obras-investimentos-e-programas-sociais-marcam-os-dois-governos-de-renan-filho-em-alagoas\/\"},\"author\":{\"name\":\"Reda\u00e7\u00e3o\",\"@id\":\"https:\/\/maragoginews.com.br\/portal\/#\/schema\/person\/a445323773becef66921958b9c97b6e1\"},\"headline\":\"Obras, investimentos e programas sociais marcaram os dois governos de Renan Filho em Alagoas\",\"datePublished\":\"2026-08-31T14:31:55+00:00\",\"dateModified\":\"2026-08-31T23:16:22+00:00\",\"mainEntityOfPage\":{\"@id\":\"https:\/\/maragoginews.com.br\/portal\/noticias\/geral\/especial\/obras-investimentos-e-programas-sociais-marcam-os-dois-governos-de-renan-filho-em-alagoas\/\"},\"wordCount\":1435,\"commentCount\":0,\"publisher\":{\"@id\":\"https:\/\/maragoginews.com.br\/portal\/#organization\"},\"image\":{\"@id\":\"https:\/\/maragoginews.com.br\/portal\/noticias\/geral\/especial\/obras-investimentos-e-programas-sociais-marcam-os-dois-governos-de-renan-filho-em-alagoas\/#primaryimage\"},\"thumbnailUrl\":\"https:\/\/maragoginews.com.br\/portal\/wp-content\/uploads\/2026\/08\/CrNjLxnS8VwrJICrV37GutF54L_brtRZYjLICxSV387HXTK9yWg0UFDblmi7-CXcKcLbjoymYQUWzFe0n8fSf4YgpNdeHmZh2lVjB_IViQc_uuyaZ9Gn_9f0h9uGKj-K3UApJLbqIEyynq9CxauInFGfkSeFUdvMJtGap9uT6fGw9lU0gqAJCnW.jpg\",\"articleSection\":[\"Especial\"],\"inLanguage\":\"pt-BR\",\"potentialAction\":[{\"@type\":\"CommentAction\",\"name\":\"Comment\",\"target\":[\"https:\/\/maragoginews.com.br\/portal\/noticias\/geral\/especial\/obras-investimentos-e-programas-sociais-marcam-os-dois-governos-de-renan-filho-em-alagoas\/#respond\"]}]},{\"@type\":\"WebPage\",\"@id\":\"https:\/\/maragoginews.com.br\/portal\/noticias\/geral\/especial\/obras-investimentos-e-programas-sociais-marcam-os-dois-governos-de-renan-filho-em-alagoas\/\",\"url\":\"https:\/\/maragoginews.com.br\/portal\/noticias\/geral\/especial\/obras-investimentos-e-programas-sociais-marcam-os-dois-governos-de-renan-filho-em-alagoas\/\",\"name\":\"Obras, investimentos e programas sociais marcaram os dois governos de Renan Filho em Alagoas - Maragogi News\",\"isPartOf\":{\"@id\":\"https:\/\/maragoginews.com.br\/portal\/#website\"},\"primaryImageOfPage\":{\"@id\":\"https:\/\/maragoginews.com.br\/portal\/noticias\/geral\/especial\/obras-investimentos-e-programas-sociais-marcam-os-dois-governos-de-renan-filho-em-alagoas\/#primaryimage\"},\"image\":{\"@id\":\"https:\/\/maragoginews.com.br\/portal\/noticias\/geral\/especial\/obras-investimentos-e-programas-sociais-marcam-os-dois-governos-de-renan-filho-em-alagoas\/#primaryimage\"},\"thumbnailUrl\":\"https:\/\/maragoginews.com.br\/portal\/wp-content\/uploads\/2026\/08\/CrNjLxnS8VwrJICrV37GutF54L_brtRZYjLICxSV387HXTK9yWg0UFDblmi7-CXcKcLbjoymYQUWzFe0n8fSf4YgpNdeHmZh2lVjB_IViQc_uuyaZ9Gn_9f0h9uGKj-K3UApJLbqIEyynq9CxauInFGfkSeFUdvMJtGap9uT6fGw9lU0gqAJCnW.jpg\",\"datePublished\":\"2026-08-31T14:31:55+00:00\",\"dateModified\":\"2026-08-31T23:16:22+00:00\",\"breadcrumb\":{\"@id\":\"https:\/\/maragoginews.com.br\/portal\/noticias\/geral\/especial\/obras-investimentos-e-programas-sociais-marcam-os-dois-governos-de-renan-filho-em-alagoas\/#breadcrumb\"},\"inLanguage\":\"pt-BR\",\"potentialAction\":[{\"@type\":\"ReadAction\",\"target\":[\"https:\/\/maragoginews.com.br\/portal\/noticias\/geral\/especial\/obras-investimentos-e-programas-sociais-marcam-os-dois-governos-de-renan-filho-em-alagoas\/\"]}]},{\"@type\":\"ImageObject\",\"inLanguage\":\"pt-BR\",\"@id\":\"https:\/\/maragoginews.com.br\/portal\/noticias\/geral\/especial\/obras-investimentos-e-programas-sociais-marcam-os-dois-governos-de-renan-filho-em-alagoas\/#primaryimage\",\"url\":\"https:\/\/maragoginews.com.br\/portal\/wp-content\/uploads\/2026\/08\/CrNjLxnS8VwrJICrV37GutF54L_brtRZYjLICxSV387HXTK9yWg0UFDblmi7-CXcKcLbjoymYQUWzFe0n8fSf4YgpNdeHmZh2lVjB_IViQc_uuyaZ9Gn_9f0h9uGKj-K3UApJLbqIEyynq9CxauInFGfkSeFUdvMJtGap9uT6fGw9lU0gqAJCnW.jpg\",\"contentUrl\":\"https:\/\/maragoginews.com.br\/portal\/wp-content\/uploads\/2026\/08\/CrNjLxnS8VwrJICrV37GutF54L_brtRZYjLICxSV387HXTK9yWg0UFDblmi7-CXcKcLbjoymYQUWzFe0n8fSf4YgpNdeHmZh2lVjB_IViQc_uuyaZ9Gn_9f0h9uGKj-K3UApJLbqIEyynq9CxauInFGfkSeFUdvMJtGap9uT6fGw9lU0gqAJCnW.jpg\",\"width\":970,\"height\":509},{\"@type\":\"BreadcrumbList\",\"@id\":\"https:\/\/maragoginews.com.br\/portal\/noticias\/geral\/especial\/obras-investimentos-e-programas-sociais-marcam-os-dois-governos-de-renan-filho-em-alagoas\/#breadcrumb\",\"itemListElement\":[{\"@type\":\"ListItem\",\"position\":1,\"name\":\"In\u00edcio\",\"item\":\"https:\/\/maragoginews.com.br\/portal\/\"},{\"@type\":\"ListItem\",\"position\":2,\"name\":\"Obras, investimentos e programas sociais marcaram os dois governos de Renan Filho em Alagoas\"}]},{\"@type\":\"WebSite\",\"@id\":\"https:\/\/maragoginews.com.br\/portal\/#website\",\"url\":\"https:\/\/maragoginews.com.br\/portal\/\",\"name\":\"Maragogi News\",\"description\":\"Portal de Not\u00edcias\",\"publisher\":{\"@id\":\"https:\/\/maragoginews.com.br\/portal\/#organization\"},\"potentialAction\":[{\"@type\":\"SearchAction\",\"target\":{\"@type\":\"EntryPoint\",\"urlTemplate\":\"https:\/\/maragoginews.com.br\/portal\/?s={search_term_string}\"},\"query-input\":{\"@type\":\"PropertyValueSpecification\",\"valueRequired\":true,\"valueName\":\"search_term_string\"}}],\"inLanguage\":\"pt-BR\"},{\"@type\":\"Organization\",\"@id\":\"https:\/\/maragoginews.com.br\/portal\/#organization\",\"name\":\"Maragogi News\",\"url\":\"https:\/\/maragoginews.com.br\/portal\/\",\"logo\":{\"@type\":\"ImageObject\",\"inLanguage\":\"pt-BR\",\"@id\":\"https:\/\/maragoginews.com.br\/portal\/#\/schema\/logo\/image\/\",\"url\":\"https:\/\/maragoginews.com.br\/portal\/wp-content\/uploads\/2020\/10\/mn.png\",\"contentUrl\":\"https:\/\/maragoginews.com.br\/portal\/wp-content\/uploads\/2020\/10\/mn.png\",\"width\":305,\"height\":50,\"caption\":\"Maragogi News\"},\"image\":{\"@id\":\"https:\/\/maragoginews.com.br\/portal\/#\/schema\/logo\/image\/\"}},{\"@type\":\"Person\",\"@id\":\"https:\/\/maragoginews.com.br\/portal\/#\/schema\/person\/a445323773becef66921958b9c97b6e1\",\"name\":\"Reda\u00e7\u00e3o\",\"image\":{\"@type\":\"ImageObject\",\"inLanguage\":\"pt-BR\",\"@id\":\"https:\/\/maragoginews.com.br\/portal\/#\/schema\/person\/image\/\",\"url\":\"https:\/\/maragoginews.com.br\/portal\/wp-content\/uploads\/2020\/12\/redacao.jpg\",\"contentUrl\":\"https:\/\/maragoginews.com.br\/portal\/wp-content\/uploads\/2020\/12\/redacao.jpg\",\"caption\":\"Reda\u00e7\u00e3o\"},\"sameAs\":[\"http:\/\/maragoginews.com.br\/\"],\"url\":\"https:\/\/maragoginews.com.br\/portal\/author\/redacao\/\"}]}<\/script>\n<!-- \/ Yoast SEO plugin. -->","yoast_head_json":{"title":"Obras, investimentos e programas sociais marcaram os dois governos de Renan Filho em Alagoas - Maragogi News","robots":{"index":"index","follow":"follow","max-snippet":"max-snippet:-1","max-image-preview":"max-image-preview:large","max-video-preview":"max-video-preview:-1"},"canonical":"https:\/\/maragoginews.com.br\/portal\/noticias\/geral\/especial\/obras-investimentos-e-programas-sociais-marcam-os-dois-governos-de-renan-filho-em-alagoas\/","og_locale":"pt_BR","og_type":"article","og_title":"Obras, investimentos e programas sociais marcaram os dois governos de Renan Filho em Alagoas - Maragogi News","og_description":"De rodovias e hospitais \u00e0 expans\u00e3o da educa\u00e7\u00e3o e cria\u00e7\u00e3o de programas de transfer\u00eancia de renda, gest\u00e3o promoveu um ciclo de investimentos que alcan\u00e7ou diferentes regi\u00f5es do Estado","og_url":"https:\/\/maragoginews.com.br\/portal\/noticias\/geral\/especial\/obras-investimentos-e-programas-sociais-marcam-os-dois-governos-de-renan-filho-em-alagoas\/","og_site_name":"Maragogi News","article_published_time":"2026-08-31T14:31:55+00:00","article_modified_time":"2026-08-31T23:16:22+00:00","og_image":[{"width":970,"height":509,"url":"https:\/\/maragoginews.com.br\/portal\/wp-content\/uploads\/2026\/08\/CrNjLxnS8VwrJICrV37GutF54L_brtRZYjLICxSV387HXTK9yWg0UFDblmi7-CXcKcLbjoymYQUWzFe0n8fSf4YgpNdeHmZh2lVjB_IViQc_uuyaZ9Gn_9f0h9uGKj-K3UApJLbqIEyynq9CxauInFGfkSeFUdvMJtGap9uT6fGw9lU0gqAJCnW.jpg","type":"image\/jpeg"}],"author":"Reda\u00e7\u00e3o","twitter_card":"summary_large_image","twitter_misc":{"Escrito por":"Reda\u00e7\u00e3o","Est. tempo de leitura":"9 minutos"},"schema":{"@context":"https:\/\/schema.org","@graph":[{"@type":"Article","@id":"https:\/\/maragoginews.com.br\/portal\/noticias\/geral\/especial\/obras-investimentos-e-programas-sociais-marcam-os-dois-governos-de-renan-filho-em-alagoas\/#article","isPartOf":{"@id":"https:\/\/maragoginews.com.br\/portal\/noticias\/geral\/especial\/obras-investimentos-e-programas-sociais-marcam-os-dois-governos-de-renan-filho-em-alagoas\/"},"author":{"name":"Reda\u00e7\u00e3o","@id":"https:\/\/maragoginews.com.br\/portal\/#\/schema\/person\/a445323773becef66921958b9c97b6e1"},"headline":"Obras, investimentos e programas sociais marcaram os dois governos de Renan Filho em Alagoas","datePublished":"2026-08-31T14:31:55+00:00","dateModified":"2026-08-31T23:16:22+00:00","mainEntityOfPage":{"@id":"https:\/\/maragoginews.com.br\/portal\/noticias\/geral\/especial\/obras-investimentos-e-programas-sociais-marcam-os-dois-governos-de-renan-filho-em-alagoas\/"},"wordCount":1435,"commentCount":0,"publisher":{"@id":"https:\/\/maragoginews.com.br\/portal\/#organization"},"image":{"@id":"https:\/\/maragoginews.com.br\/portal\/noticias\/geral\/especial\/obras-investimentos-e-programas-sociais-marcam-os-dois-governos-de-renan-filho-em-alagoas\/#primaryimage"},"thumbnailUrl":"https:\/\/maragoginews.com.br\/portal\/wp-content\/uploads\/2026\/08\/CrNjLxnS8VwrJICrV37GutF54L_brtRZYjLICxSV387HXTK9yWg0UFDblmi7-CXcKcLbjoymYQUWzFe0n8fSf4YgpNdeHmZh2lVjB_IViQc_uuyaZ9Gn_9f0h9uGKj-K3UApJLbqIEyynq9CxauInFGfkSeFUdvMJtGap9uT6fGw9lU0gqAJCnW.jpg","articleSection":["Especial"],"inLanguage":"pt-BR","potentialAction":[{"@type":"CommentAction","name":"Comment","target":["https:\/\/maragoginews.com.br\/portal\/noticias\/geral\/especial\/obras-investimentos-e-programas-sociais-marcam-os-dois-governos-de-renan-filho-em-alagoas\/#respond"]}]},{"@type":"WebPage","@id":"https:\/\/maragoginews.com.br\/portal\/noticias\/geral\/especial\/obras-investimentos-e-programas-sociais-marcam-os-dois-governos-de-renan-filho-em-alagoas\/","url":"https:\/\/maragoginews.com.br\/portal\/noticias\/geral\/especial\/obras-investimentos-e-programas-sociais-marcam-os-dois-governos-de-renan-filho-em-alagoas\/","name":"Obras, investimentos e programas sociais marcaram os dois governos de Renan Filho em Alagoas - Maragogi News","isPartOf":{"@id":"https:\/\/maragoginews.com.br\/portal\/#website"},"primaryImageOfPage":{"@id":"https:\/\/maragoginews.com.br\/portal\/noticias\/geral\/especial\/obras-investimentos-e-programas-sociais-marcam-os-dois-governos-de-renan-filho-em-alagoas\/#primaryimage"},"image":{"@id":"https:\/\/maragoginews.com.br\/portal\/noticias\/geral\/especial\/obras-investimentos-e-programas-sociais-marcam-os-dois-governos-de-renan-filho-em-alagoas\/#primaryimage"},"thumbnailUrl":"https:\/\/maragoginews.com.br\/portal\/wp-content\/uploads\/2026\/08\/CrNjLxnS8VwrJICrV37GutF54L_brtRZYjLICxSV387HXTK9yWg0UFDblmi7-CXcKcLbjoymYQUWzFe0n8fSf4YgpNdeHmZh2lVjB_IViQc_uuyaZ9Gn_9f0h9uGKj-K3UApJLbqIEyynq9CxauInFGfkSeFUdvMJtGap9uT6fGw9lU0gqAJCnW.jpg","datePublished":"2026-08-31T14:31:55+00:00","dateModified":"2026-08-31T23:16:22+00:00","breadcrumb":{"@id":"https:\/\/maragoginews.com.br\/portal\/noticias\/geral\/especial\/obras-investimentos-e-programas-sociais-marcam-os-dois-governos-de-renan-filho-em-alagoas\/#breadcrumb"},"inLanguage":"pt-BR","potentialAction":[{"@type":"ReadAction","target":["https:\/\/maragoginews.com.br\/portal\/noticias\/geral\/especial\/obras-investimentos-e-programas-sociais-marcam-os-dois-governos-de-renan-filho-em-alagoas\/"]}]},{"@type":"ImageObject","inLanguage":"pt-BR","@id":"https:\/\/maragoginews.com.br\/portal\/noticias\/geral\/especial\/obras-investimentos-e-programas-sociais-marcam-os-dois-governos-de-renan-filho-em-alagoas\/#primaryimage","url":"https:\/\/maragoginews.com.br\/portal\/wp-content\/uploads\/2026\/08\/CrNjLxnS8VwrJICrV37GutF54L_brtRZYjLICxSV387HXTK9yWg0UFDblmi7-CXcKcLbjoymYQUWzFe0n8fSf4YgpNdeHmZh2lVjB_IViQc_uuyaZ9Gn_9f0h9uGKj-K3UApJLbqIEyynq9CxauInFGfkSeFUdvMJtGap9uT6fGw9lU0gqAJCnW.jpg","contentUrl":"https:\/\/maragoginews.com.br\/portal\/wp-content\/uploads\/2026\/08\/CrNjLxnS8VwrJICrV37GutF54L_brtRZYjLICxSV387HXTK9yWg0UFDblmi7-CXcKcLbjoymYQUWzFe0n8fSf4YgpNdeHmZh2lVjB_IViQc_uuyaZ9Gn_9f0h9uGKj-K3UApJLbqIEyynq9CxauInFGfkSeFUdvMJtGap9uT6fGw9lU0gqAJCnW.jpg","width":970,"height":509},{"@type":"BreadcrumbList","@id":"https:\/\/maragoginews.com.br\/portal\/noticias\/geral\/especial\/obras-investimentos-e-programas-sociais-marcam-os-dois-governos-de-renan-filho-em-alagoas\/#breadcrumb","itemListElement":[{"@type":"ListItem","position":1,"name":"In\u00edcio","item":"https:\/\/maragoginews.com.br\/portal\/"},{"@type":"ListItem","position":2,"name":"Obras, investimentos e programas sociais marcaram os dois governos de Renan Filho em Alagoas"}]},{"@type":"WebSite","@id":"https:\/\/maragoginews.com.br\/portal\/#website","url":"https:\/\/maragoginews.com.br\/portal\/","name":"Maragogi News","description":"Portal de Not\u00edcias","publisher":{"@id":"https:\/\/maragoginews.com.br\/portal\/#organization"},"potentialAction":[{"@type":"SearchAction","target":{"@type":"EntryPoint","urlTemplate":"https:\/\/maragoginews.com.br\/portal\/?s={search_term_string}"},"query-input":{"@type":"PropertyValueSpecification","valueRequired":true,"valueName":"search_term_string"}}],"inLanguage":"pt-BR"},{"@type":"Organization","@id":"https:\/\/maragoginews.com.br\/portal\/#organization","name":"Maragogi News","url":"https:\/\/maragoginews.com.br\/portal\/","logo":{"@type":"ImageObject","inLanguage":"pt-BR","@id":"https:\/\/maragoginews.com.br\/portal\/#\/schema\/logo\/image\/","url":"https:\/\/maragoginews.com.br\/portal\/wp-content\/uploads\/2020\/10\/mn.png","contentUrl":"https:\/\/maragoginews.com.br\/portal\/wp-content\/uploads\/2020\/10\/mn.png","width":305,"height":50,"caption":"Maragogi News"},"image":{"@id":"https:\/\/maragoginews.com.br\/portal\/#\/schema\/logo\/image\/"}},{"@type":"Person","@id":"https:\/\/maragoginews.com.br\/portal\/#\/schema\/person\/a445323773becef66921958b9c97b6e1","name":"Reda\u00e7\u00e3o","image":{"@type":"ImageObject","inLanguage":"pt-BR","@id":"https:\/\/maragoginews.com.br\/portal\/#\/schema\/person\/image\/","url":"https:\/\/maragoginews.com.br\/portal\/wp-content\/uploads\/2020\/12\/redacao.jpg","contentUrl":"https:\/\/maragoginews.com.br\/portal\/wp-content\/uploads\/2020\/12\/redacao.jpg","caption":"Reda\u00e7\u00e3o"},"sameAs":["http:\/\/maragoginews.com.br\/"],"url":"https:\/\/maragoginews.com.br\/portal\/author\/redacao\/"}]}},"_links":{"self":[{"href":"https:\/\/maragoginews.com.br\/portal\/wp-json\/wp\/v2\/posts\/26166","targetHints":{"allow":["GET"]}}],"collection":[{"href":"https:\/\/maragoginews.com.br\/portal\/wp-json\/wp\/v2\/posts"}],"about":[{"href":"https:\/\/maragoginews.com.br\/portal\/wp-json\/wp\/v2\/types\/post"}],"author":[{"embeddable":true,"href":"https:\/\/maragoginews.com.br\/portal\/wp-json\/wp\/v2\/users\/3"}],"replies":[{"embeddable":true,"href":"https:\/\/maragoginews.com.br\/portal\/wp-json\/wp\/v2\/comments?post=26166"}],"version-history":[{"count":5,"href":"https:\/\/maragoginews.com.br\/portal\/wp-json\/wp\/v2\/posts\/26166\/revisions"}],"predecessor-version":[{"id":26180,"href":"https:\/\/maragoginews.com.br\/portal\/wp-json\/wp\/v2\/posts\/26166\/revisions\/26180"}],"wp:featuredmedia":[{"embeddable":true,"href":"https:\/\/maragoginews.com.br\/portal\/wp-json\/wp\/v2\/media\/26170"}],"wp:attachment":[{"href":"https:\/\/maragoginews.com.br\/portal\/wp-json\/wp\/v2\/media?parent=26166"}],"wp:term":[{"taxonomy":"category","embeddable":true,"href":"https:\/\/maragoginews.com.br\/portal\/wp-json\/wp\/v2\/categories?post=26166"},{"taxonomy":"post_tag","embeddable":true,"href":"https:\/\/maragoginews.com.br\/portal\/wp-json\/wp\/v2\/tags?post=26166"}],"curies":[{"name":"wp","href":"https:\/\/api.w.org\/{rel}","templated":true}]}}