{"id":26192,"date":"2026-08-31T21:51:55","date_gmt":"2026-09-01T00:51:55","guid":{"rendered":"https:\/\/maragoginews.com.br\/portal\/?p=26192"},"modified":"2026-08-31T21:51:55","modified_gmt":"2026-09-01T00:51:55","slug":"paulo-dantas-reune-mais-de-80-prefeitos-e-mostra-forca-em-apoio-a-renan-filho","status":"publish","type":"post","link":"https:\/\/maragoginews.com.br\/portal\/noticias\/geral\/politica\/paulo-dantas-reune-mais-de-80-prefeitos-e-mostra-forca-em-apoio-a-renan-filho\/","title":{"rendered":"Paulo Dantas re\u00fane mais de 80 prefeitos e mostra for\u00e7a em apoio a Renan Filho"},"content":{"rendered":"<p>O governador Paulo Dantas (MDB) demonstrou for\u00e7a pol\u00edtica ao reunir, nesta segunda-feira (31), mais de 80 prefeitos alagoanos no Hotel Ritz, em Macei\u00f3. Durante o encontro, os gestores declararam apoio \u00e0 candidatura de Renan Filho (MDB) ao Governo de Alagoas.<\/p>\n<p>O ato consolidou a presen\u00e7a do grupo governista na maioria dos munic\u00edpios do estado e refor\u00e7ou a participa\u00e7\u00e3o direta de Paulo na campanha. Os prefeitos tamb\u00e9m agradeceram ao governador pela agenda municipalista adotada pelo Executivo estadual nos \u00faltimos anos.<\/p>\n<p>Os gestores destacaram a parceria com o Governo de Alagoas para executar obras, ampliar servi\u00e7os p\u00fablicos e viabilizar investimentos nas cidades. O apoio a Renan Filho foi apresentado como uma defesa da continuidade dessa articula\u00e7\u00e3o entre o Estado e os munic\u00edpios.<\/p>\n<p>\u201cAlagoas sabe quem trabalha, quem entrega e quem est\u00e1 ao lado dos munic\u00edpios. Vamos seguir juntos, com compromisso e trabalho de verdade, porque os alagoanos j\u00e1 escolheram fazer hist\u00f3ria de novo com Renan Filho\u201d, afirmou Paulo Dantas.<\/p>\n","protected":false},"excerpt":{"rendered":"<p>Gestores municipais declararam apoio ao candidato do MDB e destacaram a agenda municipalista conduzida pelo governador nos \u00faltimos anos<\/p>\n","protected":false},"author":3,"featured_media":26193,"comment_status":"open","ping_status":"open","sticky":false,"template":"","format":"standard","meta":{"footnotes":""},"categories":[31],"tags":[],"class_list":["post-26192","post","type-post","status-publish","format-standard","has-post-thumbnail","hentry","category-politica"],"yoast_head":"<!-- This site is optimized with the Yoast SEO plugin v26.6 - https:\/\/yoast.com\/wordpress\/plugins\/seo\/ -->\n<title>Paulo Dantas re\u00fane mais de 80 prefeitos e mostra for\u00e7a em apoio a Renan Filho - Maragogi News<\/title>\n<meta name=\"robots\" content=\"index, follow, max-snippet:-1, max-image-preview:large, max-video-preview:-1\" \/>\n<link rel=\"canonical\" href=\"https:\/\/maragoginews.com.br\/portal\/noticias\/geral\/politica\/paulo-dantas-reune-mais-de-80-prefeitos-e-mostra-forca-em-apoio-a-renan-filho\/\" \/>\n<meta property=\"og:locale\" content=\"pt_BR\" \/>\n<meta property=\"og:type\" content=\"article\" \/>\n<meta property=\"og:title\" content=\"Paulo Dantas re\u00fane mais de 80 prefeitos e mostra for\u00e7a em apoio a Renan Filho - Maragogi News\" \/>\n<meta property=\"og:description\" content=\"Gestores municipais declararam apoio ao candidato do MDB e destacaram a agenda municipalista conduzida pelo governador nos \u00faltimos anos\" \/>\n<meta property=\"og:url\" content=\"https:\/\/maragoginews.com.br\/portal\/noticias\/geral\/politica\/paulo-dantas-reune-mais-de-80-prefeitos-e-mostra-forca-em-apoio-a-renan-filho\/\" \/>\n<meta property=\"og:site_name\" content=\"Maragogi News\" \/>\n<meta property=\"article:published_time\" content=\"2026-09-01T00:51:55+00:00\" \/>\n<meta property=\"og:image\" content=\"https:\/\/maragoginews.com.br\/portal\/wp-content\/uploads\/2026\/08\/IMG_5094.JPG-scaled.jpeg\" \/>\n\t<meta property=\"og:image:width\" content=\"970\" \/>\n\t<meta property=\"og:image:height\" content=\"647\" \/>\n\t<meta property=\"og:image:type\" content=\"image\/jpeg\" \/>\n<meta name=\"author\" content=\"Reda\u00e7\u00e3o\" \/>\n<meta name=\"twitter:card\" content=\"summary_large_image\" \/>\n<meta name=\"twitter:label1\" content=\"Escrito por\" \/>\n\t<meta name=\"twitter:data1\" content=\"Reda\u00e7\u00e3o\" \/>\n\t<meta name=\"twitter:label2\" content=\"Est. tempo de leitura\" \/>\n\t<meta name=\"twitter:data2\" content=\"2 minutos\" \/>\n<script type=\"application\/ld+json\" class=\"yoast-schema-graph\">{\"@context\":\"https:\/\/schema.org\",\"@graph\":[{\"@type\":\"Article\",\"@id\":\"https:\/\/maragoginews.com.br\/portal\/noticias\/geral\/politica\/paulo-dantas-reune-mais-de-80-prefeitos-e-mostra-forca-em-apoio-a-renan-filho\/#article\",\"isPartOf\":{\"@id\":\"https:\/\/maragoginews.com.br\/portal\/noticias\/geral\/politica\/paulo-dantas-reune-mais-de-80-prefeitos-e-mostra-forca-em-apoio-a-renan-filho\/\"},\"author\":{\"name\":\"Reda\u00e7\u00e3o\",\"@id\":\"https:\/\/maragoginews.com.br\/portal\/#\/schema\/person\/a445323773becef66921958b9c97b6e1\"},\"headline\":\"Paulo Dantas re\u00fane mais de 80 prefeitos e mostra for\u00e7a em apoio a Renan Filho\",\"datePublished\":\"2026-09-01T00:51:55+00:00\",\"mainEntityOfPage\":{\"@id\":\"https:\/\/maragoginews.com.br\/portal\/noticias\/geral\/politica\/paulo-dantas-reune-mais-de-80-prefeitos-e-mostra-forca-em-apoio-a-renan-filho\/\"},\"wordCount\":183,\"commentCount\":0,\"publisher\":{\"@id\":\"https:\/\/maragoginews.com.br\/portal\/#organization\"},\"image\":{\"@id\":\"https:\/\/maragoginews.com.br\/portal\/noticias\/geral\/politica\/paulo-dantas-reune-mais-de-80-prefeitos-e-mostra-forca-em-apoio-a-renan-filho\/#primaryimage\"},\"thumbnailUrl\":\"https:\/\/maragoginews.com.br\/portal\/wp-content\/uploads\/2026\/08\/IMG_5094.JPG-scaled.jpeg\",\"articleSection\":[\"Pol\u00edtica\"],\"inLanguage\":\"pt-BR\",\"potentialAction\":[{\"@type\":\"CommentAction\",\"name\":\"Comment\",\"target\":[\"https:\/\/maragoginews.com.br\/portal\/noticias\/geral\/politica\/paulo-dantas-reune-mais-de-80-prefeitos-e-mostra-forca-em-apoio-a-renan-filho\/#respond\"]}]},{\"@type\":\"WebPage\",\"@id\":\"https:\/\/maragoginews.com.br\/portal\/noticias\/geral\/politica\/paulo-dantas-reune-mais-de-80-prefeitos-e-mostra-forca-em-apoio-a-renan-filho\/\",\"url\":\"https:\/\/maragoginews.com.br\/portal\/noticias\/geral\/politica\/paulo-dantas-reune-mais-de-80-prefeitos-e-mostra-forca-em-apoio-a-renan-filho\/\",\"name\":\"Paulo Dantas re\u00fane mais de 80 prefeitos e mostra for\u00e7a em apoio a Renan Filho - Maragogi News\",\"isPartOf\":{\"@id\":\"https:\/\/maragoginews.com.br\/portal\/#website\"},\"primaryImageOfPage\":{\"@id\":\"https:\/\/maragoginews.com.br\/portal\/noticias\/geral\/politica\/paulo-dantas-reune-mais-de-80-prefeitos-e-mostra-forca-em-apoio-a-renan-filho\/#primaryimage\"},\"image\":{\"@id\":\"https:\/\/maragoginews.com.br\/portal\/noticias\/geral\/politica\/paulo-dantas-reune-mais-de-80-prefeitos-e-mostra-forca-em-apoio-a-renan-filho\/#primaryimage\"},\"thumbnailUrl\":\"https:\/\/maragoginews.com.br\/portal\/wp-content\/uploads\/2026\/08\/IMG_5094.JPG-scaled.jpeg\",\"datePublished\":\"2026-09-01T00:51:55+00:00\",\"breadcrumb\":{\"@id\":\"https:\/\/maragoginews.com.br\/portal\/noticias\/geral\/politica\/paulo-dantas-reune-mais-de-80-prefeitos-e-mostra-forca-em-apoio-a-renan-filho\/#breadcrumb\"},\"inLanguage\":\"pt-BR\",\"potentialAction\":[{\"@type\":\"ReadAction\",\"target\":[\"https:\/\/maragoginews.com.br\/portal\/noticias\/geral\/politica\/paulo-dantas-reune-mais-de-80-prefeitos-e-mostra-forca-em-apoio-a-renan-filho\/\"]}]},{\"@type\":\"ImageObject\",\"inLanguage\":\"pt-BR\",\"@id\":\"https:\/\/maragoginews.com.br\/portal\/noticias\/geral\/politica\/paulo-dantas-reune-mais-de-80-prefeitos-e-mostra-forca-em-apoio-a-renan-filho\/#primaryimage\",\"url\":\"https:\/\/maragoginews.com.br\/portal\/wp-content\/uploads\/2026\/08\/IMG_5094.JPG-scaled.jpeg\",\"contentUrl\":\"https:\/\/maragoginews.com.br\/portal\/wp-content\/uploads\/2026\/08\/IMG_5094.JPG-scaled.jpeg\",\"width\":970,\"height\":647},{\"@type\":\"BreadcrumbList\",\"@id\":\"https:\/\/maragoginews.com.br\/portal\/noticias\/geral\/politica\/paulo-dantas-reune-mais-de-80-prefeitos-e-mostra-forca-em-apoio-a-renan-filho\/#breadcrumb\",\"itemListElement\":[{\"@type\":\"ListItem\",\"position\":1,\"name\":\"In\u00edcio\",\"item\":\"https:\/\/maragoginews.com.br\/portal\/\"},{\"@type\":\"ListItem\",\"position\":2,\"name\":\"Paulo Dantas re\u00fane mais de 80 prefeitos e mostra for\u00e7a em apoio a Renan Filho\"}]},{\"@type\":\"WebSite\",\"@id\":\"https:\/\/maragoginews.com.br\/portal\/#website\",\"url\":\"https:\/\/maragoginews.com.br\/portal\/\",\"name\":\"Maragogi News\",\"description\":\"Portal de Not\u00edcias\",\"publisher\":{\"@id\":\"https:\/\/maragoginews.com.br\/portal\/#organization\"},\"potentialAction\":[{\"@type\":\"SearchAction\",\"target\":{\"@type\":\"EntryPoint\",\"urlTemplate\":\"https:\/\/maragoginews.com.br\/portal\/?s={search_term_string}\"},\"query-input\":{\"@type\":\"PropertyValueSpecification\",\"valueRequired\":true,\"valueName\":\"search_term_string\"}}],\"inLanguage\":\"pt-BR\"},{\"@type\":\"Organization\",\"@id\":\"https:\/\/maragoginews.com.br\/portal\/#organization\",\"name\":\"Maragogi News\",\"url\":\"https:\/\/maragoginews.com.br\/portal\/\",\"logo\":{\"@type\":\"ImageObject\",\"inLanguage\":\"pt-BR\",\"@id\":\"https:\/\/maragoginews.com.br\/portal\/#\/schema\/logo\/image\/\",\"url\":\"https:\/\/maragoginews.com.br\/portal\/wp-content\/uploads\/2020\/10\/mn.png\",\"contentUrl\":\"https:\/\/maragoginews.com.br\/portal\/wp-content\/uploads\/2020\/10\/mn.png\",\"width\":305,\"height\":50,\"caption\":\"Maragogi News\"},\"image\":{\"@id\":\"https:\/\/maragoginews.com.br\/portal\/#\/schema\/logo\/image\/\"}},{\"@type\":\"Person\",\"@id\":\"https:\/\/maragoginews.com.br\/portal\/#\/schema\/person\/a445323773becef66921958b9c97b6e1\",\"name\":\"Reda\u00e7\u00e3o\",\"image\":{\"@type\":\"ImageObject\",\"inLanguage\":\"pt-BR\",\"@id\":\"https:\/\/maragoginews.com.br\/portal\/#\/schema\/person\/image\/\",\"url\":\"https:\/\/maragoginews.com.br\/portal\/wp-content\/uploads\/2020\/12\/redacao.jpg\",\"contentUrl\":\"https:\/\/maragoginews.com.br\/portal\/wp-content\/uploads\/2020\/12\/redacao.jpg\",\"caption\":\"Reda\u00e7\u00e3o\"},\"sameAs\":[\"http:\/\/maragoginews.com.br\/\"],\"url\":\"https:\/\/maragoginews.com.br\/portal\/author\/redacao\/\"}]}<\/script>\n<!-- \/ Yoast SEO plugin. -->","yoast_head_json":{"title":"Paulo Dantas re\u00fane mais de 80 prefeitos e mostra for\u00e7a em apoio a Renan Filho - Maragogi News","robots":{"index":"index","follow":"follow","max-snippet":"max-snippet:-1","max-image-preview":"max-image-preview:large","max-video-preview":"max-video-preview:-1"},"canonical":"https:\/\/maragoginews.com.br\/portal\/noticias\/geral\/politica\/paulo-dantas-reune-mais-de-80-prefeitos-e-mostra-forca-em-apoio-a-renan-filho\/","og_locale":"pt_BR","og_type":"article","og_title":"Paulo Dantas re\u00fane mais de 80 prefeitos e mostra for\u00e7a em apoio a Renan Filho - Maragogi News","og_description":"Gestores municipais declararam apoio ao candidato do MDB e destacaram a agenda municipalista conduzida pelo governador nos \u00faltimos anos","og_url":"https:\/\/maragoginews.com.br\/portal\/noticias\/geral\/politica\/paulo-dantas-reune-mais-de-80-prefeitos-e-mostra-forca-em-apoio-a-renan-filho\/","og_site_name":"Maragogi News","article_published_time":"2026-09-01T00:51:55+00:00","og_image":[{"width":970,"height":647,"url":"https:\/\/maragoginews.com.br\/portal\/wp-content\/uploads\/2026\/08\/IMG_5094.JPG-scaled.jpeg","type":"image\/jpeg"}],"author":"Reda\u00e7\u00e3o","twitter_card":"summary_large_image","twitter_misc":{"Escrito por":"Reda\u00e7\u00e3o","Est. tempo de leitura":"2 minutos"},"schema":{"@context":"https:\/\/schema.org","@graph":[{"@type":"Article","@id":"https:\/\/maragoginews.com.br\/portal\/noticias\/geral\/politica\/paulo-dantas-reune-mais-de-80-prefeitos-e-mostra-forca-em-apoio-a-renan-filho\/#article","isPartOf":{"@id":"https:\/\/maragoginews.com.br\/portal\/noticias\/geral\/politica\/paulo-dantas-reune-mais-de-80-prefeitos-e-mostra-forca-em-apoio-a-renan-filho\/"},"author":{"name":"Reda\u00e7\u00e3o","@id":"https:\/\/maragoginews.com.br\/portal\/#\/schema\/person\/a445323773becef66921958b9c97b6e1"},"headline":"Paulo Dantas re\u00fane mais de 80 prefeitos e mostra for\u00e7a em apoio a Renan Filho","datePublished":"2026-09-01T00:51:55+00:00","mainEntityOfPage":{"@id":"https:\/\/maragoginews.com.br\/portal\/noticias\/geral\/politica\/paulo-dantas-reune-mais-de-80-prefeitos-e-mostra-forca-em-apoio-a-renan-filho\/"},"wordCount":183,"commentCount":0,"publisher":{"@id":"https:\/\/maragoginews.com.br\/portal\/#organization"},"image":{"@id":"https:\/\/maragoginews.com.br\/portal\/noticias\/geral\/politica\/paulo-dantas-reune-mais-de-80-prefeitos-e-mostra-forca-em-apoio-a-renan-filho\/#primaryimage"},"thumbnailUrl":"https:\/\/maragoginews.com.br\/portal\/wp-content\/uploads\/2026\/08\/IMG_5094.JPG-scaled.jpeg","articleSection":["Pol\u00edtica"],"inLanguage":"pt-BR","potentialAction":[{"@type":"CommentAction","name":"Comment","target":["https:\/\/maragoginews.com.br\/portal\/noticias\/geral\/politica\/paulo-dantas-reune-mais-de-80-prefeitos-e-mostra-forca-em-apoio-a-renan-filho\/#respond"]}]},{"@type":"WebPage","@id":"https:\/\/maragoginews.com.br\/portal\/noticias\/geral\/politica\/paulo-dantas-reune-mais-de-80-prefeitos-e-mostra-forca-em-apoio-a-renan-filho\/","url":"https:\/\/maragoginews.com.br\/portal\/noticias\/geral\/politica\/paulo-dantas-reune-mais-de-80-prefeitos-e-mostra-forca-em-apoio-a-renan-filho\/","name":"Paulo Dantas re\u00fane mais de 80 prefeitos e mostra for\u00e7a em apoio a Renan Filho - Maragogi News","isPartOf":{"@id":"https:\/\/maragoginews.com.br\/portal\/#website"},"primaryImageOfPage":{"@id":"https:\/\/maragoginews.com.br\/portal\/noticias\/geral\/politica\/paulo-dantas-reune-mais-de-80-prefeitos-e-mostra-forca-em-apoio-a-renan-filho\/#primaryimage"},"image":{"@id":"https:\/\/maragoginews.com.br\/portal\/noticias\/geral\/politica\/paulo-dantas-reune-mais-de-80-prefeitos-e-mostra-forca-em-apoio-a-renan-filho\/#primaryimage"},"thumbnailUrl":"https:\/\/maragoginews.com.br\/portal\/wp-content\/uploads\/2026\/08\/IMG_5094.JPG-scaled.jpeg","datePublished":"2026-09-01T00:51:55+00:00","breadcrumb":{"@id":"https:\/\/maragoginews.com.br\/portal\/noticias\/geral\/politica\/paulo-dantas-reune-mais-de-80-prefeitos-e-mostra-forca-em-apoio-a-renan-filho\/#breadcrumb"},"inLanguage":"pt-BR","potentialAction":[{"@type":"ReadAction","target":["https:\/\/maragoginews.com.br\/portal\/noticias\/geral\/politica\/paulo-dantas-reune-mais-de-80-prefeitos-e-mostra-forca-em-apoio-a-renan-filho\/"]}]},{"@type":"ImageObject","inLanguage":"pt-BR","@id":"https:\/\/maragoginews.com.br\/portal\/noticias\/geral\/politica\/paulo-dantas-reune-mais-de-80-prefeitos-e-mostra-forca-em-apoio-a-renan-filho\/#primaryimage","url":"https:\/\/maragoginews.com.br\/portal\/wp-content\/uploads\/2026\/08\/IMG_5094.JPG-scaled.jpeg","contentUrl":"https:\/\/maragoginews.com.br\/portal\/wp-content\/uploads\/2026\/08\/IMG_5094.JPG-scaled.jpeg","width":970,"height":647},{"@type":"BreadcrumbList","@id":"https:\/\/maragoginews.com.br\/portal\/noticias\/geral\/politica\/paulo-dantas-reune-mais-de-80-prefeitos-e-mostra-forca-em-apoio-a-renan-filho\/#breadcrumb","itemListElement":[{"@type":"ListItem","position":1,"name":"In\u00edcio","item":"https:\/\/maragoginews.com.br\/portal\/"},{"@type":"ListItem","position":2,"name":"Paulo Dantas re\u00fane mais de 80 prefeitos e mostra for\u00e7a em apoio a Renan Filho"}]},{"@type":"WebSite","@id":"https:\/\/maragoginews.com.br\/portal\/#website","url":"https:\/\/maragoginews.com.br\/portal\/","name":"Maragogi News","description":"Portal de Not\u00edcias","publisher":{"@id":"https:\/\/maragoginews.com.br\/portal\/#organization"},"potentialAction":[{"@type":"SearchAction","target":{"@type":"EntryPoint","urlTemplate":"https:\/\/maragoginews.com.br\/portal\/?s={search_term_string}"},"query-input":{"@type":"PropertyValueSpecification","valueRequired":true,"valueName":"search_term_string"}}],"inLanguage":"pt-BR"},{"@type":"Organization","@id":"https:\/\/maragoginews.com.br\/portal\/#organization","name":"Maragogi News","url":"https:\/\/maragoginews.com.br\/portal\/","logo":{"@type":"ImageObject","inLanguage":"pt-BR","@id":"https:\/\/maragoginews.com.br\/portal\/#\/schema\/logo\/image\/","url":"https:\/\/maragoginews.com.br\/portal\/wp-content\/uploads\/2020\/10\/mn.png","contentUrl":"https:\/\/maragoginews.com.br\/portal\/wp-content\/uploads\/2020\/10\/mn.png","width":305,"height":50,"caption":"Maragogi News"},"image":{"@id":"https:\/\/maragoginews.com.br\/portal\/#\/schema\/logo\/image\/"}},{"@type":"Person","@id":"https:\/\/maragoginews.com.br\/portal\/#\/schema\/person\/a445323773becef66921958b9c97b6e1","name":"Reda\u00e7\u00e3o","image":{"@type":"ImageObject","inLanguage":"pt-BR","@id":"https:\/\/maragoginews.com.br\/portal\/#\/schema\/person\/image\/","url":"https:\/\/maragoginews.com.br\/portal\/wp-content\/uploads\/2020\/12\/redacao.jpg","contentUrl":"https:\/\/maragoginews.com.br\/portal\/wp-content\/uploads\/2020\/12\/redacao.jpg","caption":"Reda\u00e7\u00e3o"},"sameAs":["http:\/\/maragoginews.com.br\/"],"url":"https:\/\/maragoginews.com.br\/portal\/author\/redacao\/"}]}},"_links":{"self":[{"href":"https:\/\/maragoginews.com.br\/portal\/wp-json\/wp\/v2\/posts\/26192","targetHints":{"allow":["GET"]}}],"collection":[{"href":"https:\/\/maragoginews.com.br\/portal\/wp-json\/wp\/v2\/posts"}],"about":[{"href":"https:\/\/maragoginews.com.br\/portal\/wp-json\/wp\/v2\/types\/post"}],"author":[{"embeddable":true,"href":"https:\/\/maragoginews.com.br\/portal\/wp-json\/wp\/v2\/users\/3"}],"replies":[{"embeddable":true,"href":"https:\/\/maragoginews.com.br\/portal\/wp-json\/wp\/v2\/comments?post=26192"}],"version-history":[{"count":1,"href":"https:\/\/maragoginews.com.br\/portal\/wp-json\/wp\/v2\/posts\/26192\/revisions"}],"predecessor-version":[{"id":26194,"href":"https:\/\/maragoginews.com.br\/portal\/wp-json\/wp\/v2\/posts\/26192\/revisions\/26194"}],"wp:featuredmedia":[{"embeddable":true,"href":"https:\/\/maragoginews.com.br\/portal\/wp-json\/wp\/v2\/media\/26193"}],"wp:attachment":[{"href":"https:\/\/maragoginews.com.br\/portal\/wp-json\/wp\/v2\/media?parent=26192"}],"wp:term":[{"taxonomy":"category","embeddable":true,"href":"https:\/\/maragoginews.com.br\/portal\/wp-json\/wp\/v2\/categories?post=26192"},{"taxonomy":"post_tag","embeddable":true,"href":"https:\/\/maragoginews.com.br\/portal\/wp-json\/wp\/v2\/tags?post=26192"}],"curies":[{"name":"wp","href":"https:\/\/api.w.org\/{rel}","templated":true}]}}