{"id":26195,"date":"2026-09-01T10:39:35","date_gmt":"2026-09-01T13:39:35","guid":{"rendered":"https:\/\/maragoginews.com.br\/portal\/?p=26195"},"modified":"2026-09-01T10:39:35","modified_gmt":"2026-09-01T13:39:35","slug":"renan-calheiros-lidera-disputa-ao-senado-no-primeiro-e-segundo-votos-aponta-falpe","status":"publish","type":"post","link":"https:\/\/maragoginews.com.br\/portal\/noticias\/geral\/politica\/renan-calheiros-lidera-disputa-ao-senado-no-primeiro-e-segundo-votos-aponta-falpe\/","title":{"rendered":"Renan Calheiros lidera disputa ao Senado no primeiro e segundo votos, aponta Falpe"},"content":{"rendered":"<p>O senador Renan Calheiros (MDB) lidera a disputa pelas duas vagas de Alagoas no Senado Federal nos tr\u00eas cen\u00e1rios estimulados da pesquisa Falpe divulgada nesta ter\u00e7a-feira (1\u00ba).<\/p>\n<p>Na consulta sobre o primeiro voto, Renan aparece com 24,25%, seguido por Arthur Lira, com 19%. Marina JHC registra 11,5%; Davi Davino Filho, 10,75%; Dr. Wanderley, 4,5%; Alexandre Fleming e Mariedson t\u00eam 0,25% cada.<\/p>\n<p>Renan tamb\u00e9m lidera entre as op\u00e7\u00f5es para o segundo voto, com 14%. Arthur aparece com 12%, Marina JHC com 11%, Davi Davino Filho com 8,5%, Dr. Wanderley com 5,5%, Alexandre Fleming com 0,5% e Mariedson com 0,25%.<\/p>\n<p>No cen\u00e1rio que considera conjuntamente o primeiro e o segundo votos, Renan amplia a lideran\u00e7a e alcan\u00e7a 38,25%. Arthur soma 31%; Marina JHC, 22,5%; Davi Davino Filho, 19,25%; Dr. Wanderley, 10%; Alexandre Fleming, 0,75%; e Mariedson, 0,5%.<\/p>\n<p>Como cada eleitor poder\u00e1 escolher dois candidatos ao Senado, os percentuais do cen\u00e1rio conjunto n\u00e3o devem ser somados como se representassem uma \u00fanica inten\u00e7\u00e3o de voto.<\/p>\n<p>A pesquisa ouviu presencialmente 5 mil eleitores nos 102 munic\u00edpios de Alagoas entre os dias 16 e 25 de agosto. A margem de erro \u00e9 de 1,39 ponto percentual, para mais ou para menos, com intervalo de confian\u00e7a de 95%.<\/p>\n<p>O levantamento est\u00e1 registrado no Tribunal Superior Eleitoral sob o n\u00famero AL-07864\/2026..<\/p>\n","protected":false},"excerpt":{"rendered":"<p>Senador aparece \u00e0 frente nos tr\u00eas cen\u00e1rios estimulados; na soma das duas escolhas, registra 38,25%<\/p>\n","protected":false},"author":3,"featured_media":26196,"comment_status":"open","ping_status":"open","sticky":false,"template":"","format":"standard","meta":{"footnotes":""},"categories":[31],"tags":[],"class_list":["post-26195","post","type-post","status-publish","format-standard","has-post-thumbnail","hentry","category-politica","posicao_chamadas-destaque-pequeno"],"yoast_head":"<!-- This site is optimized with the Yoast SEO plugin v26.6 - https:\/\/yoast.com\/wordpress\/plugins\/seo\/ -->\n<title>Renan Calheiros lidera disputa ao Senado no primeiro e segundo votos, aponta Falpe - Maragogi News<\/title>\n<meta name=\"robots\" content=\"index, follow, max-snippet:-1, max-image-preview:large, max-video-preview:-1\" \/>\n<link rel=\"canonical\" href=\"https:\/\/maragoginews.com.br\/portal\/noticias\/geral\/politica\/renan-calheiros-lidera-disputa-ao-senado-no-primeiro-e-segundo-votos-aponta-falpe\/\" \/>\n<meta property=\"og:locale\" content=\"pt_BR\" \/>\n<meta property=\"og:type\" content=\"article\" \/>\n<meta property=\"og:title\" content=\"Renan Calheiros lidera disputa ao Senado no primeiro e segundo votos, aponta Falpe - Maragogi News\" \/>\n<meta property=\"og:description\" content=\"Senador aparece \u00e0 frente nos tr\u00eas cen\u00e1rios estimulados; na soma das duas escolhas, registra 38,25%\" \/>\n<meta property=\"og:url\" content=\"https:\/\/maragoginews.com.br\/portal\/noticias\/geral\/politica\/renan-calheiros-lidera-disputa-ao-senado-no-primeiro-e-segundo-votos-aponta-falpe\/\" \/>\n<meta property=\"og:site_name\" content=\"Maragogi News\" \/>\n<meta property=\"article:published_time\" content=\"2026-09-01T13:39:35+00:00\" \/>\n<meta property=\"og:image\" content=\"https:\/\/maragoginews.com.br\/portal\/wp-content\/uploads\/2026\/09\/5a1b08ef-a08f-4697-bcbb-15de12cc44c1.jpg\" \/>\n\t<meta property=\"og:image:width\" content=\"970\" \/>\n\t<meta property=\"og:image:height\" content=\"641\" \/>\n\t<meta property=\"og:image:type\" content=\"image\/jpeg\" \/>\n<meta name=\"author\" content=\"Reda\u00e7\u00e3o\" \/>\n<meta name=\"twitter:card\" content=\"summary_large_image\" \/>\n<meta name=\"twitter:label1\" content=\"Escrito por\" \/>\n\t<meta name=\"twitter:data1\" content=\"Reda\u00e7\u00e3o\" \/>\n\t<meta name=\"twitter:label2\" content=\"Est. tempo de leitura\" \/>\n\t<meta name=\"twitter:data2\" content=\"2 minutos\" \/>\n<script type=\"application\/ld+json\" class=\"yoast-schema-graph\">{\"@context\":\"https:\/\/schema.org\",\"@graph\":[{\"@type\":\"Article\",\"@id\":\"https:\/\/maragoginews.com.br\/portal\/noticias\/geral\/politica\/renan-calheiros-lidera-disputa-ao-senado-no-primeiro-e-segundo-votos-aponta-falpe\/#article\",\"isPartOf\":{\"@id\":\"https:\/\/maragoginews.com.br\/portal\/noticias\/geral\/politica\/renan-calheiros-lidera-disputa-ao-senado-no-primeiro-e-segundo-votos-aponta-falpe\/\"},\"author\":{\"name\":\"Reda\u00e7\u00e3o\",\"@id\":\"https:\/\/maragoginews.com.br\/portal\/#\/schema\/person\/a445323773becef66921958b9c97b6e1\"},\"headline\":\"Renan Calheiros lidera disputa ao Senado no primeiro e segundo votos, aponta Falpe\",\"datePublished\":\"2026-09-01T13:39:35+00:00\",\"mainEntityOfPage\":{\"@id\":\"https:\/\/maragoginews.com.br\/portal\/noticias\/geral\/politica\/renan-calheiros-lidera-disputa-ao-senado-no-primeiro-e-segundo-votos-aponta-falpe\/\"},\"wordCount\":213,\"commentCount\":0,\"publisher\":{\"@id\":\"https:\/\/maragoginews.com.br\/portal\/#organization\"},\"image\":{\"@id\":\"https:\/\/maragoginews.com.br\/portal\/noticias\/geral\/politica\/renan-calheiros-lidera-disputa-ao-senado-no-primeiro-e-segundo-votos-aponta-falpe\/#primaryimage\"},\"thumbnailUrl\":\"https:\/\/maragoginews.com.br\/portal\/wp-content\/uploads\/2026\/09\/5a1b08ef-a08f-4697-bcbb-15de12cc44c1.jpg\",\"articleSection\":[\"Pol\u00edtica\"],\"inLanguage\":\"pt-BR\",\"potentialAction\":[{\"@type\":\"CommentAction\",\"name\":\"Comment\",\"target\":[\"https:\/\/maragoginews.com.br\/portal\/noticias\/geral\/politica\/renan-calheiros-lidera-disputa-ao-senado-no-primeiro-e-segundo-votos-aponta-falpe\/#respond\"]}]},{\"@type\":\"WebPage\",\"@id\":\"https:\/\/maragoginews.com.br\/portal\/noticias\/geral\/politica\/renan-calheiros-lidera-disputa-ao-senado-no-primeiro-e-segundo-votos-aponta-falpe\/\",\"url\":\"https:\/\/maragoginews.com.br\/portal\/noticias\/geral\/politica\/renan-calheiros-lidera-disputa-ao-senado-no-primeiro-e-segundo-votos-aponta-falpe\/\",\"name\":\"Renan Calheiros lidera disputa ao Senado no primeiro e segundo votos, aponta Falpe - Maragogi News\",\"isPartOf\":{\"@id\":\"https:\/\/maragoginews.com.br\/portal\/#website\"},\"primaryImageOfPage\":{\"@id\":\"https:\/\/maragoginews.com.br\/portal\/noticias\/geral\/politica\/renan-calheiros-lidera-disputa-ao-senado-no-primeiro-e-segundo-votos-aponta-falpe\/#primaryimage\"},\"image\":{\"@id\":\"https:\/\/maragoginews.com.br\/portal\/noticias\/geral\/politica\/renan-calheiros-lidera-disputa-ao-senado-no-primeiro-e-segundo-votos-aponta-falpe\/#primaryimage\"},\"thumbnailUrl\":\"https:\/\/maragoginews.com.br\/portal\/wp-content\/uploads\/2026\/09\/5a1b08ef-a08f-4697-bcbb-15de12cc44c1.jpg\",\"datePublished\":\"2026-09-01T13:39:35+00:00\",\"breadcrumb\":{\"@id\":\"https:\/\/maragoginews.com.br\/portal\/noticias\/geral\/politica\/renan-calheiros-lidera-disputa-ao-senado-no-primeiro-e-segundo-votos-aponta-falpe\/#breadcrumb\"},\"inLanguage\":\"pt-BR\",\"potentialAction\":[{\"@type\":\"ReadAction\",\"target\":[\"https:\/\/maragoginews.com.br\/portal\/noticias\/geral\/politica\/renan-calheiros-lidera-disputa-ao-senado-no-primeiro-e-segundo-votos-aponta-falpe\/\"]}]},{\"@type\":\"ImageObject\",\"inLanguage\":\"pt-BR\",\"@id\":\"https:\/\/maragoginews.com.br\/portal\/noticias\/geral\/politica\/renan-calheiros-lidera-disputa-ao-senado-no-primeiro-e-segundo-votos-aponta-falpe\/#primaryimage\",\"url\":\"https:\/\/maragoginews.com.br\/portal\/wp-content\/uploads\/2026\/09\/5a1b08ef-a08f-4697-bcbb-15de12cc44c1.jpg\",\"contentUrl\":\"https:\/\/maragoginews.com.br\/portal\/wp-content\/uploads\/2026\/09\/5a1b08ef-a08f-4697-bcbb-15de12cc44c1.jpg\",\"width\":970,\"height\":641},{\"@type\":\"BreadcrumbList\",\"@id\":\"https:\/\/maragoginews.com.br\/portal\/noticias\/geral\/politica\/renan-calheiros-lidera-disputa-ao-senado-no-primeiro-e-segundo-votos-aponta-falpe\/#breadcrumb\",\"itemListElement\":[{\"@type\":\"ListItem\",\"position\":1,\"name\":\"In\u00edcio\",\"item\":\"https:\/\/maragoginews.com.br\/portal\/\"},{\"@type\":\"ListItem\",\"position\":2,\"name\":\"Renan Calheiros lidera disputa ao Senado no primeiro e segundo votos, aponta Falpe\"}]},{\"@type\":\"WebSite\",\"@id\":\"https:\/\/maragoginews.com.br\/portal\/#website\",\"url\":\"https:\/\/maragoginews.com.br\/portal\/\",\"name\":\"Maragogi News\",\"description\":\"Portal de Not\u00edcias\",\"publisher\":{\"@id\":\"https:\/\/maragoginews.com.br\/portal\/#organization\"},\"potentialAction\":[{\"@type\":\"SearchAction\",\"target\":{\"@type\":\"EntryPoint\",\"urlTemplate\":\"https:\/\/maragoginews.com.br\/portal\/?s={search_term_string}\"},\"query-input\":{\"@type\":\"PropertyValueSpecification\",\"valueRequired\":true,\"valueName\":\"search_term_string\"}}],\"inLanguage\":\"pt-BR\"},{\"@type\":\"Organization\",\"@id\":\"https:\/\/maragoginews.com.br\/portal\/#organization\",\"name\":\"Maragogi News\",\"url\":\"https:\/\/maragoginews.com.br\/portal\/\",\"logo\":{\"@type\":\"ImageObject\",\"inLanguage\":\"pt-BR\",\"@id\":\"https:\/\/maragoginews.com.br\/portal\/#\/schema\/logo\/image\/\",\"url\":\"https:\/\/maragoginews.com.br\/portal\/wp-content\/uploads\/2020\/10\/mn.png\",\"contentUrl\":\"https:\/\/maragoginews.com.br\/portal\/wp-content\/uploads\/2020\/10\/mn.png\",\"width\":305,\"height\":50,\"caption\":\"Maragogi News\"},\"image\":{\"@id\":\"https:\/\/maragoginews.com.br\/portal\/#\/schema\/logo\/image\/\"}},{\"@type\":\"Person\",\"@id\":\"https:\/\/maragoginews.com.br\/portal\/#\/schema\/person\/a445323773becef66921958b9c97b6e1\",\"name\":\"Reda\u00e7\u00e3o\",\"image\":{\"@type\":\"ImageObject\",\"inLanguage\":\"pt-BR\",\"@id\":\"https:\/\/maragoginews.com.br\/portal\/#\/schema\/person\/image\/\",\"url\":\"https:\/\/maragoginews.com.br\/portal\/wp-content\/uploads\/2020\/12\/redacao.jpg\",\"contentUrl\":\"https:\/\/maragoginews.com.br\/portal\/wp-content\/uploads\/2020\/12\/redacao.jpg\",\"caption\":\"Reda\u00e7\u00e3o\"},\"sameAs\":[\"http:\/\/maragoginews.com.br\/\"],\"url\":\"https:\/\/maragoginews.com.br\/portal\/author\/redacao\/\"}]}<\/script>\n<!-- \/ Yoast SEO plugin. -->","yoast_head_json":{"title":"Renan Calheiros lidera disputa ao Senado no primeiro e segundo votos, aponta Falpe - Maragogi News","robots":{"index":"index","follow":"follow","max-snippet":"max-snippet:-1","max-image-preview":"max-image-preview:large","max-video-preview":"max-video-preview:-1"},"canonical":"https:\/\/maragoginews.com.br\/portal\/noticias\/geral\/politica\/renan-calheiros-lidera-disputa-ao-senado-no-primeiro-e-segundo-votos-aponta-falpe\/","og_locale":"pt_BR","og_type":"article","og_title":"Renan Calheiros lidera disputa ao Senado no primeiro e segundo votos, aponta Falpe - Maragogi News","og_description":"Senador aparece \u00e0 frente nos tr\u00eas cen\u00e1rios estimulados; na soma das duas escolhas, registra 38,25%","og_url":"https:\/\/maragoginews.com.br\/portal\/noticias\/geral\/politica\/renan-calheiros-lidera-disputa-ao-senado-no-primeiro-e-segundo-votos-aponta-falpe\/","og_site_name":"Maragogi News","article_published_time":"2026-09-01T13:39:35+00:00","og_image":[{"width":970,"height":641,"url":"https:\/\/maragoginews.com.br\/portal\/wp-content\/uploads\/2026\/09\/5a1b08ef-a08f-4697-bcbb-15de12cc44c1.jpg","type":"image\/jpeg"}],"author":"Reda\u00e7\u00e3o","twitter_card":"summary_large_image","twitter_misc":{"Escrito por":"Reda\u00e7\u00e3o","Est. tempo de leitura":"2 minutos"},"schema":{"@context":"https:\/\/schema.org","@graph":[{"@type":"Article","@id":"https:\/\/maragoginews.com.br\/portal\/noticias\/geral\/politica\/renan-calheiros-lidera-disputa-ao-senado-no-primeiro-e-segundo-votos-aponta-falpe\/#article","isPartOf":{"@id":"https:\/\/maragoginews.com.br\/portal\/noticias\/geral\/politica\/renan-calheiros-lidera-disputa-ao-senado-no-primeiro-e-segundo-votos-aponta-falpe\/"},"author":{"name":"Reda\u00e7\u00e3o","@id":"https:\/\/maragoginews.com.br\/portal\/#\/schema\/person\/a445323773becef66921958b9c97b6e1"},"headline":"Renan Calheiros lidera disputa ao Senado no primeiro e segundo votos, aponta Falpe","datePublished":"2026-09-01T13:39:35+00:00","mainEntityOfPage":{"@id":"https:\/\/maragoginews.com.br\/portal\/noticias\/geral\/politica\/renan-calheiros-lidera-disputa-ao-senado-no-primeiro-e-segundo-votos-aponta-falpe\/"},"wordCount":213,"commentCount":0,"publisher":{"@id":"https:\/\/maragoginews.com.br\/portal\/#organization"},"image":{"@id":"https:\/\/maragoginews.com.br\/portal\/noticias\/geral\/politica\/renan-calheiros-lidera-disputa-ao-senado-no-primeiro-e-segundo-votos-aponta-falpe\/#primaryimage"},"thumbnailUrl":"https:\/\/maragoginews.com.br\/portal\/wp-content\/uploads\/2026\/09\/5a1b08ef-a08f-4697-bcbb-15de12cc44c1.jpg","articleSection":["Pol\u00edtica"],"inLanguage":"pt-BR","potentialAction":[{"@type":"CommentAction","name":"Comment","target":["https:\/\/maragoginews.com.br\/portal\/noticias\/geral\/politica\/renan-calheiros-lidera-disputa-ao-senado-no-primeiro-e-segundo-votos-aponta-falpe\/#respond"]}]},{"@type":"WebPage","@id":"https:\/\/maragoginews.com.br\/portal\/noticias\/geral\/politica\/renan-calheiros-lidera-disputa-ao-senado-no-primeiro-e-segundo-votos-aponta-falpe\/","url":"https:\/\/maragoginews.com.br\/portal\/noticias\/geral\/politica\/renan-calheiros-lidera-disputa-ao-senado-no-primeiro-e-segundo-votos-aponta-falpe\/","name":"Renan Calheiros lidera disputa ao Senado no primeiro e segundo votos, aponta Falpe - Maragogi News","isPartOf":{"@id":"https:\/\/maragoginews.com.br\/portal\/#website"},"primaryImageOfPage":{"@id":"https:\/\/maragoginews.com.br\/portal\/noticias\/geral\/politica\/renan-calheiros-lidera-disputa-ao-senado-no-primeiro-e-segundo-votos-aponta-falpe\/#primaryimage"},"image":{"@id":"https:\/\/maragoginews.com.br\/portal\/noticias\/geral\/politica\/renan-calheiros-lidera-disputa-ao-senado-no-primeiro-e-segundo-votos-aponta-falpe\/#primaryimage"},"thumbnailUrl":"https:\/\/maragoginews.com.br\/portal\/wp-content\/uploads\/2026\/09\/5a1b08ef-a08f-4697-bcbb-15de12cc44c1.jpg","datePublished":"2026-09-01T13:39:35+00:00","breadcrumb":{"@id":"https:\/\/maragoginews.com.br\/portal\/noticias\/geral\/politica\/renan-calheiros-lidera-disputa-ao-senado-no-primeiro-e-segundo-votos-aponta-falpe\/#breadcrumb"},"inLanguage":"pt-BR","potentialAction":[{"@type":"ReadAction","target":["https:\/\/maragoginews.com.br\/portal\/noticias\/geral\/politica\/renan-calheiros-lidera-disputa-ao-senado-no-primeiro-e-segundo-votos-aponta-falpe\/"]}]},{"@type":"ImageObject","inLanguage":"pt-BR","@id":"https:\/\/maragoginews.com.br\/portal\/noticias\/geral\/politica\/renan-calheiros-lidera-disputa-ao-senado-no-primeiro-e-segundo-votos-aponta-falpe\/#primaryimage","url":"https:\/\/maragoginews.com.br\/portal\/wp-content\/uploads\/2026\/09\/5a1b08ef-a08f-4697-bcbb-15de12cc44c1.jpg","contentUrl":"https:\/\/maragoginews.com.br\/portal\/wp-content\/uploads\/2026\/09\/5a1b08ef-a08f-4697-bcbb-15de12cc44c1.jpg","width":970,"height":641},{"@type":"BreadcrumbList","@id":"https:\/\/maragoginews.com.br\/portal\/noticias\/geral\/politica\/renan-calheiros-lidera-disputa-ao-senado-no-primeiro-e-segundo-votos-aponta-falpe\/#breadcrumb","itemListElement":[{"@type":"ListItem","position":1,"name":"In\u00edcio","item":"https:\/\/maragoginews.com.br\/portal\/"},{"@type":"ListItem","position":2,"name":"Renan Calheiros lidera disputa ao Senado no primeiro e segundo votos, aponta Falpe"}]},{"@type":"WebSite","@id":"https:\/\/maragoginews.com.br\/portal\/#website","url":"https:\/\/maragoginews.com.br\/portal\/","name":"Maragogi News","description":"Portal de Not\u00edcias","publisher":{"@id":"https:\/\/maragoginews.com.br\/portal\/#organization"},"potentialAction":[{"@type":"SearchAction","target":{"@type":"EntryPoint","urlTemplate":"https:\/\/maragoginews.com.br\/portal\/?s={search_term_string}"},"query-input":{"@type":"PropertyValueSpecification","valueRequired":true,"valueName":"search_term_string"}}],"inLanguage":"pt-BR"},{"@type":"Organization","@id":"https:\/\/maragoginews.com.br\/portal\/#organization","name":"Maragogi News","url":"https:\/\/maragoginews.com.br\/portal\/","logo":{"@type":"ImageObject","inLanguage":"pt-BR","@id":"https:\/\/maragoginews.com.br\/portal\/#\/schema\/logo\/image\/","url":"https:\/\/maragoginews.com.br\/portal\/wp-content\/uploads\/2020\/10\/mn.png","contentUrl":"https:\/\/maragoginews.com.br\/portal\/wp-content\/uploads\/2020\/10\/mn.png","width":305,"height":50,"caption":"Maragogi News"},"image":{"@id":"https:\/\/maragoginews.com.br\/portal\/#\/schema\/logo\/image\/"}},{"@type":"Person","@id":"https:\/\/maragoginews.com.br\/portal\/#\/schema\/person\/a445323773becef66921958b9c97b6e1","name":"Reda\u00e7\u00e3o","image":{"@type":"ImageObject","inLanguage":"pt-BR","@id":"https:\/\/maragoginews.com.br\/portal\/#\/schema\/person\/image\/","url":"https:\/\/maragoginews.com.br\/portal\/wp-content\/uploads\/2020\/12\/redacao.jpg","contentUrl":"https:\/\/maragoginews.com.br\/portal\/wp-content\/uploads\/2020\/12\/redacao.jpg","caption":"Reda\u00e7\u00e3o"},"sameAs":["http:\/\/maragoginews.com.br\/"],"url":"https:\/\/maragoginews.com.br\/portal\/author\/redacao\/"}]}},"_links":{"self":[{"href":"https:\/\/maragoginews.com.br\/portal\/wp-json\/wp\/v2\/posts\/26195","targetHints":{"allow":["GET"]}}],"collection":[{"href":"https:\/\/maragoginews.com.br\/portal\/wp-json\/wp\/v2\/posts"}],"about":[{"href":"https:\/\/maragoginews.com.br\/portal\/wp-json\/wp\/v2\/types\/post"}],"author":[{"embeddable":true,"href":"https:\/\/maragoginews.com.br\/portal\/wp-json\/wp\/v2\/users\/3"}],"replies":[{"embeddable":true,"href":"https:\/\/maragoginews.com.br\/portal\/wp-json\/wp\/v2\/comments?post=26195"}],"version-history":[{"count":1,"href":"https:\/\/maragoginews.com.br\/portal\/wp-json\/wp\/v2\/posts\/26195\/revisions"}],"predecessor-version":[{"id":26197,"href":"https:\/\/maragoginews.com.br\/portal\/wp-json\/wp\/v2\/posts\/26195\/revisions\/26197"}],"wp:featuredmedia":[{"embeddable":true,"href":"https:\/\/maragoginews.com.br\/portal\/wp-json\/wp\/v2\/media\/26196"}],"wp:attachment":[{"href":"https:\/\/maragoginews.com.br\/portal\/wp-json\/wp\/v2\/media?parent=26195"}],"wp:term":[{"taxonomy":"category","embeddable":true,"href":"https:\/\/maragoginews.com.br\/portal\/wp-json\/wp\/v2\/categories?post=26195"},{"taxonomy":"post_tag","embeddable":true,"href":"https:\/\/maragoginews.com.br\/portal\/wp-json\/wp\/v2\/tags?post=26195"}],"curies":[{"name":"wp","href":"https:\/\/api.w.org\/{rel}","templated":true}]}}