{"id":26198,"date":"2026-09-01T11:07:31","date_gmt":"2026-09-01T14:07:31","guid":{"rendered":"https:\/\/maragoginews.com.br\/portal\/?p=26198"},"modified":"2026-09-01T11:07:31","modified_gmt":"2026-09-01T14:07:31","slug":"literatura-infantil-que-valoriza-as-pequenas-conquistas-chega-a-bienal-do-livro-de-sao-paulo","status":"publish","type":"post","link":"https:\/\/maragoginews.com.br\/portal\/noticias\/cultura\/literatura-infantil-que-valoriza-as-pequenas-conquistas-chega-a-bienal-do-livro-de-sao-paulo\/","title":{"rendered":"Literatura infantil que valoriza as pequenas conquistas chega \u00e0 Bienal do Livro de S\u00e3o Paulo"},"content":{"rendered":"<p class=\"isSelectedEnd\">Celebrar as pequenas conquistas, os v\u00ednculos, as amizades e os momentos que fazem parte do cotidiano das crian\u00e7as \u00e9 a proposta do <strong>Projeto Vamos Celebrar<\/strong>, idealizado pela autora infantil Amanda Muniz. A iniciativa nasceu com o objetivo de aproximar literatura, inf\u00e2ncia, fam\u00edlias e escolas, transformando experi\u00eancias simples do dia a dia em oportunidades de reflex\u00e3o e afeto.<\/p>\n<p class=\"isSelectedEnd\">O ponto de partida do projeto \u00e9 o livro infantil <em>Vamos Celebrar<\/em>, que acompanha Nina e seus amigos em uma narrativa voltada para o universo infantil e convida os leitores a perceberem que nem sempre s\u00e3o as grandes conquistas que merecem ser comemoradas.<\/p>\n<p class=\"isSelectedEnd\">A partir da hist\u00f3ria, a obra tamb\u00e9m abre espa\u00e7o para conversas sobre sentimentos, v\u00ednculos, amizade e situa\u00e7\u00f5es presentes na rotina das crian\u00e7as. A proposta permite que o livro seja utilizado tanto no ambiente familiar quanto como ferramenta de trabalho na Educa\u00e7\u00e3o Infantil, estimulando o di\u00e1logo e a participa\u00e7\u00e3o dos pequenos.<\/p>\n<p class=\"isSelectedEnd\">Em setembro, o projeto ganha proje\u00e7\u00e3o nacional ao participar da <strong>28\u00aa Bienal Internacional do Livro de S\u00e3o Paulo<\/strong>, um dos principais eventos liter\u00e1rios do pa\u00eds. Amanda Muniz estar\u00e1 presente no dia <strong>6 de setembro<\/strong>, para uma sess\u00e3o de aut\u00f3grafos das <strong>12h \u00e0s 13h<\/strong>, na <strong>Travessa Liter\u00e1ria, n\u00ba 36<\/strong>.<\/p>\n<p class=\"isSelectedEnd\">A participa\u00e7\u00e3o na Bienal representa tamb\u00e9m uma oportunidade de ampliar o alcance de uma literatura voltada \u00e0 inf\u00e2ncia que aposta na valoriza\u00e7\u00e3o das experi\u00eancias cotidianas e na constru\u00e7\u00e3o de v\u00ednculos por meio das hist\u00f3rias.<\/p>\n<p class=\"isSelectedEnd\">Mais informa\u00e7\u00f5es sobre o projeto podem ser encontradas no Instagram <strong>@projetovamoscelebrar<\/strong> e no site <strong>projetovamoscelebrar.com.br<\/strong>.<\/p>\n<p><strong>Porque sempre existe algo para celebrar.<\/strong><\/p>\n","protected":false},"excerpt":{"rendered":"<p>Idealizado pela escritora Amanda Muniz, Projeto Vamos Celebrar aproxima literatura, inf\u00e2ncia, fam\u00edlias e escolas e ter\u00e1 sess\u00e3o de aut\u00f3grafos no dia 6 de setembro<\/p>\n","protected":false},"author":3,"featured_media":26199,"comment_status":"open","ping_status":"open","sticky":false,"template":"","format":"standard","meta":{"footnotes":""},"categories":[23],"tags":[],"class_list":["post-26198","post","type-post","status-publish","format-standard","has-post-thumbnail","hentry","category-cultura","posicao_chamadas-destaque-pequeno"],"yoast_head":"<!-- This site is optimized with the Yoast SEO plugin v26.6 - https:\/\/yoast.com\/wordpress\/plugins\/seo\/ -->\n<title>Literatura infantil que valoriza as pequenas conquistas chega \u00e0 Bienal do Livro de S\u00e3o Paulo - Maragogi News<\/title>\n<meta name=\"robots\" content=\"index, follow, max-snippet:-1, max-image-preview:large, max-video-preview:-1\" \/>\n<link rel=\"canonical\" href=\"https:\/\/maragoginews.com.br\/portal\/noticias\/cultura\/literatura-infantil-que-valoriza-as-pequenas-conquistas-chega-a-bienal-do-livro-de-sao-paulo\/\" \/>\n<meta property=\"og:locale\" content=\"pt_BR\" \/>\n<meta property=\"og:type\" content=\"article\" \/>\n<meta property=\"og:title\" content=\"Literatura infantil que valoriza as pequenas conquistas chega \u00e0 Bienal do Livro de S\u00e3o Paulo - Maragogi News\" \/>\n<meta property=\"og:description\" content=\"Idealizado pela escritora Amanda Muniz, Projeto Vamos Celebrar aproxima literatura, inf\u00e2ncia, fam\u00edlias e escolas e ter\u00e1 sess\u00e3o de aut\u00f3grafos no dia 6 de setembro\" \/>\n<meta property=\"og:url\" content=\"https:\/\/maragoginews.com.br\/portal\/noticias\/cultura\/literatura-infantil-que-valoriza-as-pequenas-conquistas-chega-a-bienal-do-livro-de-sao-paulo\/\" \/>\n<meta property=\"og:site_name\" content=\"Maragogi News\" \/>\n<meta property=\"article:published_time\" content=\"2026-09-01T14:07:31+00:00\" \/>\n<meta property=\"og:image\" content=\"https:\/\/maragoginews.com.br\/portal\/wp-content\/uploads\/2026\/09\/a6c5b80d-2372-4f49-bade-f5a90b142c9a.jpg\" \/>\n\t<meta property=\"og:image:width\" content=\"970\" \/>\n\t<meta property=\"og:image:height\" content=\"1293\" \/>\n\t<meta property=\"og:image:type\" content=\"image\/jpeg\" \/>\n<meta name=\"author\" content=\"Reda\u00e7\u00e3o\" \/>\n<meta name=\"twitter:card\" content=\"summary_large_image\" \/>\n<meta name=\"twitter:label1\" content=\"Escrito por\" \/>\n\t<meta name=\"twitter:data1\" content=\"Reda\u00e7\u00e3o\" \/>\n\t<meta name=\"twitter:label2\" content=\"Est. tempo de leitura\" \/>\n\t<meta name=\"twitter:data2\" content=\"2 minutos\" \/>\n<script type=\"application\/ld+json\" class=\"yoast-schema-graph\">{\"@context\":\"https:\/\/schema.org\",\"@graph\":[{\"@type\":\"Article\",\"@id\":\"https:\/\/maragoginews.com.br\/portal\/noticias\/cultura\/literatura-infantil-que-valoriza-as-pequenas-conquistas-chega-a-bienal-do-livro-de-sao-paulo\/#article\",\"isPartOf\":{\"@id\":\"https:\/\/maragoginews.com.br\/portal\/noticias\/cultura\/literatura-infantil-que-valoriza-as-pequenas-conquistas-chega-a-bienal-do-livro-de-sao-paulo\/\"},\"author\":{\"name\":\"Reda\u00e7\u00e3o\",\"@id\":\"https:\/\/maragoginews.com.br\/portal\/#\/schema\/person\/a445323773becef66921958b9c97b6e1\"},\"headline\":\"Literatura infantil que valoriza as pequenas conquistas chega \u00e0 Bienal do Livro de S\u00e3o Paulo\",\"datePublished\":\"2026-09-01T14:07:31+00:00\",\"mainEntityOfPage\":{\"@id\":\"https:\/\/maragoginews.com.br\/portal\/noticias\/cultura\/literatura-infantil-que-valoriza-as-pequenas-conquistas-chega-a-bienal-do-livro-de-sao-paulo\/\"},\"wordCount\":296,\"commentCount\":0,\"publisher\":{\"@id\":\"https:\/\/maragoginews.com.br\/portal\/#organization\"},\"image\":{\"@id\":\"https:\/\/maragoginews.com.br\/portal\/noticias\/cultura\/literatura-infantil-que-valoriza-as-pequenas-conquistas-chega-a-bienal-do-livro-de-sao-paulo\/#primaryimage\"},\"thumbnailUrl\":\"https:\/\/maragoginews.com.br\/portal\/wp-content\/uploads\/2026\/09\/a6c5b80d-2372-4f49-bade-f5a90b142c9a.jpg\",\"articleSection\":[\"Cultura\"],\"inLanguage\":\"pt-BR\",\"potentialAction\":[{\"@type\":\"CommentAction\",\"name\":\"Comment\",\"target\":[\"https:\/\/maragoginews.com.br\/portal\/noticias\/cultura\/literatura-infantil-que-valoriza-as-pequenas-conquistas-chega-a-bienal-do-livro-de-sao-paulo\/#respond\"]}]},{\"@type\":\"WebPage\",\"@id\":\"https:\/\/maragoginews.com.br\/portal\/noticias\/cultura\/literatura-infantil-que-valoriza-as-pequenas-conquistas-chega-a-bienal-do-livro-de-sao-paulo\/\",\"url\":\"https:\/\/maragoginews.com.br\/portal\/noticias\/cultura\/literatura-infantil-que-valoriza-as-pequenas-conquistas-chega-a-bienal-do-livro-de-sao-paulo\/\",\"name\":\"Literatura infantil que valoriza as pequenas conquistas chega \u00e0 Bienal do Livro de S\u00e3o Paulo - Maragogi News\",\"isPartOf\":{\"@id\":\"https:\/\/maragoginews.com.br\/portal\/#website\"},\"primaryImageOfPage\":{\"@id\":\"https:\/\/maragoginews.com.br\/portal\/noticias\/cultura\/literatura-infantil-que-valoriza-as-pequenas-conquistas-chega-a-bienal-do-livro-de-sao-paulo\/#primaryimage\"},\"image\":{\"@id\":\"https:\/\/maragoginews.com.br\/portal\/noticias\/cultura\/literatura-infantil-que-valoriza-as-pequenas-conquistas-chega-a-bienal-do-livro-de-sao-paulo\/#primaryimage\"},\"thumbnailUrl\":\"https:\/\/maragoginews.com.br\/portal\/wp-content\/uploads\/2026\/09\/a6c5b80d-2372-4f49-bade-f5a90b142c9a.jpg\",\"datePublished\":\"2026-09-01T14:07:31+00:00\",\"breadcrumb\":{\"@id\":\"https:\/\/maragoginews.com.br\/portal\/noticias\/cultura\/literatura-infantil-que-valoriza-as-pequenas-conquistas-chega-a-bienal-do-livro-de-sao-paulo\/#breadcrumb\"},\"inLanguage\":\"pt-BR\",\"potentialAction\":[{\"@type\":\"ReadAction\",\"target\":[\"https:\/\/maragoginews.com.br\/portal\/noticias\/cultura\/literatura-infantil-que-valoriza-as-pequenas-conquistas-chega-a-bienal-do-livro-de-sao-paulo\/\"]}]},{\"@type\":\"ImageObject\",\"inLanguage\":\"pt-BR\",\"@id\":\"https:\/\/maragoginews.com.br\/portal\/noticias\/cultura\/literatura-infantil-que-valoriza-as-pequenas-conquistas-chega-a-bienal-do-livro-de-sao-paulo\/#primaryimage\",\"url\":\"https:\/\/maragoginews.com.br\/portal\/wp-content\/uploads\/2026\/09\/a6c5b80d-2372-4f49-bade-f5a90b142c9a.jpg\",\"contentUrl\":\"https:\/\/maragoginews.com.br\/portal\/wp-content\/uploads\/2026\/09\/a6c5b80d-2372-4f49-bade-f5a90b142c9a.jpg\",\"width\":970,\"height\":1293},{\"@type\":\"BreadcrumbList\",\"@id\":\"https:\/\/maragoginews.com.br\/portal\/noticias\/cultura\/literatura-infantil-que-valoriza-as-pequenas-conquistas-chega-a-bienal-do-livro-de-sao-paulo\/#breadcrumb\",\"itemListElement\":[{\"@type\":\"ListItem\",\"position\":1,\"name\":\"In\u00edcio\",\"item\":\"https:\/\/maragoginews.com.br\/portal\/\"},{\"@type\":\"ListItem\",\"position\":2,\"name\":\"Literatura infantil que valoriza as pequenas conquistas chega \u00e0 Bienal do Livro de S\u00e3o Paulo\"}]},{\"@type\":\"WebSite\",\"@id\":\"https:\/\/maragoginews.com.br\/portal\/#website\",\"url\":\"https:\/\/maragoginews.com.br\/portal\/\",\"name\":\"Maragogi News\",\"description\":\"Portal de Not\u00edcias\",\"publisher\":{\"@id\":\"https:\/\/maragoginews.com.br\/portal\/#organization\"},\"potentialAction\":[{\"@type\":\"SearchAction\",\"target\":{\"@type\":\"EntryPoint\",\"urlTemplate\":\"https:\/\/maragoginews.com.br\/portal\/?s={search_term_string}\"},\"query-input\":{\"@type\":\"PropertyValueSpecification\",\"valueRequired\":true,\"valueName\":\"search_term_string\"}}],\"inLanguage\":\"pt-BR\"},{\"@type\":\"Organization\",\"@id\":\"https:\/\/maragoginews.com.br\/portal\/#organization\",\"name\":\"Maragogi News\",\"url\":\"https:\/\/maragoginews.com.br\/portal\/\",\"logo\":{\"@type\":\"ImageObject\",\"inLanguage\":\"pt-BR\",\"@id\":\"https:\/\/maragoginews.com.br\/portal\/#\/schema\/logo\/image\/\",\"url\":\"https:\/\/maragoginews.com.br\/portal\/wp-content\/uploads\/2020\/10\/mn.png\",\"contentUrl\":\"https:\/\/maragoginews.com.br\/portal\/wp-content\/uploads\/2020\/10\/mn.png\",\"width\":305,\"height\":50,\"caption\":\"Maragogi News\"},\"image\":{\"@id\":\"https:\/\/maragoginews.com.br\/portal\/#\/schema\/logo\/image\/\"}},{\"@type\":\"Person\",\"@id\":\"https:\/\/maragoginews.com.br\/portal\/#\/schema\/person\/a445323773becef66921958b9c97b6e1\",\"name\":\"Reda\u00e7\u00e3o\",\"image\":{\"@type\":\"ImageObject\",\"inLanguage\":\"pt-BR\",\"@id\":\"https:\/\/maragoginews.com.br\/portal\/#\/schema\/person\/image\/\",\"url\":\"https:\/\/maragoginews.com.br\/portal\/wp-content\/uploads\/2020\/12\/redacao.jpg\",\"contentUrl\":\"https:\/\/maragoginews.com.br\/portal\/wp-content\/uploads\/2020\/12\/redacao.jpg\",\"caption\":\"Reda\u00e7\u00e3o\"},\"sameAs\":[\"http:\/\/maragoginews.com.br\/\"],\"url\":\"https:\/\/maragoginews.com.br\/portal\/author\/redacao\/\"}]}<\/script>\n<!-- \/ Yoast SEO plugin. -->","yoast_head_json":{"title":"Literatura infantil que valoriza as pequenas conquistas chega \u00e0 Bienal do Livro de S\u00e3o Paulo - Maragogi News","robots":{"index":"index","follow":"follow","max-snippet":"max-snippet:-1","max-image-preview":"max-image-preview:large","max-video-preview":"max-video-preview:-1"},"canonical":"https:\/\/maragoginews.com.br\/portal\/noticias\/cultura\/literatura-infantil-que-valoriza-as-pequenas-conquistas-chega-a-bienal-do-livro-de-sao-paulo\/","og_locale":"pt_BR","og_type":"article","og_title":"Literatura infantil que valoriza as pequenas conquistas chega \u00e0 Bienal do Livro de S\u00e3o Paulo - Maragogi News","og_description":"Idealizado pela escritora Amanda Muniz, Projeto Vamos Celebrar aproxima literatura, inf\u00e2ncia, fam\u00edlias e escolas e ter\u00e1 sess\u00e3o de aut\u00f3grafos no dia 6 de setembro","og_url":"https:\/\/maragoginews.com.br\/portal\/noticias\/cultura\/literatura-infantil-que-valoriza-as-pequenas-conquistas-chega-a-bienal-do-livro-de-sao-paulo\/","og_site_name":"Maragogi News","article_published_time":"2026-09-01T14:07:31+00:00","og_image":[{"width":970,"height":1293,"url":"https:\/\/maragoginews.com.br\/portal\/wp-content\/uploads\/2026\/09\/a6c5b80d-2372-4f49-bade-f5a90b142c9a.jpg","type":"image\/jpeg"}],"author":"Reda\u00e7\u00e3o","twitter_card":"summary_large_image","twitter_misc":{"Escrito por":"Reda\u00e7\u00e3o","Est. tempo de leitura":"2 minutos"},"schema":{"@context":"https:\/\/schema.org","@graph":[{"@type":"Article","@id":"https:\/\/maragoginews.com.br\/portal\/noticias\/cultura\/literatura-infantil-que-valoriza-as-pequenas-conquistas-chega-a-bienal-do-livro-de-sao-paulo\/#article","isPartOf":{"@id":"https:\/\/maragoginews.com.br\/portal\/noticias\/cultura\/literatura-infantil-que-valoriza-as-pequenas-conquistas-chega-a-bienal-do-livro-de-sao-paulo\/"},"author":{"name":"Reda\u00e7\u00e3o","@id":"https:\/\/maragoginews.com.br\/portal\/#\/schema\/person\/a445323773becef66921958b9c97b6e1"},"headline":"Literatura infantil que valoriza as pequenas conquistas chega \u00e0 Bienal do Livro de S\u00e3o Paulo","datePublished":"2026-09-01T14:07:31+00:00","mainEntityOfPage":{"@id":"https:\/\/maragoginews.com.br\/portal\/noticias\/cultura\/literatura-infantil-que-valoriza-as-pequenas-conquistas-chega-a-bienal-do-livro-de-sao-paulo\/"},"wordCount":296,"commentCount":0,"publisher":{"@id":"https:\/\/maragoginews.com.br\/portal\/#organization"},"image":{"@id":"https:\/\/maragoginews.com.br\/portal\/noticias\/cultura\/literatura-infantil-que-valoriza-as-pequenas-conquistas-chega-a-bienal-do-livro-de-sao-paulo\/#primaryimage"},"thumbnailUrl":"https:\/\/maragoginews.com.br\/portal\/wp-content\/uploads\/2026\/09\/a6c5b80d-2372-4f49-bade-f5a90b142c9a.jpg","articleSection":["Cultura"],"inLanguage":"pt-BR","potentialAction":[{"@type":"CommentAction","name":"Comment","target":["https:\/\/maragoginews.com.br\/portal\/noticias\/cultura\/literatura-infantil-que-valoriza-as-pequenas-conquistas-chega-a-bienal-do-livro-de-sao-paulo\/#respond"]}]},{"@type":"WebPage","@id":"https:\/\/maragoginews.com.br\/portal\/noticias\/cultura\/literatura-infantil-que-valoriza-as-pequenas-conquistas-chega-a-bienal-do-livro-de-sao-paulo\/","url":"https:\/\/maragoginews.com.br\/portal\/noticias\/cultura\/literatura-infantil-que-valoriza-as-pequenas-conquistas-chega-a-bienal-do-livro-de-sao-paulo\/","name":"Literatura infantil que valoriza as pequenas conquistas chega \u00e0 Bienal do Livro de S\u00e3o Paulo - Maragogi News","isPartOf":{"@id":"https:\/\/maragoginews.com.br\/portal\/#website"},"primaryImageOfPage":{"@id":"https:\/\/maragoginews.com.br\/portal\/noticias\/cultura\/literatura-infantil-que-valoriza-as-pequenas-conquistas-chega-a-bienal-do-livro-de-sao-paulo\/#primaryimage"},"image":{"@id":"https:\/\/maragoginews.com.br\/portal\/noticias\/cultura\/literatura-infantil-que-valoriza-as-pequenas-conquistas-chega-a-bienal-do-livro-de-sao-paulo\/#primaryimage"},"thumbnailUrl":"https:\/\/maragoginews.com.br\/portal\/wp-content\/uploads\/2026\/09\/a6c5b80d-2372-4f49-bade-f5a90b142c9a.jpg","datePublished":"2026-09-01T14:07:31+00:00","breadcrumb":{"@id":"https:\/\/maragoginews.com.br\/portal\/noticias\/cultura\/literatura-infantil-que-valoriza-as-pequenas-conquistas-chega-a-bienal-do-livro-de-sao-paulo\/#breadcrumb"},"inLanguage":"pt-BR","potentialAction":[{"@type":"ReadAction","target":["https:\/\/maragoginews.com.br\/portal\/noticias\/cultura\/literatura-infantil-que-valoriza-as-pequenas-conquistas-chega-a-bienal-do-livro-de-sao-paulo\/"]}]},{"@type":"ImageObject","inLanguage":"pt-BR","@id":"https:\/\/maragoginews.com.br\/portal\/noticias\/cultura\/literatura-infantil-que-valoriza-as-pequenas-conquistas-chega-a-bienal-do-livro-de-sao-paulo\/#primaryimage","url":"https:\/\/maragoginews.com.br\/portal\/wp-content\/uploads\/2026\/09\/a6c5b80d-2372-4f49-bade-f5a90b142c9a.jpg","contentUrl":"https:\/\/maragoginews.com.br\/portal\/wp-content\/uploads\/2026\/09\/a6c5b80d-2372-4f49-bade-f5a90b142c9a.jpg","width":970,"height":1293},{"@type":"BreadcrumbList","@id":"https:\/\/maragoginews.com.br\/portal\/noticias\/cultura\/literatura-infantil-que-valoriza-as-pequenas-conquistas-chega-a-bienal-do-livro-de-sao-paulo\/#breadcrumb","itemListElement":[{"@type":"ListItem","position":1,"name":"In\u00edcio","item":"https:\/\/maragoginews.com.br\/portal\/"},{"@type":"ListItem","position":2,"name":"Literatura infantil que valoriza as pequenas conquistas chega \u00e0 Bienal do Livro de S\u00e3o Paulo"}]},{"@type":"WebSite","@id":"https:\/\/maragoginews.com.br\/portal\/#website","url":"https:\/\/maragoginews.com.br\/portal\/","name":"Maragogi News","description":"Portal de Not\u00edcias","publisher":{"@id":"https:\/\/maragoginews.com.br\/portal\/#organization"},"potentialAction":[{"@type":"SearchAction","target":{"@type":"EntryPoint","urlTemplate":"https:\/\/maragoginews.com.br\/portal\/?s={search_term_string}"},"query-input":{"@type":"PropertyValueSpecification","valueRequired":true,"valueName":"search_term_string"}}],"inLanguage":"pt-BR"},{"@type":"Organization","@id":"https:\/\/maragoginews.com.br\/portal\/#organization","name":"Maragogi News","url":"https:\/\/maragoginews.com.br\/portal\/","logo":{"@type":"ImageObject","inLanguage":"pt-BR","@id":"https:\/\/maragoginews.com.br\/portal\/#\/schema\/logo\/image\/","url":"https:\/\/maragoginews.com.br\/portal\/wp-content\/uploads\/2020\/10\/mn.png","contentUrl":"https:\/\/maragoginews.com.br\/portal\/wp-content\/uploads\/2020\/10\/mn.png","width":305,"height":50,"caption":"Maragogi News"},"image":{"@id":"https:\/\/maragoginews.com.br\/portal\/#\/schema\/logo\/image\/"}},{"@type":"Person","@id":"https:\/\/maragoginews.com.br\/portal\/#\/schema\/person\/a445323773becef66921958b9c97b6e1","name":"Reda\u00e7\u00e3o","image":{"@type":"ImageObject","inLanguage":"pt-BR","@id":"https:\/\/maragoginews.com.br\/portal\/#\/schema\/person\/image\/","url":"https:\/\/maragoginews.com.br\/portal\/wp-content\/uploads\/2020\/12\/redacao.jpg","contentUrl":"https:\/\/maragoginews.com.br\/portal\/wp-content\/uploads\/2020\/12\/redacao.jpg","caption":"Reda\u00e7\u00e3o"},"sameAs":["http:\/\/maragoginews.com.br\/"],"url":"https:\/\/maragoginews.com.br\/portal\/author\/redacao\/"}]}},"_links":{"self":[{"href":"https:\/\/maragoginews.com.br\/portal\/wp-json\/wp\/v2\/posts\/26198","targetHints":{"allow":["GET"]}}],"collection":[{"href":"https:\/\/maragoginews.com.br\/portal\/wp-json\/wp\/v2\/posts"}],"about":[{"href":"https:\/\/maragoginews.com.br\/portal\/wp-json\/wp\/v2\/types\/post"}],"author":[{"embeddable":true,"href":"https:\/\/maragoginews.com.br\/portal\/wp-json\/wp\/v2\/users\/3"}],"replies":[{"embeddable":true,"href":"https:\/\/maragoginews.com.br\/portal\/wp-json\/wp\/v2\/comments?post=26198"}],"version-history":[{"count":1,"href":"https:\/\/maragoginews.com.br\/portal\/wp-json\/wp\/v2\/posts\/26198\/revisions"}],"predecessor-version":[{"id":26200,"href":"https:\/\/maragoginews.com.br\/portal\/wp-json\/wp\/v2\/posts\/26198\/revisions\/26200"}],"wp:featuredmedia":[{"embeddable":true,"href":"https:\/\/maragoginews.com.br\/portal\/wp-json\/wp\/v2\/media\/26199"}],"wp:attachment":[{"href":"https:\/\/maragoginews.com.br\/portal\/wp-json\/wp\/v2\/media?parent=26198"}],"wp:term":[{"taxonomy":"category","embeddable":true,"href":"https:\/\/maragoginews.com.br\/portal\/wp-json\/wp\/v2\/categories?post=26198"},{"taxonomy":"post_tag","embeddable":true,"href":"https:\/\/maragoginews.com.br\/portal\/wp-json\/wp\/v2\/tags?post=26198"}],"curies":[{"name":"wp","href":"https:\/\/api.w.org\/{rel}","templated":true}]}}