{"id":26201,"date":"2026-09-01T11:11:53","date_gmt":"2026-09-01T14:11:53","guid":{"rendered":"https:\/\/maragoginews.com.br\/portal\/?p=26201"},"modified":"2026-09-01T11:11:53","modified_gmt":"2026-09-01T14:11:53","slug":"renan-filho-lidera-intencoes-de-voto-para-o-governo-com-4125-diz-pesquisa-falpe","status":"publish","type":"post","link":"https:\/\/maragoginews.com.br\/portal\/noticias\/geral\/politica\/renan-filho-lidera-intencoes-de-voto-para-o-governo-com-4125-diz-pesquisa-falpe\/","title":{"rendered":"Renan Filho lidera inten\u00e7\u00f5es de voto para o governo com 41,25%, diz pesquisa Falpe"},"content":{"rendered":"<p>O candidato ao Governo de Alagoas, Renan Filho (MDB), est\u00e1 com 41,25% das inten\u00e7\u00f5es de voto, aponta a pesquisa Falpe divulgada na manh\u00e3 desta ter\u00e7a-feira (1\u00ba). JHC aparece com 37,50% no cen\u00e1rio estimulado, ocupando a segunda coloca\u00e7\u00e3o.<\/p>\n<p>Nesse cen\u00e1rio, Renan Filho desponta com 3,75 pontos percentuais \u00e0 frente de JHC. Ainda na sondagem estimulada, Lenilda Luna pontua com 0,50%, M\u00e1rcio Jambo com 0,25%, brancos e nulos somam 2,50% e 18,00% n\u00e3o opinaram.<\/p>\n<p>A lideran\u00e7a de Renan Filho tamb\u00e9m \u00e9 verificada no levantamento espont\u00e2neo, quando o cidad\u00e3o manifesta livremente a sua escolha sem a apresenta\u00e7\u00e3o de lista pr\u00e9via. Nesse quadro, o representante do MDB desponta \u00e0 frente com 25,25%, seguido por JHC, com 25,00%, enquanto Lenilda Luna pontua com 0,25% e 49,50% dos entrevistados n\u00e3o souberam ou preferiram n\u00e3o opinar.<\/p>\n<p>Senado<\/p>\n<p>A pesquisa tamb\u00e9m avaliou a corrida pelas duas vagas ao Senado Federal. Na soma do 1\u00ba e 2\u00ba votos estimulados, Renan Calheiros lidera a disputa com 38,25%, seguido por Arthur Lira, que alcan\u00e7a 31,00%.<\/p>\n<p>Na sequ\u00eancia, surgem Marina JHC, com 22,50%; Davi Davino Filho, com 19,25%; Dr. Wanderley, com 10,00%; Alexandre Fleming, com 0,75%; e Mariedson, com 0,50%.<\/p>\n<p>A parcela de entrevistados que declarou voto em nenhum candidato soma 3,50%, enquanto 26,00% n\u00e3o opinaram.<\/p>\n<p>Presid\u00eancia da Rep\u00fablica<\/p>\n<p>Na avalia\u00e7\u00e3o para a Presid\u00eancia da Rep\u00fablica, o presidente Lula lidera com folga no cen\u00e1rio estimulado, registrando 54,75% da prefer\u00eancia dos alagoanos. O senador Fl\u00e1vio Bolsonaro aparece na segunda posi\u00e7\u00e3o com 22,00%.<\/p>\n<p>Em seguida, pontuam Renan Santos (1,00%) e Ronaldo Caiado (0,50%). Augusto Cury, Clariana Bar\u00e3o, Edmilson Costa, Pablo Mar\u00e7al, Romeu Zema, Rui Costa Pimenta e Samara registram 0,25% cada. Os nomes Hertz Dias e Wilson Grassi n\u00e3o pontuaram. Votos em nenhum somam 3,00% e 17,00% n\u00e3o opinaram.<\/p>\n<p>No cen\u00e1rio espont\u00e2neo para presidente, Lula mant\u00e9m a dianteira com 43,75%, seguido por Fl\u00e1vio Bolsonaro com 17,00%, Renan Santos com 0,50%, al\u00e9m de Pablo Mar\u00e7al, Ronaldo Caiado e Augusto Cury com 0,25% cada, enquanto 38,00% n\u00e3o opinaram.<\/p>\n<p>Dados da Pesquisa<\/p>\n<p>A pesquisa quantitativa ouviu presencialmente 5.000 eleitores em seus domic\u00edlios, abrangendo as zonas urbana e rural distribu\u00eddas pelos 102 munic\u00edpios de Alagoas, entre os dias 16 e 25 de agosto de 2026.<\/p>\n<p>O levantamento possui n\u00edvel de confian\u00e7a de 95% e margem de erro estimada em aproximadamente 1,39 ponto percentual, para mais ou para menos, sobre os resultados gerais obtidos.<\/p>\n<p>O estudo foi devidamente registrado no Tribunal Superior Eleitoral (TSE) sob os n\u00fameros AL-07864\/2026, para os cargos de Governador e Senador, e BR-00405\/2026, para o cargo de Presidente da Rep\u00fablica.<\/p>\n","protected":false},"excerpt":{"rendered":"<p>Candidato do MDB aparece na primeira coloca\u00e7\u00e3o com quase quatro pontos percentuais de vantagem, seguido por JHC em segundo lugar com 37,50%<\/p>\n","protected":false},"author":3,"featured_media":26202,"comment_status":"open","ping_status":"open","sticky":false,"template":"","format":"standard","meta":{"footnotes":""},"categories":[31],"tags":[],"class_list":["post-26201","post","type-post","status-publish","format-standard","has-post-thumbnail","hentry","category-politica","posicao_chamadas-manchete"],"yoast_head":"<!-- This site is optimized with the Yoast SEO plugin v26.6 - https:\/\/yoast.com\/wordpress\/plugins\/seo\/ -->\n<title>Renan Filho lidera inten\u00e7\u00f5es de voto para o governo com 41,25%, diz pesquisa Falpe - Maragogi News<\/title>\n<meta name=\"robots\" content=\"index, follow, max-snippet:-1, max-image-preview:large, max-video-preview:-1\" \/>\n<link rel=\"canonical\" href=\"https:\/\/maragoginews.com.br\/portal\/noticias\/geral\/politica\/renan-filho-lidera-intencoes-de-voto-para-o-governo-com-4125-diz-pesquisa-falpe\/\" \/>\n<meta property=\"og:locale\" content=\"pt_BR\" \/>\n<meta property=\"og:type\" content=\"article\" \/>\n<meta property=\"og:title\" content=\"Renan Filho lidera inten\u00e7\u00f5es de voto para o governo com 41,25%, diz pesquisa Falpe - Maragogi News\" \/>\n<meta property=\"og:description\" content=\"Candidato do MDB aparece na primeira coloca\u00e7\u00e3o com quase quatro pontos percentuais de vantagem, seguido por JHC em segundo lugar com 37,50%\" \/>\n<meta property=\"og:url\" content=\"https:\/\/maragoginews.com.br\/portal\/noticias\/geral\/politica\/renan-filho-lidera-intencoes-de-voto-para-o-governo-com-4125-diz-pesquisa-falpe\/\" \/>\n<meta property=\"og:site_name\" content=\"Maragogi News\" \/>\n<meta property=\"article:published_time\" content=\"2026-09-01T14:11:53+00:00\" \/>\n<meta property=\"og:image\" content=\"https:\/\/maragoginews.com.br\/portal\/wp-content\/uploads\/2026\/09\/4e7a717e-a960-48d3-b24a-70caed4bc06d.jpg\" \/>\n\t<meta property=\"og:image:width\" content=\"853\" \/>\n\t<meta property=\"og:image:height\" content=\"1280\" \/>\n\t<meta property=\"og:image:type\" content=\"image\/jpeg\" \/>\n<meta name=\"author\" content=\"Reda\u00e7\u00e3o\" \/>\n<meta name=\"twitter:card\" content=\"summary_large_image\" \/>\n<meta name=\"twitter:label1\" content=\"Escrito por\" \/>\n\t<meta name=\"twitter:data1\" content=\"Reda\u00e7\u00e3o\" \/>\n\t<meta name=\"twitter:label2\" content=\"Est. tempo de leitura\" \/>\n\t<meta name=\"twitter:data2\" content=\"3 minutos\" \/>\n<script type=\"application\/ld+json\" class=\"yoast-schema-graph\">{\"@context\":\"https:\/\/schema.org\",\"@graph\":[{\"@type\":\"Article\",\"@id\":\"https:\/\/maragoginews.com.br\/portal\/noticias\/geral\/politica\/renan-filho-lidera-intencoes-de-voto-para-o-governo-com-4125-diz-pesquisa-falpe\/#article\",\"isPartOf\":{\"@id\":\"https:\/\/maragoginews.com.br\/portal\/noticias\/geral\/politica\/renan-filho-lidera-intencoes-de-voto-para-o-governo-com-4125-diz-pesquisa-falpe\/\"},\"author\":{\"name\":\"Reda\u00e7\u00e3o\",\"@id\":\"https:\/\/maragoginews.com.br\/portal\/#\/schema\/person\/a445323773becef66921958b9c97b6e1\"},\"headline\":\"Renan Filho lidera inten\u00e7\u00f5es de voto para o governo com 41,25%, diz pesquisa Falpe\",\"datePublished\":\"2026-09-01T14:11:53+00:00\",\"mainEntityOfPage\":{\"@id\":\"https:\/\/maragoginews.com.br\/portal\/noticias\/geral\/politica\/renan-filho-lidera-intencoes-de-voto-para-o-governo-com-4125-diz-pesquisa-falpe\/\"},\"wordCount\":430,\"commentCount\":0,\"publisher\":{\"@id\":\"https:\/\/maragoginews.com.br\/portal\/#organization\"},\"image\":{\"@id\":\"https:\/\/maragoginews.com.br\/portal\/noticias\/geral\/politica\/renan-filho-lidera-intencoes-de-voto-para-o-governo-com-4125-diz-pesquisa-falpe\/#primaryimage\"},\"thumbnailUrl\":\"https:\/\/maragoginews.com.br\/portal\/wp-content\/uploads\/2026\/09\/4e7a717e-a960-48d3-b24a-70caed4bc06d.jpg\",\"articleSection\":[\"Pol\u00edtica\"],\"inLanguage\":\"pt-BR\",\"potentialAction\":[{\"@type\":\"CommentAction\",\"name\":\"Comment\",\"target\":[\"https:\/\/maragoginews.com.br\/portal\/noticias\/geral\/politica\/renan-filho-lidera-intencoes-de-voto-para-o-governo-com-4125-diz-pesquisa-falpe\/#respond\"]}]},{\"@type\":\"WebPage\",\"@id\":\"https:\/\/maragoginews.com.br\/portal\/noticias\/geral\/politica\/renan-filho-lidera-intencoes-de-voto-para-o-governo-com-4125-diz-pesquisa-falpe\/\",\"url\":\"https:\/\/maragoginews.com.br\/portal\/noticias\/geral\/politica\/renan-filho-lidera-intencoes-de-voto-para-o-governo-com-4125-diz-pesquisa-falpe\/\",\"name\":\"Renan Filho lidera inten\u00e7\u00f5es de voto para o governo com 41,25%, diz pesquisa Falpe - Maragogi News\",\"isPartOf\":{\"@id\":\"https:\/\/maragoginews.com.br\/portal\/#website\"},\"primaryImageOfPage\":{\"@id\":\"https:\/\/maragoginews.com.br\/portal\/noticias\/geral\/politica\/renan-filho-lidera-intencoes-de-voto-para-o-governo-com-4125-diz-pesquisa-falpe\/#primaryimage\"},\"image\":{\"@id\":\"https:\/\/maragoginews.com.br\/portal\/noticias\/geral\/politica\/renan-filho-lidera-intencoes-de-voto-para-o-governo-com-4125-diz-pesquisa-falpe\/#primaryimage\"},\"thumbnailUrl\":\"https:\/\/maragoginews.com.br\/portal\/wp-content\/uploads\/2026\/09\/4e7a717e-a960-48d3-b24a-70caed4bc06d.jpg\",\"datePublished\":\"2026-09-01T14:11:53+00:00\",\"breadcrumb\":{\"@id\":\"https:\/\/maragoginews.com.br\/portal\/noticias\/geral\/politica\/renan-filho-lidera-intencoes-de-voto-para-o-governo-com-4125-diz-pesquisa-falpe\/#breadcrumb\"},\"inLanguage\":\"pt-BR\",\"potentialAction\":[{\"@type\":\"ReadAction\",\"target\":[\"https:\/\/maragoginews.com.br\/portal\/noticias\/geral\/politica\/renan-filho-lidera-intencoes-de-voto-para-o-governo-com-4125-diz-pesquisa-falpe\/\"]}]},{\"@type\":\"ImageObject\",\"inLanguage\":\"pt-BR\",\"@id\":\"https:\/\/maragoginews.com.br\/portal\/noticias\/geral\/politica\/renan-filho-lidera-intencoes-de-voto-para-o-governo-com-4125-diz-pesquisa-falpe\/#primaryimage\",\"url\":\"https:\/\/maragoginews.com.br\/portal\/wp-content\/uploads\/2026\/09\/4e7a717e-a960-48d3-b24a-70caed4bc06d.jpg\",\"contentUrl\":\"https:\/\/maragoginews.com.br\/portal\/wp-content\/uploads\/2026\/09\/4e7a717e-a960-48d3-b24a-70caed4bc06d.jpg\",\"width\":853,\"height\":1280},{\"@type\":\"BreadcrumbList\",\"@id\":\"https:\/\/maragoginews.com.br\/portal\/noticias\/geral\/politica\/renan-filho-lidera-intencoes-de-voto-para-o-governo-com-4125-diz-pesquisa-falpe\/#breadcrumb\",\"itemListElement\":[{\"@type\":\"ListItem\",\"position\":1,\"name\":\"In\u00edcio\",\"item\":\"https:\/\/maragoginews.com.br\/portal\/\"},{\"@type\":\"ListItem\",\"position\":2,\"name\":\"Renan Filho lidera inten\u00e7\u00f5es de voto para o governo com 41,25%, diz pesquisa Falpe\"}]},{\"@type\":\"WebSite\",\"@id\":\"https:\/\/maragoginews.com.br\/portal\/#website\",\"url\":\"https:\/\/maragoginews.com.br\/portal\/\",\"name\":\"Maragogi News\",\"description\":\"Portal de Not\u00edcias\",\"publisher\":{\"@id\":\"https:\/\/maragoginews.com.br\/portal\/#organization\"},\"potentialAction\":[{\"@type\":\"SearchAction\",\"target\":{\"@type\":\"EntryPoint\",\"urlTemplate\":\"https:\/\/maragoginews.com.br\/portal\/?s={search_term_string}\"},\"query-input\":{\"@type\":\"PropertyValueSpecification\",\"valueRequired\":true,\"valueName\":\"search_term_string\"}}],\"inLanguage\":\"pt-BR\"},{\"@type\":\"Organization\",\"@id\":\"https:\/\/maragoginews.com.br\/portal\/#organization\",\"name\":\"Maragogi News\",\"url\":\"https:\/\/maragoginews.com.br\/portal\/\",\"logo\":{\"@type\":\"ImageObject\",\"inLanguage\":\"pt-BR\",\"@id\":\"https:\/\/maragoginews.com.br\/portal\/#\/schema\/logo\/image\/\",\"url\":\"https:\/\/maragoginews.com.br\/portal\/wp-content\/uploads\/2020\/10\/mn.png\",\"contentUrl\":\"https:\/\/maragoginews.com.br\/portal\/wp-content\/uploads\/2020\/10\/mn.png\",\"width\":305,\"height\":50,\"caption\":\"Maragogi News\"},\"image\":{\"@id\":\"https:\/\/maragoginews.com.br\/portal\/#\/schema\/logo\/image\/\"}},{\"@type\":\"Person\",\"@id\":\"https:\/\/maragoginews.com.br\/portal\/#\/schema\/person\/a445323773becef66921958b9c97b6e1\",\"name\":\"Reda\u00e7\u00e3o\",\"image\":{\"@type\":\"ImageObject\",\"inLanguage\":\"pt-BR\",\"@id\":\"https:\/\/maragoginews.com.br\/portal\/#\/schema\/person\/image\/\",\"url\":\"https:\/\/maragoginews.com.br\/portal\/wp-content\/uploads\/2020\/12\/redacao.jpg\",\"contentUrl\":\"https:\/\/maragoginews.com.br\/portal\/wp-content\/uploads\/2020\/12\/redacao.jpg\",\"caption\":\"Reda\u00e7\u00e3o\"},\"sameAs\":[\"http:\/\/maragoginews.com.br\/\"],\"url\":\"https:\/\/maragoginews.com.br\/portal\/author\/redacao\/\"}]}<\/script>\n<!-- \/ Yoast SEO plugin. -->","yoast_head_json":{"title":"Renan Filho lidera inten\u00e7\u00f5es de voto para o governo com 41,25%, diz pesquisa Falpe - Maragogi News","robots":{"index":"index","follow":"follow","max-snippet":"max-snippet:-1","max-image-preview":"max-image-preview:large","max-video-preview":"max-video-preview:-1"},"canonical":"https:\/\/maragoginews.com.br\/portal\/noticias\/geral\/politica\/renan-filho-lidera-intencoes-de-voto-para-o-governo-com-4125-diz-pesquisa-falpe\/","og_locale":"pt_BR","og_type":"article","og_title":"Renan Filho lidera inten\u00e7\u00f5es de voto para o governo com 41,25%, diz pesquisa Falpe - Maragogi News","og_description":"Candidato do MDB aparece na primeira coloca\u00e7\u00e3o com quase quatro pontos percentuais de vantagem, seguido por JHC em segundo lugar com 37,50%","og_url":"https:\/\/maragoginews.com.br\/portal\/noticias\/geral\/politica\/renan-filho-lidera-intencoes-de-voto-para-o-governo-com-4125-diz-pesquisa-falpe\/","og_site_name":"Maragogi News","article_published_time":"2026-09-01T14:11:53+00:00","og_image":[{"width":853,"height":1280,"url":"https:\/\/maragoginews.com.br\/portal\/wp-content\/uploads\/2026\/09\/4e7a717e-a960-48d3-b24a-70caed4bc06d.jpg","type":"image\/jpeg"}],"author":"Reda\u00e7\u00e3o","twitter_card":"summary_large_image","twitter_misc":{"Escrito por":"Reda\u00e7\u00e3o","Est. tempo de leitura":"3 minutos"},"schema":{"@context":"https:\/\/schema.org","@graph":[{"@type":"Article","@id":"https:\/\/maragoginews.com.br\/portal\/noticias\/geral\/politica\/renan-filho-lidera-intencoes-de-voto-para-o-governo-com-4125-diz-pesquisa-falpe\/#article","isPartOf":{"@id":"https:\/\/maragoginews.com.br\/portal\/noticias\/geral\/politica\/renan-filho-lidera-intencoes-de-voto-para-o-governo-com-4125-diz-pesquisa-falpe\/"},"author":{"name":"Reda\u00e7\u00e3o","@id":"https:\/\/maragoginews.com.br\/portal\/#\/schema\/person\/a445323773becef66921958b9c97b6e1"},"headline":"Renan Filho lidera inten\u00e7\u00f5es de voto para o governo com 41,25%, diz pesquisa Falpe","datePublished":"2026-09-01T14:11:53+00:00","mainEntityOfPage":{"@id":"https:\/\/maragoginews.com.br\/portal\/noticias\/geral\/politica\/renan-filho-lidera-intencoes-de-voto-para-o-governo-com-4125-diz-pesquisa-falpe\/"},"wordCount":430,"commentCount":0,"publisher":{"@id":"https:\/\/maragoginews.com.br\/portal\/#organization"},"image":{"@id":"https:\/\/maragoginews.com.br\/portal\/noticias\/geral\/politica\/renan-filho-lidera-intencoes-de-voto-para-o-governo-com-4125-diz-pesquisa-falpe\/#primaryimage"},"thumbnailUrl":"https:\/\/maragoginews.com.br\/portal\/wp-content\/uploads\/2026\/09\/4e7a717e-a960-48d3-b24a-70caed4bc06d.jpg","articleSection":["Pol\u00edtica"],"inLanguage":"pt-BR","potentialAction":[{"@type":"CommentAction","name":"Comment","target":["https:\/\/maragoginews.com.br\/portal\/noticias\/geral\/politica\/renan-filho-lidera-intencoes-de-voto-para-o-governo-com-4125-diz-pesquisa-falpe\/#respond"]}]},{"@type":"WebPage","@id":"https:\/\/maragoginews.com.br\/portal\/noticias\/geral\/politica\/renan-filho-lidera-intencoes-de-voto-para-o-governo-com-4125-diz-pesquisa-falpe\/","url":"https:\/\/maragoginews.com.br\/portal\/noticias\/geral\/politica\/renan-filho-lidera-intencoes-de-voto-para-o-governo-com-4125-diz-pesquisa-falpe\/","name":"Renan Filho lidera inten\u00e7\u00f5es de voto para o governo com 41,25%, diz pesquisa Falpe - Maragogi News","isPartOf":{"@id":"https:\/\/maragoginews.com.br\/portal\/#website"},"primaryImageOfPage":{"@id":"https:\/\/maragoginews.com.br\/portal\/noticias\/geral\/politica\/renan-filho-lidera-intencoes-de-voto-para-o-governo-com-4125-diz-pesquisa-falpe\/#primaryimage"},"image":{"@id":"https:\/\/maragoginews.com.br\/portal\/noticias\/geral\/politica\/renan-filho-lidera-intencoes-de-voto-para-o-governo-com-4125-diz-pesquisa-falpe\/#primaryimage"},"thumbnailUrl":"https:\/\/maragoginews.com.br\/portal\/wp-content\/uploads\/2026\/09\/4e7a717e-a960-48d3-b24a-70caed4bc06d.jpg","datePublished":"2026-09-01T14:11:53+00:00","breadcrumb":{"@id":"https:\/\/maragoginews.com.br\/portal\/noticias\/geral\/politica\/renan-filho-lidera-intencoes-de-voto-para-o-governo-com-4125-diz-pesquisa-falpe\/#breadcrumb"},"inLanguage":"pt-BR","potentialAction":[{"@type":"ReadAction","target":["https:\/\/maragoginews.com.br\/portal\/noticias\/geral\/politica\/renan-filho-lidera-intencoes-de-voto-para-o-governo-com-4125-diz-pesquisa-falpe\/"]}]},{"@type":"ImageObject","inLanguage":"pt-BR","@id":"https:\/\/maragoginews.com.br\/portal\/noticias\/geral\/politica\/renan-filho-lidera-intencoes-de-voto-para-o-governo-com-4125-diz-pesquisa-falpe\/#primaryimage","url":"https:\/\/maragoginews.com.br\/portal\/wp-content\/uploads\/2026\/09\/4e7a717e-a960-48d3-b24a-70caed4bc06d.jpg","contentUrl":"https:\/\/maragoginews.com.br\/portal\/wp-content\/uploads\/2026\/09\/4e7a717e-a960-48d3-b24a-70caed4bc06d.jpg","width":853,"height":1280},{"@type":"BreadcrumbList","@id":"https:\/\/maragoginews.com.br\/portal\/noticias\/geral\/politica\/renan-filho-lidera-intencoes-de-voto-para-o-governo-com-4125-diz-pesquisa-falpe\/#breadcrumb","itemListElement":[{"@type":"ListItem","position":1,"name":"In\u00edcio","item":"https:\/\/maragoginews.com.br\/portal\/"},{"@type":"ListItem","position":2,"name":"Renan Filho lidera inten\u00e7\u00f5es de voto para o governo com 41,25%, diz pesquisa Falpe"}]},{"@type":"WebSite","@id":"https:\/\/maragoginews.com.br\/portal\/#website","url":"https:\/\/maragoginews.com.br\/portal\/","name":"Maragogi News","description":"Portal de Not\u00edcias","publisher":{"@id":"https:\/\/maragoginews.com.br\/portal\/#organization"},"potentialAction":[{"@type":"SearchAction","target":{"@type":"EntryPoint","urlTemplate":"https:\/\/maragoginews.com.br\/portal\/?s={search_term_string}"},"query-input":{"@type":"PropertyValueSpecification","valueRequired":true,"valueName":"search_term_string"}}],"inLanguage":"pt-BR"},{"@type":"Organization","@id":"https:\/\/maragoginews.com.br\/portal\/#organization","name":"Maragogi News","url":"https:\/\/maragoginews.com.br\/portal\/","logo":{"@type":"ImageObject","inLanguage":"pt-BR","@id":"https:\/\/maragoginews.com.br\/portal\/#\/schema\/logo\/image\/","url":"https:\/\/maragoginews.com.br\/portal\/wp-content\/uploads\/2020\/10\/mn.png","contentUrl":"https:\/\/maragoginews.com.br\/portal\/wp-content\/uploads\/2020\/10\/mn.png","width":305,"height":50,"caption":"Maragogi News"},"image":{"@id":"https:\/\/maragoginews.com.br\/portal\/#\/schema\/logo\/image\/"}},{"@type":"Person","@id":"https:\/\/maragoginews.com.br\/portal\/#\/schema\/person\/a445323773becef66921958b9c97b6e1","name":"Reda\u00e7\u00e3o","image":{"@type":"ImageObject","inLanguage":"pt-BR","@id":"https:\/\/maragoginews.com.br\/portal\/#\/schema\/person\/image\/","url":"https:\/\/maragoginews.com.br\/portal\/wp-content\/uploads\/2020\/12\/redacao.jpg","contentUrl":"https:\/\/maragoginews.com.br\/portal\/wp-content\/uploads\/2020\/12\/redacao.jpg","caption":"Reda\u00e7\u00e3o"},"sameAs":["http:\/\/maragoginews.com.br\/"],"url":"https:\/\/maragoginews.com.br\/portal\/author\/redacao\/"}]}},"_links":{"self":[{"href":"https:\/\/maragoginews.com.br\/portal\/wp-json\/wp\/v2\/posts\/26201","targetHints":{"allow":["GET"]}}],"collection":[{"href":"https:\/\/maragoginews.com.br\/portal\/wp-json\/wp\/v2\/posts"}],"about":[{"href":"https:\/\/maragoginews.com.br\/portal\/wp-json\/wp\/v2\/types\/post"}],"author":[{"embeddable":true,"href":"https:\/\/maragoginews.com.br\/portal\/wp-json\/wp\/v2\/users\/3"}],"replies":[{"embeddable":true,"href":"https:\/\/maragoginews.com.br\/portal\/wp-json\/wp\/v2\/comments?post=26201"}],"version-history":[{"count":1,"href":"https:\/\/maragoginews.com.br\/portal\/wp-json\/wp\/v2\/posts\/26201\/revisions"}],"predecessor-version":[{"id":26203,"href":"https:\/\/maragoginews.com.br\/portal\/wp-json\/wp\/v2\/posts\/26201\/revisions\/26203"}],"wp:featuredmedia":[{"embeddable":true,"href":"https:\/\/maragoginews.com.br\/portal\/wp-json\/wp\/v2\/media\/26202"}],"wp:attachment":[{"href":"https:\/\/maragoginews.com.br\/portal\/wp-json\/wp\/v2\/media?parent=26201"}],"wp:term":[{"taxonomy":"category","embeddable":true,"href":"https:\/\/maragoginews.com.br\/portal\/wp-json\/wp\/v2\/categories?post=26201"},{"taxonomy":"post_tag","embeddable":true,"href":"https:\/\/maragoginews.com.br\/portal\/wp-json\/wp\/v2\/tags?post=26201"}],"curies":[{"name":"wp","href":"https:\/\/api.w.org\/{rel}","templated":true}]}}